{"id":525998,"date":"2025-11-11T00:15:16","date_gmt":"2025-11-11T00:15:16","guid":{"rendered":"https:\/\/www.europesays.com\/fr\/525998\/"},"modified":"2025-11-11T00:15:16","modified_gmt":"2025-11-11T00:15:16","slug":"un-choix-du-bon-sens-et-du-coeur","status":"publish","type":"post","link":"https:\/\/www.europesays.com\/fr\/525998\/","title":{"rendered":"Un choix du bon sens et du coeur"},"content":{"rendered":"<p>            Par<br \/>\n        <strong><br \/>\n            <a href=\"https:\/\/actu.fr\/auteur\/jm-aubert\" title=\"Consulter tous les articles de Jean-Marc Aubert\" rel=\"nofollow noopener\" target=\"_blank\">Jean-Marc Aubert<\/a><br \/>\n        <\/strong><\/p>\n<p>        Publi\u00e9 le<\/p>\n<p>            10 nov. 2025 \u00e0 17h26<br \/>\n        ; mis \u00e0 jour le 10 nov. 2025 \u00e0 17h34    <\/p>\n<p>L\u2019abandon du choix du site du parc des expositions de Montpellier<strong>,<\/strong> dans la commune de <strong>P\u00e9rols<\/strong> pour la construction du <strong>nouveau stade de football du MHSC<\/strong> a fait couler beaucoup d\u2019encre ces derniers mois. D\u00e9sormais, on sait que le Stade de la Mosson sera r\u00e9nov\u00e9, comme l\u2019ont annonc\u00e9 r\u00e9cemment <strong>Micha\u00ebl Delafosse,<\/strong> maire et pr\u00e9sident de la M\u00e9tropole de Montpellier et <strong>Laurent Nicollin<\/strong>, pr\u00e9sident du club qui \u00e9volue cette saison ben ligue 2. Ils re\u00e7oivent l\u2019appui de <strong>Carole Delga <\/strong>qui n\u2019a pas pour habitude de rester\u00a0sur la touche. Mieux, elle a d\u00e9cid\u00e9 de chausser ses crampons.<\/p>\n<p>    <a href=\"https:\/\/www.google.com\/maps\/embed?pb=!1m18!1m12!1m3!1d4773.990085123067!2d3.809852028781617!3d43.6221585836761!2m3!1f0!2f0!3f0!3m2!1i1024!2i768!4f13.1!3m3!1m2!1s0x12b6ac3a9829522b%3A0x99e056199e3d006b!2sStade%20de%20la%20Mosson!5e0!3m2!1sfr!2sfr!4v1762790854789!5m2!1sfr!2sfr\" title=\"Ouvrie le lien\" rel=\"nofollow noopener\" target=\"_blank\">Cliquez ici pour visualiser le contenu<\/a><\/p>\n<p class=\" wall-content\">La pr\u00e9sidente -PS- de la R\u00e9gion\u00a0Occitanie \/ M\u00e9diterran\u00e9e\u00a0Pyr\u00e9n\u00e9es fait, en effet savoir ce lundi 10 novembre 2025 qu\u2019elle soutient la r\u00e9novation du Stade de la Mosson : \u00ab Le choix du bon sens et du c\u0153ur pour maintenir le club dans son ancrage historique, tout en lui donnant les moyens de se projeter vers l\u2019avenir\u00a0\u00bb<\/p>\n<p class=\" wall-content\">La semaine derni\u00e8re, la <strong>M\u00e9tropole de Montpellier<\/strong> a lanc\u00e9 la mission de programmation de la r\u00e9habilitation du stade de la Mosson. La pr\u00e9sidente de la R\u00e9gion Occitanie, Carole Delga, apporte son plein soutien au projet.<\/p>\n<p class=\" wall-content\">\u00ab Je salue la d\u00e9cision de Laurent Nicollin et de Michael Delafosse d\u2019engager la r\u00e9novation du stade de la Mosson. C\u2019est une d\u00e9cision de responsabilit\u00e9, de lucidit\u00e9 et d\u2019attachement \u00e0 Montpellier et \u00e0 la Paillade.\u00a0La R\u00e9gion a toujours \u00e9t\u00e9 aux c\u00f4t\u00e9s du MHSC. Nous avons accompagn\u00e9 le club dans toutes ses r\u00e9flexions, explor\u00e9 toutes les hypoth\u00e8ses possibles, \u00e9tudi\u00e9 tous les mod\u00e8les \u00e9conomiques. Aujourd\u2019hui, le constat est clair : il n\u2019existe pas de mod\u00e8le viable pour construire un nouveau stade. Mais cela ne signifie pas qu\u2019il ne faille rien faire, bien au contraire.\u00a0Au fond, j\u2019ai toujours \u00e9t\u00e9 convaincue que le MHSC avait un avenir ici, dans ce quartier populaire, fier et sportif qu\u2019est la Paillade. R\u00e9nover le stade de la Mosson, c\u2019est faire le choix du bon sens et du c\u0153ur : celui de maintenir le club dans son ancrage historique, tout en lui donnant les moyens de se projeter vers l\u2019avenir. Montpellier m\u00e9rite un \u00e9quipement de haut niveau \u00e0 la hauteur des ambitions du MHSC et des attentes des habitants \u00bb souligne Carole Delga.<\/p>\n<p>Vid\u00e9os : en ce moment sur Actu<\/p>\n<p class=\" wall-content\">Elle ajoute que, \u00ab\u00a0la R\u00e9gion est pleinement engag\u00e9e, aux c\u00f4t\u00e9s du projet ambitieux de Micha\u00ebl Delafosse, dans la transformation du quartier de la Paillade : r\u00e9novation de la piscine Neptune, requalification des espaces publics, valorisation des berges de la Mosson\u2026 Tout concourt \u00e0 redonner de l\u2019attractivit\u00e9 \u00e0 ce territoire qui conna\u00eet une v\u00e9ritable m\u00e9tamorphose. Le stade fait pleinement partie de cette renaissance. La R\u00e9gion sera au rendez-vous pour y contribuer, comme elle l\u2019a toujours \u00e9t\u00e9.\u00a0Le stade de la Mosson doit rester le c\u0153ur battant du football montpelli\u00e9rain, mais aussi un lieu de vie, d\u2019unit\u00e9 et d\u2019ambition pour toute la Paillade, pour Montpellier et sa r\u00e9gion. \u00bb<\/p>\n<p>Votre r\u00e9gion, votre actu !<\/p>\n<p>Recevez chaque jour les infos qui comptent pour vous.<\/p>\n<p>\t<a href=\"https:\/\/actu.fr\/newsletter\" class=\"ac-btn ac-btn--corner ac-btn--medium ac-btn--blue800\" rel=\"nofollow noopener\" target=\"_blank\">S&rsquo;incrire<\/a><\/p>\n<p class=\" wall-content\">Reste \u00e0 savoir \u00e0 quel horizon les footballeurs montpelli\u00e9rains pourront prendre possession des infrastructures modernis\u00e9es. Entre-temps, le club aura t-il retrouv\u00e9 la ligue 1 ?<\/p>\n<p class=\" wall-content\">Personnalisez votre actualit\u00e9 en ajoutant vos villes et m\u00e9dias en favori avec <a href=\"https:\/\/moncompte.actu.fr\" title=\"D\u00e9couvez Mon Actu\" rel=\"nofollow noopener\" data-trk=\"{&quot;cta&quot;:{&quot;action&quot;:&quot;https:\\\/\\\/moncompte.actu.fr&quot;,&quot;category&quot;:&quot;mon compte&quot;,&quot;from&quot;:&quot;article footer&quot;,&quot;name&quot;:&quot;Mon actu&quot;,&quot;type&quot;:&quot;cta&quot;}}\" target=\"_blank\">Mon Actu<\/a>.<\/p>\n","protected":false},"excerpt":{"rendered":"Par Jean-Marc Aubert Publi\u00e9 le 10 nov. 2025 \u00e0 17h26 ; mis \u00e0 jour le 10 nov. 2025&hellip;\n","protected":false},"author":2,"featured_media":525999,"comment_status":"","ping_status":"","sticky":false,"template":"","format":"standard","meta":{"footnotes":""},"categories":[9599],"tags":[1111,11,1777,674,1011,27,463,2208,12,2680,25,104],"class_list":{"0":"post-525998","1":"post","2":"type-post","3":"status-publish","4":"format-standard","5":"has-post-thumbnail","7":"category-montpellier","8":"tag-actu","9":"tag-actualites","10":"tag-eu","11":"tag-europe","12":"tag-fr","13":"tag-france","14":"tag-mhsc","15":"tag-montpellier","16":"tag-news","17":"tag-occitanie","18":"tag-republique-francaise","19":"tag-societe"},"share_on_mastodon":{"url":"https:\/\/pubeurope.com\/@fr\/115528186134231152","error":""},"_links":{"self":[{"href":"https:\/\/www.europesays.com\/fr\/wp-json\/wp\/v2\/posts\/525998","targetHints":{"allow":["GET"]}}],"collection":[{"href":"https:\/\/www.europesays.com\/fr\/wp-json\/wp\/v2\/posts"}],"about":[{"href":"https:\/\/www.europesays.com\/fr\/wp-json\/wp\/v2\/types\/post"}],"author":[{"embeddable":true,"href":"https:\/\/www.europesays.com\/fr\/wp-json\/wp\/v2\/users\/2"}],"replies":[{"embeddable":true,"href":"https:\/\/www.europesays.com\/fr\/wp-json\/wp\/v2\/comments?post=525998"}],"version-history":[{"count":0,"href":"https:\/\/www.europesays.com\/fr\/wp-json\/wp\/v2\/posts\/525998\/revisions"}],"wp:featuredmedia":[{"embeddable":true,"href":"https:\/\/www.europesays.com\/fr\/wp-json\/wp\/v2\/media\/525999"}],"wp:attachment":[{"href":"https:\/\/www.europesays.com\/fr\/wp-json\/wp\/v2\/media?parent=525998"}],"wp:term":[{"taxonomy":"category","embeddable":true,"href":"https:\/\/www.europesays.com\/fr\/wp-json\/wp\/v2\/categories?post=525998"},{"taxonomy":"post_tag","embeddable":true,"href":"https:\/\/www.europesays.com\/fr\/wp-json\/wp\/v2\/tags?post=525998"}],"curies":[{"name":"wp","href":"https:\/\/api.w.org\/{rel}","templated":true}]}}