{"id":526009,"date":"2025-11-11T00:22:16","date_gmt":"2025-11-11T00:22:16","guid":{"rendered":"https:\/\/www.europesays.com\/fr\/526009\/"},"modified":"2025-11-11T00:22:16","modified_gmt":"2025-11-11T00:22:16","slug":"schiltigheim-trois-lieux-15-auteurs-expos-ateliers-schilick-on-carnet-cest-tout-un-programme","status":"publish","type":"post","link":"https:\/\/www.europesays.com\/fr\/526009\/","title":{"rendered":"Schiltigheim. Trois lieux, 15 auteurs, expos, ateliers&#8230; Schilick on carnet, c\u2019est tout un programme"},"content":{"rendered":"<p>Ce contenu est bloqu\u00e9 car vous n&rsquo;avez pas accept\u00e9 les cookies et autres traceurs.<\/p>\n<p>En cliquant sur \u00ab J\u2019accepte \u00bb, les cookies et autres traceurs seront d\u00e9pos\u00e9s et vous pourrez visualiser les contenus  (<a href=\"\" class=\"consentModule_policy\" target=\"_blank\" title=\"Consulter la politique de protection des donn\u00e9es du fournisseur\">plus d&rsquo;informations<\/a>).<\/p>\n<p>En cliquant sur \u00ab J\u2019accepte tous les cookies \u00bb, vous autorisez des d\u00e9p\u00f4ts de cookies et autres traceurs pour le stockage de vos donn\u00e9es sur nos sites et applications \u00e0 des fins de personnalisation et de ciblage publicitaire.<\/p>\n<p class=\"consentModule_secondaryText\">Vous gardez la possibilit\u00e9 de retirer votre consentement \u00e0 tout moment en consultant notre <a href=\"https:\/\/www.dna.fr\/protection-des-donnees\" target=\"_blank\" title=\"Consulter notre politique de protection des donn\u00e9es\" rel=\"noopener\">politique de protection des donn\u00e9es<\/a>. <br \/>&#13;<br \/>\n            <a href=\"https:\/\/www.dna.fr\/culture-loisirs\/2025\/11\/10\/javascript:Didomi.notice.show()\" class=\"consentModule_cmp\" target=\"_blank\" rel=\"noopener\">G\u00e9rer mes choix<\/a>&#13;\n        <\/p>\n<p>&#13;<br \/>\n                        J&rsquo;accepte&#13;<br \/>\n            J&rsquo;accepte tous les cookies&#13;\n        <\/p>\n<p>  A la rencontre du public<\/p>\n<p>\u00c0 La Briqueterie, des ateliers cr\u00e9atifs et des animations sont propos\u00e9s d\u00e8s 2 ans\u00a0: lectures, jeux, d\u00e9couvertes graphiques, fresque collective, initiation \u00e0 la BD, fabrication d\u2019encres v\u00e9g\u00e9tales et reliure.<\/p>\n<p>Les rencontres avec les artistes et les maisons d\u2019\u00e9dition rythmeront le week-end. La librairie Totem, partenaire historique de Schilick on Carnet, sera pr\u00e9sente pour accompagner les visiteurs et vendre des ouvrages.<\/p>\n<p>Vous pourrez d\u00e9couvrir les premiers projets r\u00e9alis\u00e9s en ce d\u00e9but d\u2019ann\u00e9e aux ateliers d\u2019arts plastiques dirig\u00e9s par Juliette Boulard \u00e0 l\u2019\u00c9cole des arts. L\u2019exposition \u201cFacile \u00e0 lire \u2013 Facile \u00e0 illustrer\u00a0\u201d mettra \u00e0 l\u2019honneur les travaux des r\u00e9sidents de l\u2019Apedi-SAJH et des stagiaires des cours de fran\u00e7ais langue \u00e9trang\u00e8re au CSF Victor Hugo dans la cr\u00e9ation d\u2019un livre illustr\u00e9.<\/p>\n<p>Ce contenu est bloqu\u00e9 car vous n&rsquo;avez pas accept\u00e9 les cookies et autres traceurs.<\/p>\n<p>En cliquant sur \u00ab J\u2019accepte \u00bb, les cookies et autres traceurs seront d\u00e9pos\u00e9s et vous pourrez visualiser les contenus  (<a href=\"\" class=\"consentModule_policy\" target=\"_blank\" title=\"Consulter la politique de protection des donn\u00e9es du fournisseur\">plus d&rsquo;informations<\/a>).<\/p>\n<p>En cliquant sur \u00ab J\u2019accepte tous les cookies \u00bb, vous autorisez des d\u00e9p\u00f4ts de cookies et autres traceurs pour le stockage de vos donn\u00e9es sur nos sites et applications \u00e0 des fins de personnalisation et de ciblage publicitaire.<\/p>\n<p class=\"consentModule_secondaryText\">Vous gardez la possibilit\u00e9 de retirer votre consentement \u00e0 tout moment en consultant notre <a href=\"https:\/\/www.dna.fr\/protection-des-donnees\" target=\"_blank\" title=\"Consulter notre politique de protection des donn\u00e9es\" rel=\"noopener\">politique de protection des donn\u00e9es<\/a>. <br \/>&#13;<br \/>\n            <a href=\"https:\/\/www.dna.fr\/culture-loisirs\/2025\/11\/10\/javascript:Didomi.notice.show()\" class=\"consentModule_cmp\" target=\"_blank\" rel=\"noopener\">G\u00e9rer mes choix<\/a>&#13;\n        <\/p>\n<p>&#13;<br \/>\n                        J&rsquo;accepte&#13;<br \/>\n            J&rsquo;accepte tous les cookies&#13;\n        <\/p>\n<p>Au Brassin, 38, rue de Vendenheim, le spectacle jeune public \u201cL\u2019Amie\u00a0\u201d, par La Soupe Compagnie, sera jou\u00e9 samedi et dimanche \u00e0 9\u00a0h\u00a030, 11\u00a0h et 15\u00a0h et est la seule activit\u00e9 payante du festival. Ce spectacle de marionnettes et d\u2019ombres est accessible d\u00e8s 2 ans. Les tarifs vont de 7 \u00e0 10\u00a0euros selon l\u2019\u00e2ge. \u201cFor\u00eat de R\u00eaves\u00a0\u201d exposera \u00e0 ciel ouvert les r\u00eaves de 14 habitants mis en images par sept illustrateurs et illustratrices suite \u00e0 un travail au c\u0153ur du quartier des \u00c9crivains.<\/p>\n<p>  M\u00e9diath\u00e8que ouverte dimanche 16 novembre<\/p>\n<p>Le festival s\u2019\u00e9tend aussi dans les \u00e9coles <a href=\"https:\/\/www.dna.fr\/culture-loisirs\/2025\/11\/03\/schilick-on-carnet-un-debat-et-un-atelier-en-avant-premiere-a-la-mediatheque-frida-kahlo\" target=\"_blank\" rel=\"noopener\">et \u00e0 la m\u00e9diath\u00e8que Frida-Kahlo<\/a> , avec des ateliers et une journ\u00e9e pour les professionnels de la lecture publique et de l\u2019adolescence, ainsi qu\u2019une initiation \u00e0 la BD avec l\u2019illustrateur strasbourgeois Benjamin Strickler. Dimanche\u00a016 novembre, la m\u00e9diath\u00e8que sera exceptionnellement ouverte de 14 \u00e0 18\u00a0h pour un atelier \u201cDes histoires de kamishiba\u00ef\u00a0\u201d.<\/p>\n<p>L\u2019accessibilit\u00e9 est au c\u0153ur du projet de ce festival\u00a0: ateliers adapt\u00e9s, lectures sign\u00e9es et pictogrammes handicap sont pr\u00e9vus. Schilick on carnet, c\u2019est un rendez-vous pour tous les amoureux du livre et de l\u2019illustration, un moment de partage et de d\u00e9couverte au c\u0153ur de la ville.<\/p>\n<p>Ce contenu est bloqu\u00e9 car vous n&rsquo;avez pas accept\u00e9 les cookies et autres traceurs.<\/p>\n<p>En cliquant sur \u00ab J\u2019accepte \u00bb, les cookies et autres traceurs seront d\u00e9pos\u00e9s et vous pourrez visualiser les contenus  (<a href=\"\" class=\"consentModule_policy\" target=\"_blank\" title=\"Consulter la politique de protection des donn\u00e9es du fournisseur\">plus d&rsquo;informations<\/a>).<\/p>\n<p>En cliquant sur \u00ab J\u2019accepte tous les cookies \u00bb, vous autorisez des d\u00e9p\u00f4ts de cookies et autres traceurs pour le stockage de vos donn\u00e9es sur nos sites et applications \u00e0 des fins de personnalisation et de ciblage publicitaire.<\/p>\n<p class=\"consentModule_secondaryText\">Vous gardez la possibilit\u00e9 de retirer votre consentement \u00e0 tout moment en consultant notre <a href=\"https:\/\/www.dna.fr\/protection-des-donnees\" target=\"_blank\" title=\"Consulter notre politique de protection des donn\u00e9es\" rel=\"noopener\">politique de protection des donn\u00e9es<\/a>. <br \/>&#13;<br \/>\n            <a href=\"https:\/\/www.dna.fr\/culture-loisirs\/2025\/11\/10\/javascript:Didomi.notice.show()\" class=\"consentModule_cmp\" target=\"_blank\" rel=\"noopener\">G\u00e9rer mes choix<\/a>&#13;\n        <\/p>\n<p>&#13;<br \/>\n                        J&rsquo;accepte&#13;<br \/>\n            J&rsquo;accepte tous les cookies&#13;\n        <\/p>\n<p class=\"note\">Pour r\u00e9server ses places pour le spectacle jeune public \u00ab\u00a0L\u2019Amie\u00a0\u00bb\u00a0: https:\/\/www.ville-schiltigheim.fr\/agenda\/lamie-spectacle-enfants-marionnettes-brassin-schiltigheim\/<\/p>\n<p class=\"insetTitle\">Des auteurs \u00e0 foison<\/p>\n<p>Les illustratrices et illustrateurs pr\u00e9sents \u00e0 Schilick on Carnet: Barroux, Maud Begon, Enzo Berkati, Dieter Braun, Tony Concrete, Marie Dorl\u00e9ans; Julie Escoriza, Elsa Fouquier, Ilya Green, Laura Kientzler, Adrien Parlange, Anne Percin (auteure), Fr\u00e9d\u00e9ric Pillot, L\u00e9o Righini-Fleur et David Sala.<\/p>\n","protected":false},"excerpt":{"rendered":"Ce contenu est bloqu\u00e9 car vous n&rsquo;avez pas accept\u00e9 les cookies et autres traceurs. En cliquant sur \u00ab&hellip;\n","protected":false},"author":2,"featured_media":526010,"comment_status":"","ping_status":"","sticky":false,"template":"","format":"standard","meta":{"footnotes":""},"categories":[2820],"tags":[1111,11,1687,2880,1777,674,107,1011,27,775,2410,12,25,5512,640,3265],"class_list":{"0":"post-526009","1":"post","2":"type-post","3":"status-publish","4":"format-standard","5":"has-post-thumbnail","7":"category-strasbourg","8":"tag-actu","9":"tag-actualites","10":"tag-culture-loisirs","11":"tag-edition-strasbourg","12":"tag-eu","13":"tag-europe","14":"tag-fil-info","15":"tag-fr","16":"tag-france","17":"tag-grand-est","18":"tag-livres-bd","19":"tag-news","20":"tag-republique-francaise","21":"tag-schiltigheim","22":"tag-strasbourg","23":"tag-strasbourg-nord"},"share_on_mastodon":{"url":"https:\/\/pubeurope.com\/@fr\/115528213694390261","error":""},"_links":{"self":[{"href":"https:\/\/www.europesays.com\/fr\/wp-json\/wp\/v2\/posts\/526009","targetHints":{"allow":["GET"]}}],"collection":[{"href":"https:\/\/www.europesays.com\/fr\/wp-json\/wp\/v2\/posts"}],"about":[{"href":"https:\/\/www.europesays.com\/fr\/wp-json\/wp\/v2\/types\/post"}],"author":[{"embeddable":true,"href":"https:\/\/www.europesays.com\/fr\/wp-json\/wp\/v2\/users\/2"}],"replies":[{"embeddable":true,"href":"https:\/\/www.europesays.com\/fr\/wp-json\/wp\/v2\/comments?post=526009"}],"version-history":[{"count":0,"href":"https:\/\/www.europesays.com\/fr\/wp-json\/wp\/v2\/posts\/526009\/revisions"}],"wp:featuredmedia":[{"embeddable":true,"href":"https:\/\/www.europesays.com\/fr\/wp-json\/wp\/v2\/media\/526010"}],"wp:attachment":[{"href":"https:\/\/www.europesays.com\/fr\/wp-json\/wp\/v2\/media?parent=526009"}],"wp:term":[{"taxonomy":"category","embeddable":true,"href":"https:\/\/www.europesays.com\/fr\/wp-json\/wp\/v2\/categories?post=526009"},{"taxonomy":"post_tag","embeddable":true,"href":"https:\/\/www.europesays.com\/fr\/wp-json\/wp\/v2\/tags?post=526009"}],"curies":[{"name":"wp","href":"https:\/\/api.w.org\/{rel}","templated":true}]}}