{"id":526025,"date":"2025-11-11T00:30:18","date_gmt":"2025-11-11T00:30:18","guid":{"rendered":"https:\/\/www.europesays.com\/fr\/526025\/"},"modified":"2025-11-11T00:30:18","modified_gmt":"2025-11-11T00:30:18","slug":"lattentisme-du-principal-et-du-rectorat","status":"publish","type":"post","link":"https:\/\/www.europesays.com\/fr\/526025\/","title":{"rendered":"l&rsquo;attentisme du principal et du rectorat"},"content":{"rendered":"<p>L\u2019heure n\u2019est pas \u00e0 la remise en cause au coll\u00e8ge Marengo. Lors du dernier conseil d\u2019administration, le lendemain de la publication du <a href=\"https:\/\/www.mediacites.fr\/enquete\/toulouse\/2025\/11\/03\/le-college-marengo-de-toulouse-gangrene-par-la-violence\/\" target=\"_blank\" rel=\"noopener\">premier volet de notre enqu\u00eate<\/a>, l\u2019\u00e9quipe de direction de l\u2019\u00e9tablissement se serait content\u00e9e de mettre en avant \u00ab\u202fce qui va\u202f\u00bb dans le coll\u00e8ge, et ses initiatives pour lutter contre les violences et le harc\u00e8lement, sans pour autant les pr\u00e9ciser toujours.\u00a0<\/p>\n<p>Sa gestion des violences est pourtant clairement contest\u00e9e en interne depuis au moins 2023. Dans un courrier adress\u00e9 le 15 mai dernier au principal Jos\u00e9 Moreno, le personnel faisait m\u00eame \u00ab\u202fle constat que la situation empire\u202f\u00bb. En cause\u00a0: un manque d\u2019\u00e9coute et la non\u2010prise au s\u00e9rieux des probl\u00e8mes, qui impactent, selon eux, la gestion courante de cet \u00e9tablissement de 350 \u00e9l\u00e8ves, pourtant pas particuli\u00e8rement d\u00e9favoris\u00e9 [Voir encadr\u00e9 plus\u00a0bas].<\/p>\n<p>\u00ab\u202fLa violence s\u2019installe, car le principal n\u2019assure pas la gestion du coll\u00e8ge, confirme Sabrina Roche, la co\u2010secr\u00e9taire de la CGT \u00c9ducation 31, qui suit le dossier. S\u2019il y a des violences, elles ne peuvent qu\u2019augmenter, car il n\u2019y a pas de limites. Les coll\u00e8gues ne se sentent pas prot\u00e9g\u00e9s\u202f\u00bb.<\/p>\n<p>L\u2019exemple de Stefen*, <a href=\"https:\/\/www.mediacites.fr\/enquete\/toulouse\/2025\/11\/03\/le-college-marengo-de-toulouse-gangrene-par-la-violence\/\" target=\"_blank\" rel=\"noopener\">un \u00e9l\u00e8ve harcel\u00e9 pendant trois ans dans l\u2019\u00e9tablissement<\/a>, illustre les d\u00e9faillances au sein de l\u2019\u00e9tablissement. Selon Yolanda, la m\u00e8re du gar\u00e7on, le principal auteur des coups visant son fils n\u2019a jamais \u00e9t\u00e9 convoqu\u00e9 \u00e0 un seul conseil de discipline ni m\u00eame \u00e9t\u00e9 sanctionn\u00e9. \u00c0 ses yeux, le principal aurait minimis\u00e9 les violences subies. \u00ab\u202fJ\u2019ai toujours essay\u00e9 d\u2019instaurer le dialogue avec M. Moreno mais il \u00e9tait imperm\u00e9able quand il nous recevait. Il m\u2019a parl\u00e9 de boutades d\u2019enfants\u202f\u00bb, t\u00e9moigne\u2010t\u2010elle. Contact\u00e9, le principal n\u2019a pas donn\u00e9 suite \u00e0 nos questions.\u00a0<\/p>\n<p>D\u2019autres encadrants n\u2019auraient pas non plus jou\u00e9 leur r\u00f4le, selon cette m\u00e8re d\u2019\u00e9l\u00e8ve. Repr\u00e9sentante des parents d\u2019\u00e9l\u00e8ve pendant jusqu\u2019\u00e0 septembre 2024, elle raconte avoir \u00e9t\u00e9 t\u00e9moin d\u2019une bagarre entre \u00e9l\u00e8ves dans la cour de l\u2019\u00e9tablissement. \u00ab\u202fApr\u00e8s les avoir s\u00e9par\u00e9s, je suis all\u00e9e pr\u00e9venir la conseill\u00e8re principale d\u2019\u00e9ducation (CPE) dans son bureau. Elle m\u2019a ignor\u00e9e\u202f\u00bb, d\u00e9plore\u2010t\u2010elle.<\/p>\n<p>\u00ab\u202fL\u2019administration fait l\u2019autruche. Les professeurs sont d\u00e9bord\u00e9s. 300 adultes en devenir, sans surveillance et sans contr\u00f4le, c\u2019est lourd de cons\u00e9quences\u202f\u00bb, d\u00e9nonce celle, qui \u2013 de guerre lasse \u2013 a finalement chang\u00e9 son fils d\u2019\u00e9tablissement\u2026 pour le scolariser dans le\u00a0priv\u00e9.<\/p>\n<p>T\u00e9moin de la mont\u00e9e en fl\u00e8che du nombre de bagarres l\u2019an dernier, \u00c9douard* confirme, lui aussi, les manquements du coll\u00e8ge face aux mauvais comportements des \u00e9l\u00e8ves. \u00ab\u202fOn n\u2019avait aucun soutien de la CPE, qui \u00e9tait souvent occup\u00e9e. Normalement, un principal re\u00e7oit les protagonistes d\u2019une bagarre, appelle les parents et pose des sanctions. Mais \u00e0 Marengo, les violences restaient souvent sans cons\u00e9quence. Les \u00e9l\u00e8ves savaient qu\u2019ils faisaient ce qu\u2019ils voulaient\u202f\u00bb, t\u00e9moigne l\u2019ancien surveillant.<br \/>Le rectorat alert\u00e9 d\u00e8s janvier 2025<br \/>Les remises en cause de Jos\u00e9 Moreno, en place depuis la rentr\u00e9e 2022, sont largement document\u00e9es. En d\u00e9cembre 2024, les personnels d\u2019\u00e9ducation et d\u2019enseignement d\u00e9cident de l\u2019alerter en marge d\u2019une r\u00e9union. D\u00e9non\u00e7ant les \u00ab\u202fdysfonctionnements qui perturbent la vie de l\u2019\u00e9tablissement\u202f\u00bb, mais\u00a0aussi\u00a0\u2026<\/p>\n<p>Nous vous offrons l\u2019acc\u00e8s \u00e0 cet article<\/p>\n<p>Et \u00e0 toutes nos enqu\u00eates pendant deux jours\u00a0\u00a0! <br \/>Oui, on est g\u00e9n\u00e9reux \ud83d\ude09 Mais pensez aussi \u00e0 <a href=\"https:\/\/www.mediacites.fr\/sabonner\/\" target=\"_blank\" style=\"color:#fff\" rel=\"noopener\">vous abonner<\/a>\u00a0\u00a0!<\/p>\n<p>\t\tEn renseignant votre adresse, vous acceptez nos <a href=\"https:\/\/www.mediacites.fr\/conditions-generales-d-utilisation\/\" target=\"_blank\" rel=\"noopener\">conditions g\u00e9n\u00e9rales d\u2019utilisation<\/a>. <br \/>Mediacit\u00e9s s\u2019engage \u00e0 ne pas c\u00e9der votre adresse \u00e0 des tiers. En cas d\u2019\u00e9chec, \u00e9crivez \u00e0 <a href=\"https:\/\/www.mediacites.fr\/enquete\/toulouse\/2025\/11\/10\/violences-a-marengo-le-principal-du-college-et-le-rectorat-mis-en-cause-pour-leur-attentisme\/mailto:contact@mediacites.fr\" target=\"_blank\" rel=\"noopener\">contact@mediacites.fr<\/a><\/p>\n<ul>\n<li>J\u2019acc\u00e8de aux 4 \u00e9ditions de Mediacit\u00e9s (Lille, Lyon, Nantes et Toulouse)<\/li>\n<li>Je d\u00e9couvre un m\u00e9dia 100 % ind\u00e9pendant, avec 0 % de publicit\u00e9<\/li>\n<\/ul>\n<p>Envie de lire la\u00a0suite\u202f?<\/p>\n<p>Depuis neuf ans, Mediacit\u00e9s enqu\u00eate en toute ind\u00e9pendance dans votre ville. Gr\u00e2ce \u00e0 ses lecteurs\u202f! Abonnez\u2010vous pour ne rien manquer de nos enqu\u00eates, suivre les \u00e9lections municipales et soutenir un journal local d\u2019investigation.<\/p>\n<ul>\n<li>Acc\u00e8s aux 4 \u00e9ditions de Mediacit\u00e9s (Lille, Lyon, Nantes et Toulouse)<\/li>\n<li>100 % ind\u00e9pendant, avec 0 % de publicit\u00e9<\/li>\n<li>R\u00e9siliation facile \u00e0 tout moment<\/li>\n<\/ul>\n<p>Mediacit\u00e9s offre l\u2019acc\u00e8s \u00e0 cet article aux lecteurs de News2Com<\/p>\n<p>Et \u00e0 toutes nos enqu\u00eates pendant deux jours\u00a0\u00a0! <br \/>Oui, on est g\u00e9n\u00e9reux \ud83d\ude09 Mais pensez aussi \u00e0 <a href=\"https:\/\/www.mediacites.fr\/sabonner\/\" target=\"_blank\" style=\"color:#fff\" rel=\"noopener\">vous abonner<\/a>\u00a0\u00a0!<\/p>\n<p>\t\tEn renseignant votre adresse, vous acceptez nos <a href=\"https:\/\/www.mediacites.fr\/conditions-generales-d-utilisation\/\" target=\"_blank\" rel=\"noopener\">conditions g\u00e9n\u00e9rales d\u2019utilisation<\/a>. <br \/>Mediacit\u00e9s s\u2019engage \u00e0 ne pas c\u00e9der votre adresse \u00e0 des tiers. En cas d\u2019\u00e9chec, \u00e9crivez \u00e0 <a href=\"https:\/\/www.mediacites.fr\/enquete\/toulouse\/2025\/11\/10\/violences-a-marengo-le-principal-du-college-et-le-rectorat-mis-en-cause-pour-leur-attentisme\/mailto:contact@mediacites.fr\" target=\"_blank\" rel=\"noopener\">contact@mediacites.fr<\/a><\/p>\n<ul>\n<li>J\u2019acc\u00e8de aux 4 \u00e9ditions de Mediacit\u00e9s (Lille, Lyon, Nantes et Toulouse)<\/li>\n<li>Je d\u00e9couvre un m\u00e9dia 100 % ind\u00e9pendant, avec 0 % de publicit\u00e9<\/li>\n<\/ul>\n","protected":false},"excerpt":{"rendered":"L\u2019heure n\u2019est pas \u00e0 la remise en cause au coll\u00e8ge Marengo. Lors du dernier conseil d\u2019administration, le lendemain&hellip;\n","protected":false},"author":2,"featured_media":526026,"comment_status":"","ping_status":"","sticky":false,"template":"","format":"standard","meta":{"footnotes":""},"categories":[2816],"tags":[1111,11,64554,1057,1067,1777,674,1011,27,12,2680,25,2312,2949,32279,799],"class_list":{"0":"post-526025","1":"post","2":"type-post","3":"status-publish","4":"format-standard","5":"has-post-thumbnail","7":"category-toulouse","8":"tag-actu","9":"tag-actualites","10":"tag-college-marengo","11":"tag-education","12":"tag-enquete","13":"tag-eu","14":"tag-europe","15":"tag-fr","16":"tag-france","17":"tag-news","18":"tag-occitanie","19":"tag-republique-francaise","20":"tag-toulouse","21":"tag-violences","22":"tag-violences-sexistes","23":"tag-violences-sexuelles"},"share_on_mastodon":{"url":"https:\/\/pubeurope.com\/@fr\/115528245234531339","error":""},"_links":{"self":[{"href":"https:\/\/www.europesays.com\/fr\/wp-json\/wp\/v2\/posts\/526025","targetHints":{"allow":["GET"]}}],"collection":[{"href":"https:\/\/www.europesays.com\/fr\/wp-json\/wp\/v2\/posts"}],"about":[{"href":"https:\/\/www.europesays.com\/fr\/wp-json\/wp\/v2\/types\/post"}],"author":[{"embeddable":true,"href":"https:\/\/www.europesays.com\/fr\/wp-json\/wp\/v2\/users\/2"}],"replies":[{"embeddable":true,"href":"https:\/\/www.europesays.com\/fr\/wp-json\/wp\/v2\/comments?post=526025"}],"version-history":[{"count":0,"href":"https:\/\/www.europesays.com\/fr\/wp-json\/wp\/v2\/posts\/526025\/revisions"}],"wp:featuredmedia":[{"embeddable":true,"href":"https:\/\/www.europesays.com\/fr\/wp-json\/wp\/v2\/media\/526026"}],"wp:attachment":[{"href":"https:\/\/www.europesays.com\/fr\/wp-json\/wp\/v2\/media?parent=526025"}],"wp:term":[{"taxonomy":"category","embeddable":true,"href":"https:\/\/www.europesays.com\/fr\/wp-json\/wp\/v2\/categories?post=526025"},{"taxonomy":"post_tag","embeddable":true,"href":"https:\/\/www.europesays.com\/fr\/wp-json\/wp\/v2\/tags?post=526025"}],"curies":[{"name":"wp","href":"https:\/\/api.w.org\/{rel}","templated":true}]}}