{"id":526028,"date":"2025-11-11T00:32:26","date_gmt":"2025-11-11T00:32:26","guid":{"rendered":"https:\/\/www.europesays.com\/fr\/526028\/"},"modified":"2025-11-11T00:32:26","modified_gmt":"2025-11-11T00:32:26","slug":"lex-prefet-du-nord-georges%e2%80%90francois-leclerc-sinstalle-a-lelysee-comme-directeur-de-cabinet-demmanuel-macron","status":"publish","type":"post","link":"https:\/\/www.europesays.com\/fr\/526028\/","title":{"rendered":"L\u2019ex-pr\u00e9fet du Nord Georges\u2010Fran\u00e7ois Leclerc s\u2019installe \u00e0 l\u2019Elys\u00e9e comme directeur de cabinet d\u2019Emmanuel Macron"},"content":{"rendered":"<p><b>Le haut fonctionnaire s\u2019\u00e9tait fait conna\u00eetre pour sa poigne et son combat contre l\u2019islamisme. Son ascension jusqu\u2019au sommet de l\u2019Etat d\u00e9voile un homme au profil plus politique que la plupart des pr\u00e9fets, qui a su cultiver ses relations pour devenir incontournable. &#13;<br \/>\n<\/b><\/p>\n<p>C\u2019est une figure bien connue des Nordistes qui d\u00e9barque au cabinet d\u2019Emmanuel Macron. L\u2019ancien pr\u00e9fet du Nord, Georges\u2010Fran\u00e7ois Leclerc <a href=\"https:\/\/www.legifrance.gouv.fr\/jorf\/id\/JORFTEXT000052466788\" target=\"_blank\" rel=\"noopener\">vient d\u2019\u00eatre nomm\u00e9 directeur de cabinet<\/a> du pr\u00e9sident de la R\u00e9publique. Habitu\u00e9 \u00e0 poser ses valises par intermittence entre les cabinets minist\u00e9riels et les pr\u00e9fectures, il avait quitt\u00e9 les Hauts\u2010de\u2010France en 2024 pour rejoindre le cabinet de la ministre Catherine Vautrin, avant de devenir pr\u00e9fet de la r\u00e9gion Provence\u2010Alpes\u2010C\u00f4te d\u2019Azur en janvier. Fonction qu\u2019il \u00e9tait parvenu \u00e0 cumuler avec celle de pr\u00e9fet de police, mettant fin \u00e0 la s\u00e9paration des deux r\u00f4les d\u00e9cid\u00e9e en\u00a02012.<\/p>\n<p>Georges\u2010Fran\u00e7ois Leclerc devient ainsi, \u00e0 59 ans, troisi\u00e8me personnalit\u00e9 dans la hi\u00e9rarchie de l\u2019Elys\u00e9e, o\u00f9 il va occuper le poste tr\u00e8s strat\u00e9gique de charg\u00e9 d\u2019organisation et de la logistique du Pr\u00e9sident. Derri\u00e8re le secr\u00e9taire g\u00e9n\u00e9ral de l\u2019Elys\u00e9e, poste cl\u00e9 qu\u2019a longtemps occup\u00e9 Alexis Kohler avant d\u2019\u00eatre remplac\u00e9 par Emmanuel Moulin, le directeur de cabinet est plut\u00f4t une sorte d\u2019assistant du quotidien. Un lot de consolation pour celui qui r\u00eavait, apr\u00e8s la nomination de Laurent Nu\u00f1ez comme ministre de l\u2019Int\u00e9rieur, de devenir pr\u00e9fet de police de Paris. On lui a finalement pr\u00e9f\u00e9r\u00e9 Patrice Faure, qu\u2019il remplace d\u00e9sormais aupr\u00e8s d\u2019Emmanuel Macron. Sacr\u00e9es chaises musicales.<br \/>D\u00e9savou\u00e9 dans sa gestion de l\u2019affaire Averro\u00e8s<br \/>Son passage dans le Nord, entre 2021 et 2024 avait \u00e9t\u00e9 marqu\u00e9 par l\u2019expulsion de l\u2019imam denaisien\u00a0<\/p>\n<p>Nous vous offrons l\u2019acc\u00e8s \u00e0 cet article<\/p>\n<p>Et \u00e0 toutes nos enqu\u00eates pendant deux jours\u00a0\u00a0! <br \/>Oui, on est g\u00e9n\u00e9reux \ud83d\ude09 Mais pensez aussi \u00e0 <a href=\"https:\/\/www.mediacites.fr\/sabonner\/\" target=\"_blank\" style=\"color:#fff\" rel=\"noopener\">vous abonner<\/a>\u00a0\u00a0!<\/p>\n<p>\t\tEn renseignant votre adresse, vous acceptez nos <a href=\"https:\/\/www.mediacites.fr\/conditions-generales-d-utilisation\/\" target=\"_blank\" rel=\"noopener\">conditions g\u00e9n\u00e9rales d\u2019utilisation<\/a>. <br \/>Mediacit\u00e9s s\u2019engage \u00e0 ne pas c\u00e9der votre adresse \u00e0 des tiers. En cas d\u2019\u00e9chec, \u00e9crivez \u00e0 <a href=\"https:\/\/www.mediacites.fr\/breve\/lille\/2025\/11\/10\/lex-prefet-du-nord-georges-francois-leclerc-sinstalle-a-lelysee-comme-directeur-de-cabinet-demmanuel-macron\/mailto:contact@mediacites.fr\" target=\"_blank\" rel=\"noopener\">contact@mediacites.fr<\/a><\/p>\n<ul>\n<li>J\u2019acc\u00e8de aux 4 \u00e9ditions de Mediacit\u00e9s (Lille, Lyon, Nantes et Toulouse)<\/li>\n<li>Je d\u00e9couvre un m\u00e9dia 100 % ind\u00e9pendant, avec 0 % de publicit\u00e9<\/li>\n<\/ul>\n<p>Envie de lire la\u00a0suite\u202f?<\/p>\n<p>Depuis neuf ans, Mediacit\u00e9s enqu\u00eate en toute ind\u00e9pendance dans votre ville. Gr\u00e2ce \u00e0 ses lecteurs\u202f! Abonnez\u2010vous pour ne rien manquer de nos enqu\u00eates, suivre les \u00e9lections municipales et soutenir un journal local d\u2019investigation.<\/p>\n<ul>\n<li>Acc\u00e8s aux 4 \u00e9ditions de Mediacit\u00e9s (Lille, Lyon, Nantes et Toulouse)<\/li>\n<li>100 % ind\u00e9pendant, avec 0 % de publicit\u00e9<\/li>\n<li>R\u00e9siliation facile \u00e0 tout moment<\/li>\n<\/ul>\n<p>Mediacit\u00e9s offre l\u2019acc\u00e8s \u00e0 cet article aux lecteurs de News2Com<\/p>\n<p>Et \u00e0 toutes nos enqu\u00eates pendant deux jours\u00a0\u00a0! <br \/>Oui, on est g\u00e9n\u00e9reux \ud83d\ude09 Mais pensez aussi \u00e0 <a href=\"https:\/\/www.mediacites.fr\/sabonner\/\" target=\"_blank\" style=\"color:#fff\" rel=\"noopener\">vous abonner<\/a>\u00a0\u00a0!<\/p>\n<p>\t\tEn renseignant votre adresse, vous acceptez nos <a href=\"https:\/\/www.mediacites.fr\/conditions-generales-d-utilisation\/\" target=\"_blank\" rel=\"noopener\">conditions g\u00e9n\u00e9rales d\u2019utilisation<\/a>. <br \/>Mediacit\u00e9s s\u2019engage \u00e0 ne pas c\u00e9der votre adresse \u00e0 des tiers. En cas d\u2019\u00e9chec, \u00e9crivez \u00e0 <a href=\"https:\/\/www.mediacites.fr\/breve\/lille\/2025\/11\/10\/lex-prefet-du-nord-georges-francois-leclerc-sinstalle-a-lelysee-comme-directeur-de-cabinet-demmanuel-macron\/mailto:contact@mediacites.fr\" target=\"_blank\" rel=\"noopener\">contact@mediacites.fr<\/a><\/p>\n<ul>\n<li>J\u2019acc\u00e8de aux 4 \u00e9ditions de Mediacit\u00e9s (Lille, Lyon, Nantes et Toulouse)<\/li>\n<li>Je d\u00e9couvre un m\u00e9dia 100 % ind\u00e9pendant, avec 0 % de publicit\u00e9<\/li>\n<\/ul>\n","protected":false},"excerpt":{"rendered":"Le haut fonctionnaire s\u2019\u00e9tait fait conna\u00eetre pour sa poigne et son combat contre l\u2019islamisme. Son ascension jusqu\u2019au sommet&hellip;\n","protected":false},"author":2,"featured_media":526029,"comment_status":"","ping_status":"","sticky":false,"template":"","format":"standard","meta":{"footnotes":""},"categories":[2815],"tags":[1111,11,1073,1777,674,1011,27,64555,811,51816,1307,12,64556,25],"class_list":{"0":"post-526028","1":"post","2":"type-post","3":"status-publish","4":"format-standard","5":"has-post-thumbnail","7":"category-lille","8":"tag-actu","9":"tag-actualites","10":"tag-emmanuel-macron","11":"tag-eu","12":"tag-europe","13":"tag-fr","14":"tag-france","15":"tag-georges-francois-leclerc","16":"tag-hauts-de-france","17":"tag-loeil-de-mediacites","18":"tag-lille","19":"tag-news","20":"tag-prefet-du-nord","21":"tag-republique-francaise"},"share_on_mastodon":{"url":"https:\/\/pubeurope.com\/@fr\/115528253312841391","error":""},"_links":{"self":[{"href":"https:\/\/www.europesays.com\/fr\/wp-json\/wp\/v2\/posts\/526028","targetHints":{"allow":["GET"]}}],"collection":[{"href":"https:\/\/www.europesays.com\/fr\/wp-json\/wp\/v2\/posts"}],"about":[{"href":"https:\/\/www.europesays.com\/fr\/wp-json\/wp\/v2\/types\/post"}],"author":[{"embeddable":true,"href":"https:\/\/www.europesays.com\/fr\/wp-json\/wp\/v2\/users\/2"}],"replies":[{"embeddable":true,"href":"https:\/\/www.europesays.com\/fr\/wp-json\/wp\/v2\/comments?post=526028"}],"version-history":[{"count":0,"href":"https:\/\/www.europesays.com\/fr\/wp-json\/wp\/v2\/posts\/526028\/revisions"}],"wp:featuredmedia":[{"embeddable":true,"href":"https:\/\/www.europesays.com\/fr\/wp-json\/wp\/v2\/media\/526029"}],"wp:attachment":[{"href":"https:\/\/www.europesays.com\/fr\/wp-json\/wp\/v2\/media?parent=526028"}],"wp:term":[{"taxonomy":"category","embeddable":true,"href":"https:\/\/www.europesays.com\/fr\/wp-json\/wp\/v2\/categories?post=526028"},{"taxonomy":"post_tag","embeddable":true,"href":"https:\/\/www.europesays.com\/fr\/wp-json\/wp\/v2\/tags?post=526028"}],"curies":[{"name":"wp","href":"https:\/\/api.w.org\/{rel}","templated":true}]}}