{"id":526034,"date":"2025-11-11T00:35:13","date_gmt":"2025-11-11T00:35:13","guid":{"rendered":"https:\/\/www.europesays.com\/fr\/526034\/"},"modified":"2025-11-11T00:35:13","modified_gmt":"2025-11-11T00:35:13","slug":"marseille-la-mosquee-des-bleuets-de-nouveau-au-coeur-dune-procedure-devant-le-conseil-detat","status":"publish","type":"post","link":"https:\/\/www.europesays.com\/fr\/526034\/","title":{"rendered":"Marseille : La mosqu\u00e9e des Bleuets de nouveau au c\u0153ur d\u2019une proc\u00e9dure devant le Conseil d\u2019\u00c9tat"},"content":{"rendered":"<p>AA \/ Istanbul \/ Serap Dogansoy<\/p>\n<p>Le Conseil d\u2019\u00c9tat doit examiner, ce lundi 10 \u00e0 Paris, la d\u00e9cision du tribunal administratif qui avait suspendu la fermeture du lieu de culte, ordonn\u00e9e pour deux mois par le pr\u00e9fet des Bouches-du-Rh\u00f4ne.<\/p>\n<p>Le minist\u00e8re de l\u2019Int\u00e9rieur a en effet fait appel de cette d\u00e9cision, rendue le 11 octobre dernier, relan\u00e7ant un dossier sensible m\u00ealant religion et action publique.<\/p>\n<p>L\u2019imam Isma\u00efl et les responsables de la mosqu\u00e9e, soutenus par plusieurs musulmans, avaient saisi la justice d\u00e8s le 7 octobre, estimant que la fermeture constituait une atteinte disproportionn\u00e9e \u00e0 la libert\u00e9 de culte. Le tribunal administratif leur avait donn\u00e9 raison, consid\u00e9rant que la mesure pr\u00e9fectorale n\u2019\u00e9tait pas suffisamment justifi\u00e9e.<\/p>\n<p>Sur les r\u00e9seaux sociaux, la mosqu\u00e9e a regrett\u00e9 que ses \u00ab\u00a0sollicitations aupr\u00e8s de la pr\u00e9fecture pour obtenir un rendez-vous soient rest\u00e9es sans r\u00e9ponse\u00a0\u00bb, affirmant avoir voulu \u00ab\u00a0apaiser les tensions et engager un dialogue constructif\u00a0\u00bb.<\/p>\n<p>Dans un communiqu\u00e9 publi\u00e9 peu apr\u00e8s, l\u2019imam Isma\u00efl a d\u00e9nonc\u00e9 \u00ab\u00a0l\u2019ing\u00e9rence de l\u2019\u00c9tat dans le religieux\u00a0\u00bb et r\u00e9affirm\u00e9 sa d\u00e9termination \u00e0 \u00ab\u00a0d\u00e9fendre la libert\u00e9 de culte, la dignit\u00e9 des fid\u00e8les et la l\u00e9gitimit\u00e9 d\u2019un islam ind\u00e9pendant\u00a0\u00bb.<\/p>\n<p>Son avocat, Me Rafik Ma\u00eetre Chekkat, a lui aussi critiqu\u00e9 la d\u00e9cision du minist\u00e8re de l\u2019Int\u00e9rieur de saisir le Conseil d\u2019\u00c9tat : \u00ab\u00a0Je ne m\u2019attendais pas \u00e0 cet appel, \u00e0 cet ent\u00eatement. C\u2019est une proc\u00e9dure co\u00fbteuse pour une fermeture de deux mois. Cela ressemble \u00e0 un acharnement\u00a0\u00bb, a-t-il d\u00e9clar\u00e9 \u00e0 ICI Provence.<\/p>\n<p>L\u2019imam et son conseil doivent se rendre \u00e0 Paris ce lundi \u00e0 11h30 pour l\u2019audience. La d\u00e9cision du Conseil d\u2019\u00c9tat, attendue dans les jours suivants, dira si la mosqu\u00e9e des Bleuets pourra ou non poursuivre ses activit\u00e9s cultuelles.<\/p>\n<p>                            &#13;<br \/>\n                                <a href=\"https:\/\/www.aa.com.tr\/fr\/p\/abonnement\/1001\" target=\"_blank\" style=\"font-size:12px; color:#444; text-decoration:none;\" rel=\"noopener\">&#13;<br \/>\n                                    Seulement une partie des d\u00e9p\u00eaches, que l&rsquo;Agence Anadolu diffuse \u00e0 ses abonn\u00e9s via le Syst\u00e8me de Diffusion interne (HAS), est diffus\u00e9e sur le site de l&rsquo;AA, de mani\u00e8re r\u00e9sum\u00e9e. <b style=\"color:#1897F7\">Contactez-nous s&rsquo;il vous pla\u00eet pour vous abonner.<\/b>&#13;<br \/>\n                                <\/a>&#13;<\/p>\n","protected":false},"excerpt":{"rendered":"AA \/ Istanbul \/ Serap Dogansoy Le Conseil d\u2019\u00c9tat doit examiner, ce lundi 10 \u00e0 Paris, la d\u00e9cision&hellip;\n","protected":false},"author":2,"featured_media":526035,"comment_status":"","ping_status":"","sticky":false,"template":"","format":"standard","meta":{"footnotes":""},"categories":[2814],"tags":[1111,11,1785,64557,2760,1777,674,1011,27,884,64558,12,882,25],"class_list":{"0":"post-526034","1":"post","2":"type-post","3":"status-publish","4":"format-standard","5":"has-post-thumbnail","7":"category-marseille","8":"tag-actu","9":"tag-actualites","10":"tag-anadolu-ajansi","11":"tag-bouches-du-rhne","12":"tag-conseil-detat","13":"tag-eu","14":"tag-europe","15":"tag-fr","16":"tag-france","17":"tag-marseille","18":"tag-mosque-des-bleuets","19":"tag-news","20":"tag-provence-alpes-cote-dazur","21":"tag-republique-francaise"},"share_on_mastodon":{"url":"https:\/\/pubeurope.com\/@fr\/115528264956404825","error":""},"_links":{"self":[{"href":"https:\/\/www.europesays.com\/fr\/wp-json\/wp\/v2\/posts\/526034","targetHints":{"allow":["GET"]}}],"collection":[{"href":"https:\/\/www.europesays.com\/fr\/wp-json\/wp\/v2\/posts"}],"about":[{"href":"https:\/\/www.europesays.com\/fr\/wp-json\/wp\/v2\/types\/post"}],"author":[{"embeddable":true,"href":"https:\/\/www.europesays.com\/fr\/wp-json\/wp\/v2\/users\/2"}],"replies":[{"embeddable":true,"href":"https:\/\/www.europesays.com\/fr\/wp-json\/wp\/v2\/comments?post=526034"}],"version-history":[{"count":0,"href":"https:\/\/www.europesays.com\/fr\/wp-json\/wp\/v2\/posts\/526034\/revisions"}],"wp:featuredmedia":[{"embeddable":true,"href":"https:\/\/www.europesays.com\/fr\/wp-json\/wp\/v2\/media\/526035"}],"wp:attachment":[{"href":"https:\/\/www.europesays.com\/fr\/wp-json\/wp\/v2\/media?parent=526034"}],"wp:term":[{"taxonomy":"category","embeddable":true,"href":"https:\/\/www.europesays.com\/fr\/wp-json\/wp\/v2\/categories?post=526034"},{"taxonomy":"post_tag","embeddable":true,"href":"https:\/\/www.europesays.com\/fr\/wp-json\/wp\/v2\/tags?post=526034"}],"curies":[{"name":"wp","href":"https:\/\/api.w.org\/{rel}","templated":true}]}}