{"id":526040,"date":"2025-11-11T00:39:23","date_gmt":"2025-11-11T00:39:23","guid":{"rendered":"https:\/\/www.europesays.com\/fr\/526040\/"},"modified":"2025-11-11T00:39:23","modified_gmt":"2025-11-11T00:39:23","slug":"l-sarkozy-f-o-g-l-deutsch-histoire-de-lire-de-retour-a-versailles-2","status":"publish","type":"post","link":"https:\/\/www.europesays.com\/fr\/526040\/","title":{"rendered":"L. Sarkozy, F-O.G, L. Deutsch\u2026 Histoire de lire de retour \u00e0 Versailles"},"content":{"rendered":"<p><img loading=\"lazy\" decoding=\"async\" alt=\"\u00a9 Ville de Versailles - Pierrick Daul - Histoire de Lire revient dans diff\u00e9rents lieux de la ville de Versailles.\u00a0\" data-zoom-src=\"https:\/\/www.europesays.com\/fr\/wp-content\/uploads\/2025\/11\/initial-histoire-de-lire-2024-c-ville-de-versailles-pierrick-daul.jpg\" data-zoomable=\"\" height=\"702\" src=\"https:\/\/www.europesays.com\/fr\/wp-content\/uploads\/2025\/11\/initial-histoire-de-lire-2024-c-ville-de-versailles-pierrick-daul.jpg\" width=\"1248\"\/>  <\/p>\n<p class=\"article-desc\">\u00a9 Ville de Versailles &#8211; Pierrick Daul &#8211; Histoire de Lire revient dans diff\u00e9rents lieux de la ville de Versailles.\u00a0 <\/p>\n<p>Plus de 200 auteurs, parmi lesquels <strong>Louis Sarkozy<\/strong>, <strong>Franz-Olivier Giesbert<\/strong>, \u00c9ric-Emmanuel Schmitt, Alexandra Lapierre ou <a href=\"https:\/\/mesinfos.fr\/77000-melun\/melun-lorant-deutsch-presente-sa-serie-au-cinema-les-varietes-231451.html\" rel=\"noopener\" target=\"_blank\">Lor\u00e0nt Deutsch<\/a>, sont attendus \u00e0 Versailles pour \u00e9changer avec le public pour pr\u00e9senter leurs essais, romans, bandes dessin\u00e9es et ouvrages jeunesse.\u00a0 <\/p>\n<p>La 18\u1d49 \u00e9dition d\u2019<a href=\"https:\/\/mesinfos.fr\/78000-versailles\/histoire-de-lire-francois-hollande-en-debat-le-23-novembre-209453.html\" rel=\"noopener\" target=\"_blank\">Histoire de Lire<\/a> est annonc\u00e9e pour les<strong> 22 et 23 novembre<\/strong> prochains, de 14h \u00e0 18h30. Ce rendez-vous litt\u00e9raire, d\u00e9sormais r\u00e9f\u00e9rence francilienne autour de l\u2019histoire, proposera rencontres, d\u00e9bats, s\u00e9ances de d\u00e9dicaces et animations jeunesse dans plusieurs lieux embl\u00e9matiques de la ville. <\/p>\n<p> Les cr\u00e9ateurs de contenu historique r\u00e9compens\u00e9s <\/p>\n<p>En parall\u00e8le, le salon mettra en lumi\u00e8re les passerelles entre histoire et nouvelles formes de narration, donnant \u00e0 voir l\u2019histoire \u00e0 travers le <strong>jeu vid\u00e9o<\/strong>, la r\u00e9alit\u00e9 virtuelle ou les contenus vid\u00e9os.\u00a0 <\/p>\n<p>Le prix de la BD Historique sera d\u00e9cern\u00e9 le samedi 22 novembre \u00e0 14h30 \u00e0 l\u2019Ancienne Poste, tandis qu\u2019une soir\u00e9e sp\u00e9ciale c\u00e9l\u00e9brera les<strong> cr\u00e9ateurs de contenus historiques <\/strong>le vendredi 21 novembre \u00e0 l\u2019UGC Le Cyrano. Tous les auteurs en d\u00e9dicace seront r\u00e9unis pour la premi\u00e8re fois \u00e0 deux endroits diff\u00e9rents, \u00e0 savoir \u00e0 l\u2019h\u00f4tel de ville et \u00e0 l\u2019<a href=\"https:\/\/mesinfos.fr\/78000-versailles\/l-ancienne-poste-un-nouvel-espace-de-convivialite-a-versailles-203865.html\" rel=\"noopener\" target=\"_blank\">Ancienne Poste<\/a>.\u00a0 <\/p>\n<p>Histoire de lire,\u00a0H\u00f4tel de ville de Versailles, Ancienne Poste, h\u00f4tel du d\u00e9partement, pr\u00e9fecture. <a href=\"https:\/\/www.histoiredelire.fr\/calendar\/programme-hdl\/page\/2\/?relative%5B0%5D=current&amp;relative%5B1%5D=upcoming&amp;sort=lastTimingWithFeatured.asc\" rel=\"noopener\" target=\"_blank\">Billetterie<\/a> \u00e0 2 euros en ligne, 3 euros sur place.<\/p>\n","protected":false},"excerpt":{"rendered":"\u00a9 Ville de Versailles &#8211; Pierrick Daul &#8211; Histoire de Lire revient dans diff\u00e9rents lieux de la ville&hellip;\n","protected":false},"author":2,"featured_media":524862,"comment_status":"","ping_status":"","sticky":false,"template":"","format":"standard","meta":{"footnotes":""},"categories":[1592],"tags":[1111,11,1777,674,1011,27,662,2624,1380,12,626,25],"class_list":{"0":"post-526040","1":"post","2":"type-post","3":"status-publish","4":"format-standard","5":"has-post-thumbnail","7":"category-ile-de-france","8":"tag-actu","9":"tag-actualites","10":"tag-eu","11":"tag-europe","12":"tag-fr","13":"tag-france","14":"tag-ile-de-france","15":"tag-littu00e9rature","16":"tag-livres","17":"tag-news","18":"tag-paris","19":"tag-republique-francaise"},"share_on_mastodon":{"url":"https:\/\/pubeurope.com\/@fr\/115528281146712486","error":""},"_links":{"self":[{"href":"https:\/\/www.europesays.com\/fr\/wp-json\/wp\/v2\/posts\/526040","targetHints":{"allow":["GET"]}}],"collection":[{"href":"https:\/\/www.europesays.com\/fr\/wp-json\/wp\/v2\/posts"}],"about":[{"href":"https:\/\/www.europesays.com\/fr\/wp-json\/wp\/v2\/types\/post"}],"author":[{"embeddable":true,"href":"https:\/\/www.europesays.com\/fr\/wp-json\/wp\/v2\/users\/2"}],"replies":[{"embeddable":true,"href":"https:\/\/www.europesays.com\/fr\/wp-json\/wp\/v2\/comments?post=526040"}],"version-history":[{"count":0,"href":"https:\/\/www.europesays.com\/fr\/wp-json\/wp\/v2\/posts\/526040\/revisions"}],"wp:featuredmedia":[{"embeddable":true,"href":"https:\/\/www.europesays.com\/fr\/wp-json\/wp\/v2\/media\/524862"}],"wp:attachment":[{"href":"https:\/\/www.europesays.com\/fr\/wp-json\/wp\/v2\/media?parent=526040"}],"wp:term":[{"taxonomy":"category","embeddable":true,"href":"https:\/\/www.europesays.com\/fr\/wp-json\/wp\/v2\/categories?post=526040"},{"taxonomy":"post_tag","embeddable":true,"href":"https:\/\/www.europesays.com\/fr\/wp-json\/wp\/v2\/tags?post=526040"}],"curies":[{"name":"wp","href":"https:\/\/api.w.org\/{rel}","templated":true}]}}