{"id":526041,"date":"2025-11-11T00:40:20","date_gmt":"2025-11-11T00:40:20","guid":{"rendered":"https:\/\/www.europesays.com\/fr\/526041\/"},"modified":"2025-11-11T00:40:20","modified_gmt":"2025-11-11T00:40:20","slug":"cinq-exploitants-dune-plateforme-de-pedopornographie-condamnes-en-allemagne-a-des-peines-allant-jusqua-dix-ans-et-demi-de-prison","status":"publish","type":"post","link":"https:\/\/www.europesays.com\/fr\/526041\/","title":{"rendered":"Cinq exploitants d&rsquo;une plateforme de p\u00e9dopornographie condamn\u00e9s en Allemagne \u00e0 des peines allant jusqu&rsquo;\u00e0 dix ans et demi de prison"},"content":{"rendered":"\n<p class=\"c-chapo \">\n  Les cinq hommes, \u00e2g\u00e9s de 44 \u00e0 63 ans, \u00e9taient mod\u00e9rateurs ou administrateurs d&rsquo;une plateforme qui diffusait des contenus p\u00e9dopornographiques et permettait la mise en lien d&rsquo;utilisateurs afin, \u00e9ventuellement, de commettre des violences sexuelles sur des enfants.\n<\/p>\n<p>      lire plus tard<\/p>\n<p id=\"dialog__title\" class=\"dialog__title\">Pour sauvegarder cet article, connectez-vous ou cr\u00e9ez un compte franceinfo<\/p>\n<p class=\"dialog__description\">Sans paiement. Sans abonnement.<\/p>\n<p>        Fermer la fen\u00eatre d\u2019activation des notifications France Info<\/p>\n<p>      cr\u00e9er votre compte<\/p>\n<p>      se connecter<\/p>\n<p>        Fermer la fen\u00eatre de pr\u00e9sentation<\/p>\n<p>    <img loading=\"lazy\" decoding=\"async\" class=\"signature__image lazyload\" width=\"100\" height=\"100\" data- alt=\"\" src=\"https:\/\/www.europesays.com\/fr\/wp-content\/uploads\/2025\/05\/64a68815cd1a7_placeholder-36b69ec8.png\"\/><\/p>\n<p>    Publi\u00e9 le 10\/11\/2025 22:52<\/p>\n<p>        Temps de lecture : 1min<\/p>\n<p>    <img decoding=\"async\"  alt=\"Une statue de Justitia, \u00e0 Francfort, le 27 f\u00e9vrier 2024. (ARNE DEDERT \/ DPA)\" width=\"432\" height=\"243\" src=\"https:\/\/www.europesays.com\/fr\/wp-content\/uploads\/2025\/11\/043-dpa-pa-240227-99-142296-dpai-69125df23489d912092653.jpg\" fetchpriority=\"high\"\/><\/p>\n<p>      Une statue de Justitia, \u00e0 Francfort, le 27 f\u00e9vrier 2024. (ARNE DEDERT \/ DPA)<\/p>\n<p>Ils ont \u00ab\u00a0en grande partie avou\u00e9 les faits\u00a0\u00bb, d&rsquo;apr\u00e8s le tribunal de M\u00f6nchengladbach (ouest). La justice allemande a condamn\u00e9 cinq exploitants d&rsquo;une plateforme de <a href=\"https:\/\/www.franceinfo.fr\/societe\/pedocriminalite\/poupees-pedopornographiques-sur-shein-pourquoi-cibler-leur-vente-est-essentiel-dans-la-lutte-contre-les-violences-sexuelles-faites-aux-enfants_7596587.html\" rel=\"nofollow noopener\" target=\"_blank\">p\u00e9dopornographie<\/a>, qui comptait des centaines de milliers d&rsquo;utilisateurs, \u00e0 des peines allant de cinq ans et demi \u00e0 dix ans et demi de prison, lundi 10 novembre.<\/p>\n<p>Les cinq hommes, \u00e2g\u00e9s de 44 \u00e0 63 ans, \u00e9taient poursuivis pour diffusion publique en bande organis\u00e9e et possession de contenus p\u00e9dopornographiques entre 2019 et 2024, en tant que mod\u00e9rateurs ou administrateurs de la plateforme \u00ab\u00a0Alice in Wonderland\u00a0\u00bb (nom anglais d&rsquo;Alice au Pays des Merveilles) sur le darknet, d&rsquo;apr\u00e8s le chef d&rsquo;accusation publi\u00e9 en octobre. La police a saisi plus de 1\u00a0500 pi\u00e8ces \u00e0 conviction, notamment des ordinateurs et des t\u00e9l\u00e9phones portables. Le tribunal a ordonn\u00e9 la d\u00e9tention de s\u00fbret\u00e9 pour l&rsquo;un des accus\u00e9s en raison d&rsquo;un risque \u00e9lev\u00e9 de r\u00e9cidive.<\/p>\n<p>Avant sa fermeture en septembre 2024 par les autorit\u00e9s allemandes, la plateforme diffusait des contenus p\u00e9dopornographiques et permettait la mise en lien d&rsquo;utilisateurs afin, \u00e9ventuellement, de commettre des violences sexuelles sur des enfants. L&rsquo;une des t\u00e2ches de ses administrateurs consistait \u00e0 \u00ab\u00a0veiller \u00e0 ce que les utilisateurs soient rendus m\u00e9connaissables dans les contenus qu&rsquo;ils produisaient eux-m\u00eames afin de compliquer toute poursuite p\u00e9nale ult\u00e9rieure\u00a0\u00bb, d&rsquo;apr\u00e8s le chef d&rsquo;accusation. Les accus\u00e9s ont \u00e9galement mis \u00e0 disposition de la plateforme du contenu p\u00e9dopornographique, impliquant dans certains cas des nourrissons d&rsquo;environ un an.<\/p>\n","protected":false},"excerpt":{"rendered":"Les cinq hommes, \u00e2g\u00e9s de 44 \u00e0 63 ans, \u00e9taient mod\u00e9rateurs ou administrateurs d&rsquo;une plateforme qui diffusait des&hellip;\n","protected":false},"author":2,"featured_media":526042,"comment_status":"","ping_status":"","sticky":false,"template":"","format":"standard","meta":{"footnotes":""},"categories":[1888],"tags":[1111,1928,11,1927,1777,674,1011,27,12,1926,626,1925,25],"class_list":{"0":"post-526041","1":"post","2":"type-post","3":"status-publish","4":"format-standard","5":"has-post-thumbnail","7":"category-paris","8":"tag-actu","9":"tag-actu-paris","10":"tag-actualites","11":"tag-actualites-paris","12":"tag-eu","13":"tag-europe","14":"tag-fr","15":"tag-france","16":"tag-news","17":"tag-news-paris","18":"tag-paris","19":"tag-paris-news","20":"tag-republique-francaise"},"share_on_mastodon":{"url":"https:\/\/pubeurope.com\/@fr\/115528285196576129","error":""},"_links":{"self":[{"href":"https:\/\/www.europesays.com\/fr\/wp-json\/wp\/v2\/posts\/526041","targetHints":{"allow":["GET"]}}],"collection":[{"href":"https:\/\/www.europesays.com\/fr\/wp-json\/wp\/v2\/posts"}],"about":[{"href":"https:\/\/www.europesays.com\/fr\/wp-json\/wp\/v2\/types\/post"}],"author":[{"embeddable":true,"href":"https:\/\/www.europesays.com\/fr\/wp-json\/wp\/v2\/users\/2"}],"replies":[{"embeddable":true,"href":"https:\/\/www.europesays.com\/fr\/wp-json\/wp\/v2\/comments?post=526041"}],"version-history":[{"count":0,"href":"https:\/\/www.europesays.com\/fr\/wp-json\/wp\/v2\/posts\/526041\/revisions"}],"wp:featuredmedia":[{"embeddable":true,"href":"https:\/\/www.europesays.com\/fr\/wp-json\/wp\/v2\/media\/526042"}],"wp:attachment":[{"href":"https:\/\/www.europesays.com\/fr\/wp-json\/wp\/v2\/media?parent=526041"}],"wp:term":[{"taxonomy":"category","embeddable":true,"href":"https:\/\/www.europesays.com\/fr\/wp-json\/wp\/v2\/categories?post=526041"},{"taxonomy":"post_tag","embeddable":true,"href":"https:\/\/www.europesays.com\/fr\/wp-json\/wp\/v2\/tags?post=526041"}],"curies":[{"name":"wp","href":"https:\/\/api.w.org\/{rel}","templated":true}]}}