{"id":526043,"date":"2025-11-11T00:41:11","date_gmt":"2025-11-11T00:41:11","guid":{"rendered":"https:\/\/www.europesays.com\/fr\/526043\/"},"modified":"2025-11-11T00:41:11","modified_gmt":"2025-11-11T00:41:11","slug":"des-arbitres-en-prison-et-plus-de-1000-joueurs-devant-la-commission-de-discipline-le-scandale-des-paris-en-turquie-tourne-a-laffaire-detat","status":"publish","type":"post","link":"https:\/\/www.europesays.com\/fr\/526043\/","title":{"rendered":"Des arbitres en prison et plus de 1000 joueurs devant la commission de discipline: le scandale des paris en Turquie tourne \u00e0 l&rsquo;affaire d&rsquo;Etat"},"content":{"rendered":"<p class=\"mb-4 text-lg md:leading-8 break-words\">Un tribunal d&rsquo;Istanbul a ordonn\u00e9 lundi le placement en d\u00e9tention provisoire de six arbitres turcs soup\u00e7onn\u00e9s d&rsquo;\u00eatre impliqu\u00e9s dans <a href=\"https:\/\/fr.news.yahoo.com\/sport\/%C3%A9norme-scandale-turquie-pr%C3%A8s-150-155229863.html\" data-ylk=\"slk:une vaste affaire de paris;elm:context_link;itc:0;sec:content-canvas;outcm:mb_qualified_link;_E:mb_qualified_link;ct:story;\" class=\"link  yahoo-link\" target=\"_blank\" rel=\"noopener\">une vaste affaire de paris<\/a>, au moment o\u00f9 la F\u00e9d\u00e9ration turque de football \u00e9largissait ses investigations \u00e0 plus de 1.000 joueurs. Un juge a \u00e9galement d\u00e9cid\u00e9 de l&rsquo;incarc\u00e9ration du pr\u00e9sident d&rsquo;Ey\u00fcpspor, un club de premi\u00e8re division turque, dans le cadre des m\u00eames investigations.<\/p>\n<p class=\"mb-4 text-lg md:leading-8 break-words\">Onze arbitres gard\u00e9s \u00e0 vue depuis vendredi ont eux \u00e9t\u00e9 remis en libert\u00e9 sous contr\u00f4le judiciaire lundi par la justice turque, qui enqu\u00eate notamment sur des soup\u00e7ons de matches truqu\u00e9s. Les six arbitres envoy\u00e9s en d\u00e9tention officiaient en tant qu&rsquo;arbitres assistants en troisi\u00e8me et quatri\u00e8me divisions, selon le site de la F\u00e9d\u00e9ration turque de football (TFF).<\/p>\n<p>Les championnats de D3 et D4 suspendus deux semaines<\/p>\n<p class=\"mb-4 text-lg md:leading-8 break-words\">En parall\u00e8le, la TFF a annonc\u00e9 lundi soir la convocation devant son conseil de discipline de 1.024 footballeurs du pays accus\u00e9s d&rsquo;avoir pari\u00e9 sur des matchs en d\u00e9pit de l&rsquo;interdiction qui leur en est faite. Les championnats de troisi\u00e8me et quatri\u00e8me divisions du pays, dans lesquels \u00e9voluent plus de 900 des joueurs incrimin\u00e9s, sont suspendus pendant deux semaines, a annonc\u00e9 la TFF, qui pr\u00e9voit de tenir une r\u00e9union extraordinaire mardi.<\/p>\n<p class=\"mb-4 text-lg md:leading-8 break-words\">Vingt-sept des joueurs soup\u00e7onn\u00e9s d&rsquo;avoir plac\u00e9 des paris \u00e9voluent en premi\u00e8re division, dont l&rsquo;international turc Eren Elmali, d\u00e9fenseur de Galatasaray.<\/p>\n<p class=\"mb-4 text-lg md:leading-8 break-words\">Le 27 octobre, une enqu\u00eate de la F\u00e9d\u00e9ration turque de football sur 571 arbitres des ligues professionnelles de football turques avait r\u00e9v\u00e9l\u00e9 que 152 d&rsquo;entre eux, dont 22 officient en premi\u00e8re division, \u00ab\u00a0pariaient activement\u00a0\u00bb sur des matchs. La TFF a suspendu dans la foul\u00e9e 149 arbitres pour des dur\u00e9es allant de huit \u00e0 douze mois, promettant de \u00ab\u00a0nettoyer\u00a0\u00bb le football turc.<\/p>\n<p class=\"mb-4 text-lg md:leading-8 break-words\">Dans un communiqu\u00e9 commun, ces arbitres ont affirm\u00e9 qu&rsquo;aucun d&rsquo;entre eux n&rsquo;avait jamais pari\u00e9 sur un match qu&rsquo;il dirigeait. Certains assurent \u00e9galement que leurs paris remontent \u00e0 une \u00e9poque o\u00f9 ils \u00e9taient arbitres amateurs. En 2011, un scandale de matches truqu\u00e9s sans pr\u00e9c\u00e9dent en Turquie avait d\u00e9j\u00e0 secou\u00e9 les championnats de premi\u00e8re et deuxi\u00e8me divisions, \u00e9claboussant notamment le grand club stambouliote de Fenerbah\u00e7e.<\/p>\n<p class=\"mb-4 text-lg md:leading-8 break-words\"><a href=\"https:\/\/rmcsport.bfmtv.com\/football\/championnat-turquie\/des-arbitres-en-prison-et-plus-de-1000-joueurs-devant-la-commission-de-discipline-le-scandale-des-paris-en-turquie-tourne-a-l-affaire-d-etat_AN-202511101008.html#xtor=AL-68\" rel=\"nofollow noopener\" target=\"_blank\" data-ylk=\"slk:Article original publi\u00e9 sur RMC Sport;elm:context_link;itc:0;sec:content-canvas\" class=\"link \">Article original publi\u00e9 sur RMC Sport<\/a><\/p>\n","protected":false},"excerpt":{"rendered":"Un tribunal d&rsquo;Istanbul a ordonn\u00e9 lundi le placement en d\u00e9tention provisoire de six arbitres turcs soup\u00e7onn\u00e9s d&rsquo;\u00eatre impliqu\u00e9s&hellip;\n","protected":false},"author":2,"featured_media":526044,"comment_status":"","ping_status":"","sticky":false,"template":"","format":"standard","meta":{"footnotes":""},"categories":[1888],"tags":[1111,1928,11,1927,60933,64560,5816,1777,674,1011,27,12,1926,626,1925,26396,25,64559],"class_list":{"0":"post-526043","1":"post","2":"type-post","3":"status-publish","4":"format-standard","5":"has-post-thumbnail","7":"category-paris","8":"tag-actu","9":"tag-actu-paris","10":"tag-actualites","11":"tag-actualites-paris","12":"tag-arbitres","13":"tag-conseil-de-discipline","14":"tag-detention-provisoire","15":"tag-eu","16":"tag-europe","17":"tag-fr","18":"tag-france","19":"tag-news","20":"tag-news-paris","21":"tag-paris","22":"tag-paris-news","23":"tag-premiere-division","24":"tag-republique-francaise","25":"tag-tff"},"share_on_mastodon":{"url":"https:\/\/pubeurope.com\/@fr\/115528288455869023","error":""},"_links":{"self":[{"href":"https:\/\/www.europesays.com\/fr\/wp-json\/wp\/v2\/posts\/526043","targetHints":{"allow":["GET"]}}],"collection":[{"href":"https:\/\/www.europesays.com\/fr\/wp-json\/wp\/v2\/posts"}],"about":[{"href":"https:\/\/www.europesays.com\/fr\/wp-json\/wp\/v2\/types\/post"}],"author":[{"embeddable":true,"href":"https:\/\/www.europesays.com\/fr\/wp-json\/wp\/v2\/users\/2"}],"replies":[{"embeddable":true,"href":"https:\/\/www.europesays.com\/fr\/wp-json\/wp\/v2\/comments?post=526043"}],"version-history":[{"count":0,"href":"https:\/\/www.europesays.com\/fr\/wp-json\/wp\/v2\/posts\/526043\/revisions"}],"wp:featuredmedia":[{"embeddable":true,"href":"https:\/\/www.europesays.com\/fr\/wp-json\/wp\/v2\/media\/526044"}],"wp:attachment":[{"href":"https:\/\/www.europesays.com\/fr\/wp-json\/wp\/v2\/media?parent=526043"}],"wp:term":[{"taxonomy":"category","embeddable":true,"href":"https:\/\/www.europesays.com\/fr\/wp-json\/wp\/v2\/categories?post=526043"},{"taxonomy":"post_tag","embeddable":true,"href":"https:\/\/www.europesays.com\/fr\/wp-json\/wp\/v2\/tags?post=526043"}],"curies":[{"name":"wp","href":"https:\/\/api.w.org\/{rel}","templated":true}]}}