{"id":526047,"date":"2025-11-11T00:43:21","date_gmt":"2025-11-11T00:43:21","guid":{"rendered":"https:\/\/www.europesays.com\/fr\/526047\/"},"modified":"2025-11-11T00:43:21","modified_gmt":"2025-11-11T00:43:21","slug":"les-animateurs-des-ecoles-de-la-ville-en-greve-pour-deux-semaines","status":"publish","type":"post","link":"https:\/\/www.europesays.com\/fr\/526047\/","title":{"rendered":"les animateurs des \u00e9coles de la ville en gr\u00e8ve pour deux semaines"},"content":{"rendered":"<p>\n    Les animateurs protestent contre l\u2019embauche massive de vacataires sur des postes selon eux d\u00e9volus \u00e0 des titulaires. Au moins 119 \u00e9coles ont d\u00fb fermer leur cantine ce lundi.<\/p>\n<p class=\"fig-paragraph\">Les personnels d&rsquo;animation des 620\u00a0<a href=\"http:\/\/www.lefigaro.fr\/actualite-france\/paris-quartier-par-quartier-les-ecoles-elementaires-ou-les-enfants-ont-le-plus-de-chances-de-reussite-20221205\" data-fig-type=\"Article\" data-gtm-custom-categorie=\"navigation\" data-gtm-custom-action=\"crossclick\" data-gtm-custom-label=\"Contextuel\" data-gtm-event=\"customEventSPE\" data-fig-domain=\"LEFIGARO\" target=\"_blank\" rel=\"noopener\">\u00e9coles parisiennes<\/a>\u00a0sont appel\u00e9s \u00e0 la gr\u00e8ve jusqu&rsquo;au 21 novembre pour demander \u00e0 la ville de Paris le recrutement de milliers de titulaires face \u00e0 la \u00abpr\u00e9carisation massive\u00bb du secteur o\u00f9 \u00ables conditions d&rsquo;accueil des enfants se d\u00e9gradent\u00bb. \u00abC\u2019est la premi\u00e8re fois que les personnels de l\u2019animation, r\u00e9guli\u00e8rement en lutte depuis deux ans, sont appel\u00e9s \u00e0 une gr\u00e8ve aussi longue\u00bb, a expliqu\u00e9 le syndicaliste, ajoutant que le pr\u00e9avis \u00abpourrait \u00eatre \u00e9tendu jusqu\u2019au 31 d\u00e9cembre et renouvelable en 2026\u00bb si\u00a0<a href=\"http:\/\/www.lefigaro.fr\/politique\/de-polemique-en-discredit-la-fin-de-regne-crepusculaire-d-anne-hidalgo-a-la-mairie-de-paris-20251002\" data-fig-type=\"Article\" data-gtm-custom-categorie=\"navigation\" data-gtm-custom-action=\"crossclick\" data-gtm-custom-label=\"Contextuel\" data-gtm-event=\"customEventSPE\" data-fig-domain=\"LEFIGARO\" target=\"_blank\" rel=\"noopener\">la mairie dirig\u00e9e par Anne Hidalgo<\/a>\u00a0\u00abne bouge pas\u00bb.<\/p>\n<p class=\"fig-paragraph\">Quelque 200 \u00e9coles selon les syndicats, 119 selon la mairie, ont d\u00fb fermer leur cantine ce lundi 10 novembre. Plusieurs centaines d&rsquo;autres \u00e9tablissements ont par ailleurs fonctionn\u00e9 avec un taux d&rsquo;encadrement \u00abencore plus d\u00e9t\u00e9rior\u00e9 que d&rsquo;habitude\u00bb sur le temps p\u00e9riscolaire, a indiqu\u00e9 Nicolas L\u00e9ger, cosecr\u00e9taire g\u00e9n\u00e9ral du Supap-FSU qui appelle \u00e0 la gr\u00e8ve aux c\u00f4t\u00e9s de la CFDT et de la CGT. La ville de Paris a pr\u00e9cis\u00e9 avoir comptabilis\u00e9 537 gr\u00e9vistes.<\/p>\n<p>                                    <a class=\"fig-a11y-skip a11y-hidden\" href=\"#fig-a11y-skip-main-inarticle\"><br \/>\n        Passer la publicit\u00e9<br \/>\n    <\/a><\/p>\n<p>Des recrutements massifs de titulaires demand\u00e9s<\/p>\n<p class=\"fig-paragraph\">Au c\u0153ur des revendications\u00a0: des recrutements massifs de titulaires dans un secteur qui compte seulement 2500 adjoints d&rsquo;animation et 1000 animateurs contractuels, contre 8500 vacataires au statut pr\u00e9caire. \u00abDes milliers de vacataires sont souvent embauch\u00e9s ill\u00e9galement sur des postes permanents\u00bb, d\u00e9nonce l&rsquo;intersyndicale dans un communiqu\u00e9. La mairie de Paris met en avant un protocole sign\u00e9 par l&rsquo;Unsa, mis en place en septembre, qui pr\u00e9voit une \u00abvalorisation des m\u00e9tiers et de la fili\u00e8re de l&rsquo;animation\u00bb, avec une revalorisation de la prime des \u00abresponsables \u00e9ducatifs ville (REV)\u00bb et des animateurs lecture.<\/p>\n<p class=\"fig-paragraph\">Mais ces mesures, tout comme le plan de \u00abd\u00e9pr\u00e9carisation\u00bb engag\u00e9 il y a trois ans par la ville, restent loin du compte et la mairie \u00abpeine de plus en plus \u00e0 recruter\u00bb, sur fond de formations \u00abinsuffisantes\u00bb, r\u00e9pond le Supap-FSU. \u00abTous les jours, des postes ne sont pas pourvus, les \u00e9quipes travaillent \u00e0 flux tendus, elles sont \u00e9puis\u00e9es et les conditions d&rsquo;accueil des enfants se d\u00e9gradent\u00bb, d\u00e9plore Nicolas L\u00e9ger. Les syndicats pointent des difficult\u00e9s pour l&rsquo;inclusion des enfants \u00ab\u00e0 besoin \u00e9ducatif particulier\u00bb, notamment handicap\u00e9s, et r\u00e9clament du personnel d\u00e9di\u00e9 pour le change des enfants en maternelle.<\/p>\n<p class=\"fig-paragraph\">Cinq animateurs d&rsquo;\u00e9cole maternelle du 11e arrondissement ont \u00e9t\u00e9 suspendus cette ann\u00e9e pour soup\u00e7ons de \u00abfaits \u00e0 caract\u00e8re sexuel\u00bb, dont une agression. Sur les 30 suspensions d&rsquo;animateurs d\u00e9cid\u00e9es en 2025 \u00e0 Paris, 16 l&rsquo;ont \u00e9t\u00e9 pour des \u00absuspicions de faits \u00e0 caract\u00e8re sexuel, un chiffre stable par rapport \u00e0 2024 et 2023\u00bb, a pr\u00e9cis\u00e9 la mairie. \u00abNous demandons que l&rsquo;ensemble des animateurs, y compris les vacataires, soient form\u00e9s \u00e0 la pr\u00e9vention des violences sexistes et sexuelles, et pas seulement les REV comme c&rsquo;est le cas aujourd&rsquo;hui\u00bb, a comment\u00e9 le syndicaliste.<\/p>\n","protected":false},"excerpt":{"rendered":"Les animateurs protestent contre l\u2019embauche massive de vacataires sur des postes selon eux d\u00e9volus \u00e0 des titulaires. Au&hellip;\n","protected":false},"author":2,"featured_media":526048,"comment_status":"","ping_status":"","sticky":false,"template":"","format":"standard","meta":{"footnotes":""},"categories":[1888],"tags":[11,1057,1777,674,1011,27,6151,12,626,25,13167],"class_list":{"0":"post-526047","1":"post","2":"type-post","3":"status-publish","4":"format-standard","5":"has-post-thumbnail","7":"category-paris","8":"tag-actualites","9":"tag-education","10":"tag-eu","11":"tag-europe","12":"tag-fr","13":"tag-france","14":"tag-greve","15":"tag-news","16":"tag-paris","17":"tag-republique-francaise","18":"tag-ville-de-paris"},"share_on_mastodon":{"url":"https:\/\/pubeurope.com\/@fr\/115528296290924143","error":""},"_links":{"self":[{"href":"https:\/\/www.europesays.com\/fr\/wp-json\/wp\/v2\/posts\/526047","targetHints":{"allow":["GET"]}}],"collection":[{"href":"https:\/\/www.europesays.com\/fr\/wp-json\/wp\/v2\/posts"}],"about":[{"href":"https:\/\/www.europesays.com\/fr\/wp-json\/wp\/v2\/types\/post"}],"author":[{"embeddable":true,"href":"https:\/\/www.europesays.com\/fr\/wp-json\/wp\/v2\/users\/2"}],"replies":[{"embeddable":true,"href":"https:\/\/www.europesays.com\/fr\/wp-json\/wp\/v2\/comments?post=526047"}],"version-history":[{"count":0,"href":"https:\/\/www.europesays.com\/fr\/wp-json\/wp\/v2\/posts\/526047\/revisions"}],"wp:featuredmedia":[{"embeddable":true,"href":"https:\/\/www.europesays.com\/fr\/wp-json\/wp\/v2\/media\/526048"}],"wp:attachment":[{"href":"https:\/\/www.europesays.com\/fr\/wp-json\/wp\/v2\/media?parent=526047"}],"wp:term":[{"taxonomy":"category","embeddable":true,"href":"https:\/\/www.europesays.com\/fr\/wp-json\/wp\/v2\/categories?post=526047"},{"taxonomy":"post_tag","embeddable":true,"href":"https:\/\/www.europesays.com\/fr\/wp-json\/wp\/v2\/tags?post=526047"}],"curies":[{"name":"wp","href":"https:\/\/api.w.org\/{rel}","templated":true}]}}