{"id":526049,"date":"2025-11-11T00:44:14","date_gmt":"2025-11-11T00:44:14","guid":{"rendered":"https:\/\/www.europesays.com\/fr\/526049\/"},"modified":"2025-11-11T00:44:14","modified_gmt":"2025-11-11T00:44:14","slug":"une-attaque-de-drone-endommage-des-infrastructures-civiles-dans-la-region-de-saratov-selon-son-gouverneur","status":"publish","type":"post","link":"https:\/\/www.europesays.com\/fr\/526049\/","title":{"rendered":"une attaque de drone endommage des infrastructures civiles dans la r\u00e9gion de Saratov, selon son gouverneur"},"content":{"rendered":"<p>\n    \u00abTous les services d\u2019urgence ont \u00e9t\u00e9 d\u00e9p\u00each\u00e9s sur les lieux\u00bb, a indiqu\u00e9 le gouverneur Roman Basurgin sur l\u2019application de messagerie Telegram.<\/p>\n<p class=\"fig-paragraph\">Une attaque de drone men\u00e9e dans la nuit a endommag\u00e9 des infrastructures civiles dans la r\u00e9gion de Saratov, a d\u00e9clar\u00e9 mardi le gouverneur de cette r\u00e9gion situ\u00e9e \u00e0 l\u2019ouest de la\u00a0<a href=\"https:\/\/www.lefigaro.fr\/tag\/russie\" target=\"_blank\" rel=\"nofollow noopener\" data-gtm-custom-categorie=\"navigation\" data-gtm-custom-action=\"crossclick\" data-gtm-custom-label=\"Contextuel\" data-gtm-event=\"customEventSPE\">Russie<\/a>.<\/p>\n<p class=\"fig-paragraph\">\u00abTous les services d\u2019urgence ont \u00e9t\u00e9 d\u00e9p\u00each\u00e9s sur les lieux\u00bb, a indiqu\u00e9 le gouverneur Roman Basurgin sur l\u2019application de messagerie Telegram.<\/p>\n<p>                                    <a class=\"fig-a11y-skip a11y-hidden\" href=\"#fig-a11y-skip-main-inarticle\"><br \/>\n        Passer la publicit\u00e9<br \/>\n    <\/a><\/p>\n<p class=\"fig-paragraph\">Plus d\u2019informations \u00e0 venir&#8230;<\/p>\n","protected":false},"excerpt":{"rendered":"\u00abTous les services d\u2019urgence ont \u00e9t\u00e9 d\u00e9p\u00each\u00e9s sur les lieux\u00bb, a indiqu\u00e9 le gouverneur Roman Basurgin sur l\u2019application&hellip;\n","protected":false},"author":2,"featured_media":526050,"comment_status":"","ping_status":"","sticky":false,"template":"","format":"standard","meta":{"footnotes":""},"categories":[1591],"tags":[11,1887,131,12,1885,1886,132],"class_list":{"0":"post-526049","1":"post","2":"type-post","3":"status-publish","4":"format-standard","5":"has-post-thumbnail","7":"category-russie","8":"tag-actualites","9":"tag-federation-de-russie","10":"tag-guerre-en-ukraine","11":"tag-news","12":"tag-russia","13":"tag-russian-federation","14":"tag-russie"},"share_on_mastodon":{"url":"https:\/\/pubeurope.com\/@fr\/115528300284216472","error":""},"_links":{"self":[{"href":"https:\/\/www.europesays.com\/fr\/wp-json\/wp\/v2\/posts\/526049","targetHints":{"allow":["GET"]}}],"collection":[{"href":"https:\/\/www.europesays.com\/fr\/wp-json\/wp\/v2\/posts"}],"about":[{"href":"https:\/\/www.europesays.com\/fr\/wp-json\/wp\/v2\/types\/post"}],"author":[{"embeddable":true,"href":"https:\/\/www.europesays.com\/fr\/wp-json\/wp\/v2\/users\/2"}],"replies":[{"embeddable":true,"href":"https:\/\/www.europesays.com\/fr\/wp-json\/wp\/v2\/comments?post=526049"}],"version-history":[{"count":0,"href":"https:\/\/www.europesays.com\/fr\/wp-json\/wp\/v2\/posts\/526049\/revisions"}],"wp:featuredmedia":[{"embeddable":true,"href":"https:\/\/www.europesays.com\/fr\/wp-json\/wp\/v2\/media\/526050"}],"wp:attachment":[{"href":"https:\/\/www.europesays.com\/fr\/wp-json\/wp\/v2\/media?parent=526049"}],"wp:term":[{"taxonomy":"category","embeddable":true,"href":"https:\/\/www.europesays.com\/fr\/wp-json\/wp\/v2\/categories?post=526049"},{"taxonomy":"post_tag","embeddable":true,"href":"https:\/\/www.europesays.com\/fr\/wp-json\/wp\/v2\/tags?post=526049"}],"curies":[{"name":"wp","href":"https:\/\/api.w.org\/{rel}","templated":true}]}}