{"id":52605,"date":"2025-04-25T20:26:09","date_gmt":"2025-04-25T20:26:09","guid":{"rendered":"https:\/\/www.europesays.com\/fr\/52605\/"},"modified":"2025-04-25T20:26:09","modified_gmt":"2025-04-25T20:26:09","slug":"moins-en-confiance-sur-la-honda-zarco-a-sauve-les-meubles-avec-la-q2","status":"publish","type":"post","link":"https:\/\/www.europesays.com\/fr\/52605\/","title":{"rendered":"Moins en confiance sur la Honda, Zarco a \u00ab\u00a0sauv\u00e9 les meubles\u00a0\u00bb avec la Q2"},"content":{"rendered":"<p>Dans le top 10 des deux s\u00e9ances de la premi\u00e8re journ\u00e9e du Grand Prix d&rsquo;Espagne 2025 de MotoGP, <a href=\"https:\/\/fr.motorsport.com\/driver\/johann-zarco\/96107\/\" target=\"_blank\" rel=\"noopener\">Johann Zarco<\/a> s&rsquo;est offert son billet direct pour la Q2 ce samedi. Une performance qu&rsquo;il consid\u00e8re cependant plus comme une limitation des d\u00e9g\u00e2ts ce vendredi, en raison de sensations moins bonnes que lors des \u00e9preuves pr\u00e9c\u00e9dentes au guidon d&rsquo;une Honda ne lui offrant pas le m\u00eame niveau de confiance.<\/p>\n<p>\u00ab\u00a0Content de sauver les meubles, parce que les sensations sur la moto sont moins bonnes que les courses pr\u00e9c\u00e9dentes, [avec] moins de confiance\u00a0\u00bb, a-t-il ainsi d\u00e9clar\u00e9 au sortir de cette journ\u00e9e de vendredi. \u00ab\u00a0\u00c7a glisse davantage. On le savait, mais c&rsquo;est cool d&rsquo;avoir aussi plus de difficult\u00e9s et d&rsquo;essayer de trouver les r\u00e9glages sur la moto pour passer encore des caps.\u00a0\u00bb<\/p>\n<blockquote>\n<p>Je commence \u00e0 mieux conna\u00eetre ma moto, je sais mieux m&rsquo;arracher quand il faut et \u00e7a suffit. Mais ce ne sont pas des sensations de bon pilotage pour le moment.<\/p>\n<\/blockquote>\n<p>\u00ab\u00a0Du coup, content de sauver la Q2, c&rsquo;est un gain d&rsquo;\u00e9nergie pour demain et j&rsquo;esp\u00e8re pouvoir avoir encore plus de confiance, parce que je sens que j&rsquo;ai fait ce chrono parce que je commence \u00e0 mieux conna\u00eetre ma moto, et je sais mieux m&rsquo;arracher quand il faut et \u00e7a suffit. Mais ce ne sont pas des sensations de bon pilotage pour le moment. J&rsquo;esp\u00e8re qu&rsquo;on pourra passer ce cap demain pour avoir du rythme et bien se bagarrer en course, parce que tu sens qu&rsquo;il y a quelque chose de bon \u00e0 faire encore ici.\u00a0\u00bb<\/p>\n<p>Amen\u00e9 \u00e0 se pencher plus avant sur les raisons de ce d\u00e9ficit de confiance, Zarco d&rsquo;ajouter : \u00ab\u00a0C&rsquo;est assez normal\u00a0: la piste est plus petite, cet asphalte glisse plus que sur les autres pistes et on peut voir que nous ne sommes pas les seuls \u00e0 avoir des probl\u00e8mes, beaucoup d&rsquo;autres pilotes ont du mal. Donc je suis content que, malgr\u00e9 cette situation difficile, j&rsquo;aie pu sauver un temps et aller directement en Q2.\u00a0\u00bb <\/p>\n<p>Au moment de comparer ses sensations ce vendredi avec celles d&rsquo;il y a un an, le Fran\u00e7ais pointe que c&rsquo;est le jour et la nuit\u00a0: \u00ab\u00a0Pour moi, ce sont des avanc\u00e9es progressives [qui expliquent l&rsquo;am\u00e9lioration de Honda]. Si je compare \u00e0 il y a un an, nous \u00e9tions juste trop loin. On ne pouvait m\u00eame pas incliner la moto, l&rsquo;an pass\u00e9. Cette ann\u00e9e, les choses fonctionnent et nous allons vite. Donc on prend. On voit des probl\u00e8mes de vibrations, nous ne sommes pas les seuls, mais nous devons les corriger parce que les Ducati sont bien plus en contr\u00f4le de ce genre de probl\u00e8mes et on peut voir que quand leur feeling est bon, elles vont tr\u00e8s vite.\u00a0\u00bb<\/p>\n<p>Objectif top 6 pour Zarco<br \/>\n   <img decoding=\"async\" draggable=\"false\" src=\"https:\/\/www.europesays.com\/fr\/wp-content\/uploads\/2025\/04\/1745612769_649_johann-zarco-team-lcr-honda.jpg\" alt=\"Johann Zarco (LCR Honda).\" width=\"1200\" height=\"800\" loading=\"lazy\"\/> <\/p>\n<p class=\"title\">Johann Zarco (LCR Honda).<\/p>\n<p class=\"photographer\">Photo de: Gold and Goose \/ Motorsport Images<\/p>\n<p>Ces vibrations justement, sont-elles tout de m\u00eame moindres sur un circuit \u00e0 faible adh\u00e9rence comme Jerez\u00a0? \u00ab\u00a0M\u00eame pas. En fait, la vibration n&rsquo;est pas due qu&rsquo;au grip, il y a aussi un facteur glisse de travers &#8211; quand tu t&rsquo;\u00e9cartes du virage &#8211; et c&rsquo;est d\u00e9licat \u00e0 g\u00e9rer. Il y en a [\u00e0 Jerez] parce qu&rsquo;il y a des virages quand m\u00eame tr\u00e8s rapides et c&rsquo;est souvent dans les virages rapides, quand il faut beaucoup pencher la moto, que les vibrations se cr\u00e9ent. Et l\u00e0, sur ce que j&rsquo;ai vu d&rsquo;<a href=\"https:\/\/fr.motorsport.com\/driver\/alex-marquez\/96324\/\" target=\"_blank\" rel=\"noopener\">\u00c1lex\u00a0M\u00e1rquez<\/a> [auteur du meilleur temps du jour sur la Ducati Gresini], c&rsquo;est sa force aussi\u00a0: il penche beaucoup et \u00e7a tourne \u00e9norm\u00e9ment. \u00c7a nous manque. En g\u00e9n\u00e9ral, la moto me donne beaucoup de confiance sur l&rsquo;avant et l\u00e0, je sens que l&rsquo;avant glisse ; ce n&rsquo;est presque pas normal.\u00a0\u00bb<\/p>\n<blockquote>\n<p>S&rsquo;il faut prendre des risques, on les prendra, mais le mieux, c&rsquo;est quand m\u00eame de rouler vite avec moins de risques.<\/p>\n<\/blockquote>\n<p>\u00ab\u00a0Si tu es bien sur la moto, \u00e7a te fait gagner beaucoup de places d&rsquo;un seul coup, ce qui est bien\u00a0\u00bb, a-t-il plus tard ajout\u00e9, quand les faibles \u00e9carts ont \u00e9t\u00e9 \u00e9voqu\u00e9s. \u00ab\u00a0Du coup, je le prends plus comme \u00e7a, c&rsquo;est une mani\u00e8re de gagner beaucoup de places. Parce que je sens qu&rsquo;il y a toujours un potentiel \u00e0 utiliser, avec plus ou moins de d\u00e9pense d&rsquo;\u00e9nergie ou de prise de risques. Donc bon, s&rsquo;il faut prendre des risques, on les prendra, mais le mieux, c&rsquo;est quand m\u00eame de rouler vite avec moins de risques.\u00a0\u00bb<\/p>\n<p>Apr\u00e8s cette septi\u00e8me place du jour au terme des Essais, Zarco s&rsquo;attend en tout cas \u00e0 ce que le rythme soit impressionnant ce samedi matin lors des qualifications et se fixe comme objectif d&rsquo;\u00eatre au moins en deuxi\u00e8me ligne et de jouer le top 6 \u00e9galement lors du sprint de l&rsquo;apr\u00e8s-midi\u00a0: \u00ab\u00a0Le matin, la piste accroche quand m\u00eame vraiment. Maintenant, je suis plus sensible \u00e0 cette accroche par rapport aux ann\u00e9es pr\u00e9c\u00e9dentes et je me rends compte que Jerez, d\u00e8s que \u00e7a chauffe, c&rsquo;est compliqu\u00e9 mais pour tout le monde.\u00a0\u00bb<\/p>\n<p>\u00ab\u00a0Donc demain, ouais, \u00e7a fera pas mal de pilotes en 1&rsquo;35. Si on peut faire deuxi\u00e8me ligne, c&rsquo;est bien.\u00a0Pareil au sprint\u00a0: des bons points. Franchement, dans l&rsquo;espoir de passer les caps et le contr\u00f4le que j&rsquo;aimerais avoir, c&rsquo;est pour jouer les six premiers.\u00a0\u00bb<\/p>\n<p style=\"text-align: right;\">Avec Germ\u00e1n Garcia Casanova<\/p>\n<p>Lire aussi :<\/p>\n<p>Dans cet article<\/p>\n<p>    Fabien Gaillard\n<\/p>\n<p>    MotoGP\n<\/p>\n<p>    Johann Zarco\n<\/p>\n<p>    Team LCR\n<\/p>\n<p>Soyez le premier inform\u00e9 et souscrivez aux alertes mails pour recevoir les infos en temps r\u00e9el<\/p>\n<p>    S&rsquo;abonner aux alertes de news<\/p>\n","protected":false},"excerpt":{"rendered":"Dans le top 10 des deux s\u00e9ances de la premi\u00e8re journ\u00e9e du Grand Prix d&rsquo;Espagne 2025 de MotoGP,&hellip;\n","protected":false},"author":2,"featured_media":52606,"comment_status":"","ping_status":"","sticky":false,"template":"","format":"standard","meta":{"footnotes":""},"categories":[1413],"tags":[12530,1011,27,12529,1741,1457,1456,1458,60,3771],"class_list":{"0":"post-52605","1":"post","2":"type-post","3":"status-publish","4":"format-standard","5":"has-post-thumbnail","7":"category-moto","8":"tag-circuito-de-jerez","9":"tag-fr","10":"tag-france","11":"tag-gp-despagne","12":"tag-johann-zarco","13":"tag-moto","14":"tag-motocycle","15":"tag-motogp","16":"tag-sports","17":"tag-team-lcr"},"share_on_mastodon":{"url":"https:\/\/pubeurope.com\/@fr\/114400485962211384","error":""},"_links":{"self":[{"href":"https:\/\/www.europesays.com\/fr\/wp-json\/wp\/v2\/posts\/52605","targetHints":{"allow":["GET"]}}],"collection":[{"href":"https:\/\/www.europesays.com\/fr\/wp-json\/wp\/v2\/posts"}],"about":[{"href":"https:\/\/www.europesays.com\/fr\/wp-json\/wp\/v2\/types\/post"}],"author":[{"embeddable":true,"href":"https:\/\/www.europesays.com\/fr\/wp-json\/wp\/v2\/users\/2"}],"replies":[{"embeddable":true,"href":"https:\/\/www.europesays.com\/fr\/wp-json\/wp\/v2\/comments?post=52605"}],"version-history":[{"count":0,"href":"https:\/\/www.europesays.com\/fr\/wp-json\/wp\/v2\/posts\/52605\/revisions"}],"wp:featuredmedia":[{"embeddable":true,"href":"https:\/\/www.europesays.com\/fr\/wp-json\/wp\/v2\/media\/52606"}],"wp:attachment":[{"href":"https:\/\/www.europesays.com\/fr\/wp-json\/wp\/v2\/media?parent=52605"}],"wp:term":[{"taxonomy":"category","embeddable":true,"href":"https:\/\/www.europesays.com\/fr\/wp-json\/wp\/v2\/categories?post=52605"},{"taxonomy":"post_tag","embeddable":true,"href":"https:\/\/www.europesays.com\/fr\/wp-json\/wp\/v2\/tags?post=52605"}],"curies":[{"name":"wp","href":"https:\/\/api.w.org\/{rel}","templated":true}]}}