{"id":526051,"date":"2025-11-11T00:45:26","date_gmt":"2025-11-11T00:45:26","guid":{"rendered":"https:\/\/www.europesays.com\/fr\/526051\/"},"modified":"2025-11-11T00:45:26","modified_gmt":"2025-11-11T00:45:26","slug":"ukraine-a-kharkiv-la-vie-au-rythme-des-coupures-de-courant-dues-aux-frappes-russes","status":"publish","type":"post","link":"https:\/\/www.europesays.com\/fr\/526051\/","title":{"rendered":"Ukraine: \u00e0 Kharkiv, la vie au rythme des coupures de courant dues aux frappes russes"},"content":{"rendered":"<p><a class=\"m-item-image m-item-image--1x1 o-podcast-header__image\" href=\"https:\/\/www.rfi.fr\/fr\/podcasts\/reportage-international\/\" title=\"Reportage international\" data-article-item-link=\"\" aria-hidden=\"true\" tabindex=\"-1\" target=\"_blank\" rel=\"noopener\"><\/p>\n<p><img decoding=\"async\" fetchpriority=\"high\" src=\"https:\/\/www.europesays.com\/fr\/wp-content\/uploads\/2025\/09\/carre-3000-reportage-international.jpg\"   width=\"480\" height=\"480\" alt=\"Image carr\u00e9e\" loading=\"eager\" class=\"a-img \"\/><br \/>\n                                <\/a>                <\/p>\n<p class=\"t-content__chapo\">\n                                                En Ukraine, apr\u00e8s que Moscou a lanc\u00e9 plus de 450 drones et 45 missiles dans la nuit du 7 au 8 novembre sur l&rsquo;ensemble des infrastructures \u00e9nerg\u00e9tiques du pays, la population se pr\u00e9pare \u00e0 des mois difficiles. Cette violente campagne est\u00a0l&rsquo;une des plus importantes depuis le d\u00e9but de l&rsquo;invasion \u00e0 grande \u00e9chelle. \u00c0 Kharkiv, dans le nord est du pays, les pannes d&rsquo;\u00e9lectricit\u00e9, d&rsquo;eau et de chauffage ont dur\u00e9 tout le week-end, mais les habitants ont appris \u00e0 s&rsquo;adapter.                    <\/p>\n<p><img decoding=\"async\" fetchpriority=\"low\" src=\"https:\/\/www.europesays.com\/fr\/wp-content\/uploads\/2025\/11\/2025-11-09T213516Z-473302160-RC23THA0L9CS-RTRMADP-3-UKRAINE-CRISIS-ATTACK-KHARKIV-BLACKOUT.jpg\"   width=\"1024\" height=\"576\" alt=\"La ville de Kharkiv plong\u00e9e dans le noir apr\u00e8s des attaques de drones russes sur les infrastructures \u00e9nerg\u00e9tiques, le 9 novembre 2025. \" loading=\"eager\" class=\"a-img \"\/><\/p>\n<p>                La ville de Kharkiv plong\u00e9e dans le noir apr\u00e8s des attaques de drones russes sur les infrastructures \u00e9nerg\u00e9tiques, le 9 novembre 2025.                 \u00a9 Vyacheslav Madiyevskyy \/ Reuters            <\/p>\n","protected":false},"excerpt":{"rendered":"En Ukraine, apr\u00e8s que Moscou a lanc\u00e9 plus de 450 drones et 45 missiles dans la nuit du&hellip;\n","protected":false},"author":2,"featured_media":526052,"comment_status":"","ping_status":"","sticky":false,"template":"","format":"standard","meta":{"footnotes":""},"categories":[1590],"tags":[11,4427,1777,674,12,2436,132,220],"class_list":{"0":"post-526051","1":"post","2":"type-post","3":"status-publish","4":"format-standard","5":"has-post-thumbnail","7":"category-ukraine","8":"tag-actualites","9":"tag-energies","10":"tag-eu","11":"tag-europe","12":"tag-news","13":"tag-reportage-international","14":"tag-russie","15":"tag-ukraine"},"share_on_mastodon":{"url":"https:\/\/pubeurope.com\/@fr\/115528304948490302","error":""},"_links":{"self":[{"href":"https:\/\/www.europesays.com\/fr\/wp-json\/wp\/v2\/posts\/526051","targetHints":{"allow":["GET"]}}],"collection":[{"href":"https:\/\/www.europesays.com\/fr\/wp-json\/wp\/v2\/posts"}],"about":[{"href":"https:\/\/www.europesays.com\/fr\/wp-json\/wp\/v2\/types\/post"}],"author":[{"embeddable":true,"href":"https:\/\/www.europesays.com\/fr\/wp-json\/wp\/v2\/users\/2"}],"replies":[{"embeddable":true,"href":"https:\/\/www.europesays.com\/fr\/wp-json\/wp\/v2\/comments?post=526051"}],"version-history":[{"count":0,"href":"https:\/\/www.europesays.com\/fr\/wp-json\/wp\/v2\/posts\/526051\/revisions"}],"wp:featuredmedia":[{"embeddable":true,"href":"https:\/\/www.europesays.com\/fr\/wp-json\/wp\/v2\/media\/526052"}],"wp:attachment":[{"href":"https:\/\/www.europesays.com\/fr\/wp-json\/wp\/v2\/media?parent=526051"}],"wp:term":[{"taxonomy":"category","embeddable":true,"href":"https:\/\/www.europesays.com\/fr\/wp-json\/wp\/v2\/categories?post=526051"},{"taxonomy":"post_tag","embeddable":true,"href":"https:\/\/www.europesays.com\/fr\/wp-json\/wp\/v2\/tags?post=526051"}],"curies":[{"name":"wp","href":"https:\/\/api.w.org\/{rel}","templated":true}]}}