{"id":526055,"date":"2025-11-11T00:47:16","date_gmt":"2025-11-11T00:47:16","guid":{"rendered":"https:\/\/www.europesays.com\/fr\/526055\/"},"modified":"2025-11-11T00:47:16","modified_gmt":"2025-11-11T00:47:16","slug":"restitution-au-ghana-de-plus-de-130-tresors-ashantis-detenus-au-royaume-uni-et-en-suisse","status":"publish","type":"post","link":"https:\/\/www.europesays.com\/fr\/526055\/","title":{"rendered":"Restitution au Ghana de plus de 130 tr\u00e9sors ashantis d\u00e9tenus au Royaume-Uni et en Suisse"},"content":{"rendered":"<p>                      <img loading=\"lazy\" decoding=\"async\" src=\"https:\/\/www.europesays.com\/fr\/wp-content\/uploads\/2025\/11\/25f5f1e_ftp-import-images-1-8kspavlexcxj-2025-10-31t100228z-770347288-rc2dmhay09il-rtrmadp-3-newmont.jpeg\" alt=\"Asantehene Otumfuo Nana Osei Tutu II (\u00e0 gauche), 75\u00a0ans, s\u2019entretient avec la vice-pr\u00e9sidente du Ghana, Naana Jane Opoku-Agyemang (\u00e0 droite), 73\u00a0ans, \u00e0 Afrisipakrom, au Ghana, 30\u00a0octobre 2025. \"   width=\"664\" height=\"443\"\/>    Asantehene Otumfuo Nana Osei Tutu II (\u00e0 gauche), 75\u00a0ans, s\u2019entretient avec la vice-pr\u00e9sidente du Ghana, Naana Jane Opoku-Agyemang (\u00e0 droite), 73\u00a0ans, \u00e0 Afrisipakrom, au Ghana, 30\u00a0octobre 2025.  FRANCIS KOKOROKO \/ REUTERS                        <\/p>\n<p class=\"article__paragraph  \">Plus de 130 objets en or et en bronze d\u00e9tenus au Royaume-Uni et en Suisse ont \u00e9t\u00e9 restitu\u00e9s au Ghana, a annonc\u00e9 le roi des Ashantis, un peuple de ce pays d\u2019Afrique de l\u2019est.<\/p>\n<p class=\"article__paragraph  \">Le roi Osei Tutu II a officiellement re\u00e7u les artefacts \u2013 des insignes royaux, des tambours et des poids d\u2019or c\u00e9r\u00e9moniels \u2013 dimanche 9\u00a0novembre au mus\u00e9e du palais Manhyia \u00e0 Kumasi (centre), capitale traditionnelle des Ashantis, selon un communiqu\u00e9.<\/p>\n<p class=\"article__paragraph  \">Cette derni\u00e8re restitution comprenait 110 artefacts de la collection du mus\u00e9e Barbier-Mueller de Gen\u00e8ve, en Suisse, rassembl\u00e9e par le collectionneur Josef Mueller en\u00a01904.<\/p>\n<p>   Lire plus tard  <\/p>\n<p>                        Tambour en bois                  <\/p>\n<p class=\"article__paragraph  \">Vingt-cinq autres objets ont \u00e9t\u00e9 donn\u00e9s par l\u2019historienne de l\u2019art britannique Hermione Waterfield, qui a fond\u00e9 le d\u00e9partement d\u2019art premier chez Christie\u2019s en\u00a01971. Selon le directeur du mus\u00e9e du palais Manhyia, Ivor Agyeman-Duah, les dons d\u2019Hermione Waterfield comprennent un tambour en bois qui aurait \u00e9t\u00e9 saisi lors du si\u00e8ge de Kumasi par les forces coloniales britanniques en\u00a01900.<\/p>\n<p class=\"article__paragraph  \">En\u00a02024, le mus\u00e9e du palais Manhyia avait re\u00e7u 67 objets restitu\u00e9s ou pr\u00eat\u00e9s par des institutions telles que le British Museum et le Victoria and Albert Museum de Londres, ainsi que le Fowler Museum de Los Angeles.<\/p>\n<p>   Lire plus tard  <\/p>\n<p class=\"article__paragraph  \">Le roi a \u00e9galement remerci\u00e9 AngloGold Ashanti, une entreprise mini\u00e8re sud-africaine, pour avoir restitu\u00e9 en\u00a02024 plusieurs \u0153uvres achet\u00e9es sur le march\u00e9 libre.<\/p>\n<p class=\"author__detail\">  Le Monde avec AFP  <\/p>\n<p>L\u2019espace des contributions est r\u00e9serv\u00e9 aux abonn\u00e9s.<\/p>\n<p>Abonnez-vous pour acc\u00e9der \u00e0 cet espace d\u2019\u00e9change et contribuer \u00e0 la discussion.<\/p>\n<p>    <a href=\"https:\/\/abo.lemonde.fr\/?edi_medium=BOUTONS_LMFR&amp;edi_campaign=CONTRIBUTION_ARTICLE\" class=\"btn btn--premium js-btn-premium\" rel=\"nofollow noopener\" target=\"_blank\">S\u2019abonner<\/a>              <a href=\"https:\/\/www.lemonde.fr\/syndication\/\" class=\"reuse__content\" title=\"R\u00e9utiliser ce contenu\" target=\"_blank\" rel=\"nofollow noopener\">R\u00e9utiliser ce contenu<\/a>      <\/p>\n","protected":false},"excerpt":{"rendered":"Asantehene Otumfuo Nana Osei Tutu II (\u00e0 gauche), 75\u00a0ans, s\u2019entretient avec la vice-pr\u00e9sidente du Ghana, Naana Jane Opoku-Agyemang&hellip;\n","protected":false},"author":2,"featured_media":526056,"comment_status":"","ping_status":"","sticky":false,"template":"","format":"standard","meta":{"footnotes":""},"categories":[1588],"tags":[11,1777,674,12,473,1853,1851,1850,1852],"class_list":{"0":"post-526055","1":"post","2":"type-post","3":"status-publish","4":"format-standard","5":"has-post-thumbnail","7":"category-royaume-uni","8":"tag-actualites","9":"tag-eu","10":"tag-europe","11":"tag-news","12":"tag-royaume-uni","13":"tag-royaume-uni-de-grande-bretagne-et-dirlande-du-nord","14":"tag-uk","15":"tag-united-kingdom","16":"tag-united-kingdom-of-great-britain-and-northern-ireland"},"share_on_mastodon":{"url":"https:\/\/pubeurope.com\/@fr\/115528312075882895","error":""},"_links":{"self":[{"href":"https:\/\/www.europesays.com\/fr\/wp-json\/wp\/v2\/posts\/526055","targetHints":{"allow":["GET"]}}],"collection":[{"href":"https:\/\/www.europesays.com\/fr\/wp-json\/wp\/v2\/posts"}],"about":[{"href":"https:\/\/www.europesays.com\/fr\/wp-json\/wp\/v2\/types\/post"}],"author":[{"embeddable":true,"href":"https:\/\/www.europesays.com\/fr\/wp-json\/wp\/v2\/users\/2"}],"replies":[{"embeddable":true,"href":"https:\/\/www.europesays.com\/fr\/wp-json\/wp\/v2\/comments?post=526055"}],"version-history":[{"count":0,"href":"https:\/\/www.europesays.com\/fr\/wp-json\/wp\/v2\/posts\/526055\/revisions"}],"wp:featuredmedia":[{"embeddable":true,"href":"https:\/\/www.europesays.com\/fr\/wp-json\/wp\/v2\/media\/526056"}],"wp:attachment":[{"href":"https:\/\/www.europesays.com\/fr\/wp-json\/wp\/v2\/media?parent=526055"}],"wp:term":[{"taxonomy":"category","embeddable":true,"href":"https:\/\/www.europesays.com\/fr\/wp-json\/wp\/v2\/categories?post=526055"},{"taxonomy":"post_tag","embeddable":true,"href":"https:\/\/www.europesays.com\/fr\/wp-json\/wp\/v2\/tags?post=526055"}],"curies":[{"name":"wp","href":"https:\/\/api.w.org\/{rel}","templated":true}]}}