{"id":526061,"date":"2025-11-11T00:50:21","date_gmt":"2025-11-11T00:50:21","guid":{"rendered":"https:\/\/www.europesays.com\/fr\/526061\/"},"modified":"2025-11-11T00:50:21","modified_gmt":"2025-11-11T00:50:21","slug":"la-taxe-carbone-aux-frontieres-europeennes-ce-mecanisme-qui-irrite-la-chine-et-linde-lexpress","status":"publish","type":"post","link":"https:\/\/www.europesays.com\/fr\/526061\/","title":{"rendered":"la taxe carbone aux fronti\u00e8res europ\u00e9ennes, ce m\u00e9canisme qui irrite la Chine et l\u2019Inde \u2013 L&rsquo;Express"},"content":{"rendered":"<p class=\"paragraph article-body-paragraph article__item   article-body-paragraph--first \">C&rsquo;est un m\u00e9canisme environnemental europ\u00e9en qui pourrait obstruer <a href=\"https:\/\/www.lexpress.fr\/monde\/a-la-cop30-le-front-contre-les-energies-fossiles-se-reveille-CQDKUFDOEBEVXO7HI3ZLWSEZ2Q\/\" target=\"_self\" rel=\"nofollow noopener\" title=\"https:\/\/www.lexpress.fr\/monde\/a-la-cop30-le-front-contre-les-energies-fossiles-se-reveille-CQDKUFDOEBEVXO7HI3ZLWSEZ2Q\/\">les n\u00e9gociations \u00e0 la COP30<\/a>. La <a href=\"https:\/\/www.lexpress.fr\/environnement\/la-taxe-carbone_783814.html\" target=\"_self\" rel=\"nofollow noopener\" title=\"https:\/\/www.lexpress.fr\/environnement\/la-taxe-carbone_783814.html\">taxe carbone<\/a> aux fronti\u00e8res de l&rsquo;Union europ\u00e9enne s&rsquo;invite dans les discussions \u00e0 Bel\u00e9m, au Br\u00e9sil, qui ont commenc\u00e9 ce 10 novembre. Cette <a href=\"https:\/\/La guerre douani\u00e8re freinera les efforts en mati\u00e8re de climat, avertit la DG de la COP30\" target=\"_self\" rel=\"nofollow\" title=\"https:\/\/La guerre douani\u00e8re freinera les efforts en mati\u00e8re de climat, avertit la DG de la COP30\">taxe<\/a> vise \u00e0 imposer aux importations un prix du carbone similaire \u00e0 celui en vigueur en Europe, o\u00f9 les entreprises paient, en quelque sorte, pour polluer. En clair, les produits import\u00e9s polluants ne sauraient \u00eatre plus chers que ceux europ\u00e9ens. Parmi les secteurs concern\u00e9s : l&rsquo;acier, l&rsquo;aluminium, le ciment, les engrais, l&rsquo;\u00e9lectricit\u00e9 et l&rsquo;hydrog\u00e8ne &#8211; dont la Chine et l\u2019Inde sont de grands producteurs.<\/p>\n<p><strong class=\"article-body-link-list__item text-gray-800 article-body-link-list__item--one-item\">LIRE AUSSI : <a class=\"article-body-link-list__item-link\" href=\"https:\/\/www.lexpress.fr\/economie\/cop-30-dix-ans-apres-les-accords-de-paris-lheure-des-coalitions-climatiques-a-la-carte-KPQE3HVA3VH6ZNGMSOD25Q4LBQ\/\" rel=\"nofollow noopener\" target=\"_blank\">COP30 : dix ans apr\u00e8s les accords de Paris, l&rsquo;heure des coalitions climatiques \u00e0 la carte ?<\/a><\/strong><\/p>\n<p class=\"paragraph article-body-paragraph article__item   \">Pour ces deux pays asiatiques, la taxe carbone, si elle devenait pleinement op\u00e9rationnelle en 2026 comme pr\u00e9vu, repr\u00e9senterait un lourd manque \u00e0 gagner. Selon le rapport \u00ab\u00a0R\u00e9ponse du Sud global \u00e0 un r\u00e9gime commercial en mutation \u00e0 l&rsquo;\u00e8re du changement climatique\u00a0\u00bb, cit\u00e9 par <a href=\"https:\/\/lepetitjournal.com\/inde\/actualites\/nouvelle-taxe-carbone-ue-inde-pourrait-perdre-0.05-pib-390217\" target=\"_self\" rel=\"nofollow noopener\" title=\"https:\/\/lepetitjournal.com\/inde\/actualites\/nouvelle-taxe-carbone-ue-inde-pourrait-perdre-0.05-pib-390217\">Lepetitjournal.com<\/a>, l\u2019Inde pourrait perdre jusqu&rsquo;\u00e0 0,5 % de son PIB avec cette taxe. Quant \u00e0 la Chine, Le Monde \u00e9voquait en avril 2024 l&rsquo;importance de sa \u00ab\u00a0d\u00e9ferlante d&rsquo;acier\u00a0\u00bb, dont l\u2019UE d\u00e9pend fortement notamment pour construire les infrastructures d\u2019\u00e9nergie renouvelable.<\/p>\n<p>Hausse de la taxe carbone<\/p>\n<p class=\"paragraph article-body-paragraph article__item   \">La taxe carbone repose sur un principe : les importateurs &#8211; souvent des grandes soci\u00e9t\u00e9s de trading &#8211; doivent d\u00e9clarer les \u00e9missions de CO2 li\u00e9es \u00e0 la production \u00e0 l&rsquo;\u00e9tranger. Si celles-ci d\u00e9passent les standards europ\u00e9ens, ils doivent acheter un \u00ab\u00a0certificat d&rsquo;\u00e9mission\u00a0\u00bb au prix du CO2 dans l&rsquo;UE. Or, ce tarif ne cesse d\u2019augmenter : actuellement autour de 70 euros la tonne, il \u00ab\u00a0devrait atteindre plus de 100 euros d&rsquo;ici 2030\u00a0\u00bb, expliquait \u00e0 l\u2019AFP ce lundi Pierre Leturcq, de l&rsquo;Institute for European Environmental Policy. Une hausse qui pourrait \u00ab\u00a0quasiment doubler le prix de la tonne d&rsquo;acier\u00a0\u00bb, poursuit-il.<\/p>\n<p class=\"paragraph article-body-paragraph article__item   \">D\u2019o\u00f9 les r\u00e9actions offusqu\u00e9es des g\u00e9ants chinois et indiens, qui exigent, avec la Bolivie, d&rsquo;inscrire les \u00ab\u00a0mesures commerciales unilat\u00e9rales\u00a0\u00bb \u00e0 l&rsquo;ordre du jour de la conf\u00e9rence de l&rsquo;ONU sur le climat (<a href=\"https:\/\/www.lexpress.fr\/environnement\/climat-les-etats-unis-boudent-la-cop30-en-amazonie-EWU6L2R4QNHQ3LYAOCLXOSC5SM\/\" target=\"_self\" rel=\"nofollow noopener\" title=\"https:\/\/www.lexpress.fr\/environnement\/climat-les-etats-unis-boudent-la-cop30-en-amazonie-EWU6L2R4QNHQ3LYAOCLXOSC5SM\/\">COP30<\/a>) pour n\u00e9gocier sur cette taxe carbone.<\/p>\n<p>A qui la responsabilit\u00e9 environnementale ?<\/p>\n<p class=\"paragraph article-body-paragraph article__item   \">En creux, le bras de fer se joue &#8211; et se rejoue &#8211; entre les pays dits du Sud et les pays dits du Nord. L\u2019Europe souhaite avant tout \u00ab\u00a0\u00e9viter le ph\u00e9nom\u00e8ne des fuites de carbone\u00a0\u00bb, selon Pierre Leturcq, c&rsquo;est-\u00e0-dire emp\u00eacher que des entreprises polluantes d\u00e9localisent leur production vers des pays o\u00f9 les r\u00e9glementations climatiques sont moins strictes. Elle pr\u00e9sente le m\u00e9canisme comme un outil \u00ab\u00a0vertueux\u00a0\u00bb, incitant le reste du monde \u00e0 renforcer ses exigences environnementales.<\/p>\n<p class=\"paragraph article-body-paragraph article__item   \">En face, les pays concern\u00e9s y voient une barri\u00e8re commerciale d\u00e9guis\u00e9e. Cet instrument a \u00e9t\u00e9 \u00ab\u00a0mal compris\u00a0\u00bb et \u00ab\u00a0mal interpr\u00e9t\u00e9\u00a0\u00bb par les partenaires commerciaux de l&rsquo;UE, estime Elisa Giannelli, du think tank environnemental E3G. Car \u00ab\u00a0personne n&rsquo;a vraiment pris la peine de leur expliquer de quoi il s&rsquo;agit\u00a0\u00bb.<\/p>\n<p><strong class=\"article-body-link-list__item text-gray-800 article-body-link-list__item--one-item\">LIRE AUSSI : <a class=\"article-body-link-list__item-link\" href=\"https:\/\/www.lexpress.fr\/idees-et-debats\/les-etats-unis-de-trump-sont-devenus-lempire-du-mal-ecologique-le-regard-cash-de-nils-gilman-sur-les-W76SK7V6RFDQVEL5344X5S2FNM\/\" rel=\"nofollow noopener\" target=\"_blank\">\u00ab\u00a0Les COP ressemblent \u00e0 une s\u00e9ance de th\u00e9rapie\u2026\u00a0\u00bb : le regard cash du futurologue Nils Gilman<\/a><\/strong><\/p>\n<p class=\"paragraph article-body-paragraph article__item   \">Les pays en d\u00e9veloppement, dont la Chine et l\u2019Inde, r\u00e9pliquent aussi que la taxe carbone viole <a href=\"https:\/\/www.lexpress.fr\/monde\/premiere-cop-en-amazonie-les-dirigeants-a-belem-pour-sauver-la-lutte-climatique-F3J3CATRVRBTDBP2DDUQPDD5AU\/\" target=\"_self\" rel=\"nofollow noopener\" title=\"https:\/\/www.lexpress.fr\/monde\/premiere-cop-en-amazonie-les-dirigeants-a-belem-pour-sauver-la-lutte-climatique-F3J3CATRVRBTDBP2DDUQPDD5AU\/\">le principe de l&rsquo;Accord de Paris<\/a> de \u00ab\u00a0responsabilit\u00e9s communes mais diff\u00e9renci\u00e9es.\u00a0\u00bb Selon cette id\u00e9e, les premiers pays industrialis\u00e9s ont plus contribu\u00e9 au r\u00e9chauffement climatique. Ils ne sauraient ainsi imposer les m\u00eames mesures de redressement et de r\u00e9paration qu\u2019ils s\u2019imposent \u00e0 eux-m\u00eames. Autant de tensions \u200b\u200bqui pourraient, selon Pierre Leturcq, parasiter les \u00ab\u00a0discussions de fond\u00a0\u00bb de la COP30 sur le financement de la lutte contre le changement climatique et les efforts d&rsquo;att\u00e9nuation, qui n\u00e9cessitent des centaines de milliards d&rsquo;euros.<\/p>\n<p>La place ambivalente de la Chine et l\u2019Inde<\/p>\n<p class=\"paragraph article-body-paragraph article__item   \">Tout ceci rel\u00e8ve d&rsquo;un faux proc\u00e8s, selon l&rsquo;eurod\u00e9put\u00e9 centriste Pascal Canfin. Le CBAM \u00ab\u00a0concerne essentiellement les \u00e9changes avec les pays industrialis\u00e9s, les Etats-Unis, le Canada, la Chine, plus la Russie et l&rsquo;Ukraine pour les fertilisants. C&rsquo;est un non-sujet pour les pays en d\u00e9veloppement\u00a0\u00bb, juge l&rsquo;\u00e9lu, qui a port\u00e9 le texte au Parlement europ\u00e9en.<\/p>\n<p class=\"paragraph article-body-paragraph article__item   \">L\u2019Inde, elle, adopte une position plus ambivalente. Alors que des tensions commerciales montent entre la Chine et l\u2019UE, New Delhi souhaite concurrencer son voisin, deuxi\u00e8me puissance \u00e9conomique mondiale, et devenir un partenaire privil\u00e9gi\u00e9 de l\u2019Europe. L\u2019Inde pourrait demander, selon le pureplayer Euractiv, un traitement diff\u00e9renci\u00e9 afin d&rsquo;\u00eatre exon\u00e9r\u00e9e de la taxe carbone.<\/p>\n<p>Un m\u00e9diocre gain pour l\u2019UE ?<\/p>\n<p class=\"paragraph article-body-paragraph article__item   \">Au-del\u00e0 des arguments des uns et des autres, cette taxe ne devrait rapporter qu&rsquo;environ 1,4 milliard par an \u00e0 l&rsquo;UE \u00e0 partir de 2028. Son impact sur les \u00e9missions de carbone ne pourrait n\u2019\u00eatre qu\u2019\u00a0\u00bbassez minime\u00a0\u00bb, toujours selon Pierre Leturcq.<\/p>\n<p><strong class=\"article-body-link-list__item text-gray-800 article-body-link-list__item--one-item\">LIRE AUSSI : <a class=\"article-body-link-list__item-link\" href=\"https:\/\/www.lexpress.fr\/environnement\/le-droit-ne-suffit-plus-lagenda-vert-europeen-face-a-la-nouvelle-donne-geopolitique-CEWOALXZLFFSLGS5LXPIVL2SS4\/\" rel=\"nofollow noopener\" target=\"_blank\">Le droit ne suffit plus : l\u2019agenda vert europ\u00e9en face \u00e0 la nouvelle donne g\u00e9opolitique<\/a><\/strong><\/p>\n<p class=\"paragraph article-body-paragraph article__item    article__text__endpicto\">Certains sp\u00e9cialistes recommandent donc \u00e0 l&rsquo;Union europ\u00e9enne d&rsquo;utiliser une partie de ces fonds pour soutenir des initiatives de d\u00e9carbonation en dehors de l&rsquo;Europe &#8211; un geste qui permettrait aussi d&rsquo;apaiser les tensions avec les pays du Sud. Une id\u00e9e d\u2019autant plus pertinente que, selon Le Monde, le MACF devrait \u00eatre \u00e9tendu \u00e0 tous les secteurs pr\u00e9sentant un risque de fuite de carbone d\u2019ici 2030. Les eurod\u00e9put\u00e9s souhaitent, par exemple, taxer certains plastiques ou produits chimiques.<\/p>\n","protected":false},"excerpt":{"rendered":"C&rsquo;est un m\u00e9canisme environnemental europ\u00e9en qui pourrait obstruer les n\u00e9gociations \u00e0 la COP30. La taxe carbone aux fronti\u00e8res&hellip;\n","protected":false},"author":2,"featured_media":526062,"comment_status":"","ping_status":"","sticky":false,"template":"","format":"standard","meta":{"footnotes":""},"categories":[1586],"tags":[11,1328,10696,33,1777,674,1779,1011,27,74,12,25,1778,364],"class_list":{"0":"post-526061","1":"post","2":"type-post","3":"status-publish","4":"format-standard","5":"has-post-thumbnail","7":"category-europe","8":"tag-actualites","9":"tag-asie-pacifique","10":"tag-climat-et-transitions","11":"tag-economie","12":"tag-eu","13":"tag-europe","14":"tag-european-union","15":"tag-fr","16":"tag-france","17":"tag-monde","18":"tag-news","19":"tag-republique-francaise","20":"tag-ue","21":"tag-union-europeenne"},"share_on_mastodon":{"url":"https:\/\/pubeurope.com\/@fr\/115528324012515102","error":""},"_links":{"self":[{"href":"https:\/\/www.europesays.com\/fr\/wp-json\/wp\/v2\/posts\/526061","targetHints":{"allow":["GET"]}}],"collection":[{"href":"https:\/\/www.europesays.com\/fr\/wp-json\/wp\/v2\/posts"}],"about":[{"href":"https:\/\/www.europesays.com\/fr\/wp-json\/wp\/v2\/types\/post"}],"author":[{"embeddable":true,"href":"https:\/\/www.europesays.com\/fr\/wp-json\/wp\/v2\/users\/2"}],"replies":[{"embeddable":true,"href":"https:\/\/www.europesays.com\/fr\/wp-json\/wp\/v2\/comments?post=526061"}],"version-history":[{"count":0,"href":"https:\/\/www.europesays.com\/fr\/wp-json\/wp\/v2\/posts\/526061\/revisions"}],"wp:featuredmedia":[{"embeddable":true,"href":"https:\/\/www.europesays.com\/fr\/wp-json\/wp\/v2\/media\/526062"}],"wp:attachment":[{"href":"https:\/\/www.europesays.com\/fr\/wp-json\/wp\/v2\/media?parent=526061"}],"wp:term":[{"taxonomy":"category","embeddable":true,"href":"https:\/\/www.europesays.com\/fr\/wp-json\/wp\/v2\/categories?post=526061"},{"taxonomy":"post_tag","embeddable":true,"href":"https:\/\/www.europesays.com\/fr\/wp-json\/wp\/v2\/tags?post=526061"}],"curies":[{"name":"wp","href":"https:\/\/api.w.org\/{rel}","templated":true}]}}