{"id":526065,"date":"2025-11-11T00:52:21","date_gmt":"2025-11-11T00:52:21","guid":{"rendered":"https:\/\/www.europesays.com\/fr\/526065\/"},"modified":"2025-11-11T00:52:21","modified_gmt":"2025-11-11T00:52:21","slug":"marie-convoyait-un-voilier-vers-porto-rico-une-navigatrice-francaise-portee-disparue-au-nord-des-bermudes","status":"publish","type":"post","link":"https:\/\/www.europesays.com\/fr\/526065\/","title":{"rendered":"\u00ab\u00a0Marie convoyait un voilier vers Porto Rico\u00a0\u00bb\u00a0: une navigatrice fran\u00e7aise port\u00e9e disparue au nord des Bermudes"},"content":{"rendered":"<p class=\"paragraph text_align_left lp-f-body-02\">Un silence radio, et l\u2019inqui\u00e9tude qui ne cesse de grandir pour ses proches. Marie Descoubes, une navigatrice fran\u00e7aise de 28 ans \u00e0 bord d\u2019un voilier dans l\u2019oc\u00e9an Atlantique, n\u2019a plus donn\u00e9 de nouvelles depuis jeudi dernier lorsque son GPS a cess\u00e9 d\u2019\u00e9mettre, alors qu\u2019elle se trouvait au nord des Bermudes, selon nos confr\u00e8res de <a href=\"https:\/\/www.sudouest.fr\/charente-maritime\/charente-maritime-le-bateau-d-une-rochelaise-disparu-au-large-des-bermudes-26662101.php\" target=\"_self\" rel=\"nofollow noopener\">Sud Ouest<\/a>.<\/p>\n<p class=\"paragraph text_align_left lp-f-body-02\">La skippeuse originaire de La Rochelle (<a href=\"https:\/\/www.leparisien.fr\/charente-maritime-17\/\" target=\"_self\" rel=\"nofollow noopener\">Charente-Maritime<\/a>), engag\u00e9e avec l\u2019association <a href=\"https:\/\/www.facebook.com\/elementterresail\" target=\"_self\" rel=\"nofollow noopener\">\u00c9l\u00e9ment Terre Sail<\/a>, r\u00e9alise depuis septembre 2023 un tour du monde de trois ans visant \u00e0 promouvoir un mode de vie en autosuffisance. Son bateau \u00e9tant en r\u00e9paration au Guatemala, elle convoyait vers Porto Rico un voilier nomm\u00e9 le \u00ab SV Liahona \u00bb en compagnie de Nathan Perrins, un skippeur am\u00e9ricain. Un moyen de gagner un peu d\u2019argent.<\/p>\n<p class=\"paragraph text_align_left lp-f-body-02\">Le navire devait arriver le 6 novembre dernier aux Bermudes, afin de se ravitailler en essence. Mais les deux navigateurs n\u2019ont plus donn\u00e9 de nouvelles depuis cette date, et le bateau ne communique plus de donn\u00e9es GPS. Peu avant la perte du signal, Nathan Perrins a inform\u00e9 son \u00e9quipe au sol de son besoin de carburant, selon le Centre r\u00e9gional de coordination des op\u00e9rations des Bermudes (<a href=\"https:\/\/boatwatch.org\/current-watches\/bolo-sv-liahona-maine-to-puerto-rico-via-bermuda\/\" target=\"_self\" rel=\"nofollow noopener\">RCC<\/a>).<\/p>\n<p>\u00ab Il y a eu une temp\u00eate dans cette zone \u00bb<\/p>\n<p class=\"paragraph text_align_left lp-f-body-02\">\u00ab Leur panne d\u2019essence ne permet plus d\u2019avoir d\u2019\u00e9lectricit\u00e9 sur leur voilier et il y a eu une temp\u00eate dans cette zone \u00bb, s\u2019alarmait dimanche Nathalie Le Roux, m\u00e8re de Marie Descoubes, sur Facebook. \u00ab Les recherches en h\u00e9licopt\u00e8re autour de la zone se sont arr\u00eat\u00e9es hier (samedi) \u00bb, indiquait-elle encore, demandant aux marins se trouvant dans la zone de rester vigilants au cas o\u00f9 ils apercevraient l\u2019embarcation.<\/p>\n<p class=\"lp-card-podcast-highlighting__title  lp-f-subtitle-05\">[4\/4] L\u2019assassinat du PDG de Renault\u00a0: la sanglante \u00e9pop\u00e9e du groupe Action directe<\/p>\n<p class=\"lp-card-podcast-highlighting__description lp-f-ui-05\">Crime story raconte chaque semaine les grandes affaires criminelles.<\/p>\n<p><a class=\"lp-card-podcast-highlighting__call-to-action\" data-page-type=\"HP\" data-block-name=\"podcast-highlight\">\u00c9couter<\/a><\/p>\n<p class=\"paragraph text_align_left lp-f-body-02\">Une alerte a \u00e9t\u00e9 \u00e9mise par le site <a href=\"https:\/\/boatwatch.org\/current-watches\/bolo-sv-liahona-maine-to-puerto-rico-via-bermuda\/?fbclid=IwY2xjawN9f4FleHRuA2FlbQIxMABzcnRjBmFwcF9pZBAyMjIwMzkxNzg4MjAwODkyAAEetTAZfzUdVXgBVN_EAs_-GGyfItCDPMp8vX6WN6CFyAHL6q-XhALccaPNl9Y_aem_mHozSGEC7qktOTv9HsN3-g\" target=\"_self\" rel=\"nofollow noopener\">Boatwatch<\/a>, dont la mission est de \u00ab maintenir un r\u00e9seau mondial de ressources pour aider les marins port\u00e9s disparus ou en retard ; ceux dont le bateau a \u00e9t\u00e9 vol\u00e9 ; ou ceux auxquels des messages urgents doivent \u00eatre transmis \u00bb.<\/p>\n<p class=\"paragraph text_align_left lp-f-body-02\">\u00ab Avec Marie, il ne faut jamais s\u2019inqui\u00e9ter. C\u2019est une tr\u00e8s bonne navigatrice, le monsieur aussi a l\u2019air tr\u00e8s bien. J\u2019ai peur d\u2019alerter trop t\u00f4t et qu\u2019elle me dise : Maman, tu t\u2019es encore inqui\u00e9t\u00e9e pour rien \u00bb, pr\u00e9cisait dimanche la m\u00e8re de la skippeuse aupr\u00e8s de <a href=\"https:\/\/france3-regions.franceinfo.fr\/nouvelle-aquitaine\/charente-maritime\/la-rochelle\/une-navigatrice-rochelaise-portee-disparue-au-nord-des-bermudes-sa-mere-demande-l-aide-des-marins-presents-dans-la-zone-3246799.html\" target=\"_self\" rel=\"nofollow noopener\">France 3<\/a>.<\/p>\n<p class=\"paragraph text_align_left lp-f-body-02\">Sur <a href=\"https:\/\/elementterresail.wixsite.com\/asso\/qui-sommes-nous\" target=\"_self\" rel=\"nofollow noopener\">le site de son association<\/a>, Marie Descoubes communiquait quelques d\u00e9tails sur son tour du monde : \u00ab Suite \u00e0 une remise en question sur le monde qui nous entoure, j\u2019ai d\u00e9cid\u00e9 de quitter mon poste dans le domaine du commerce et en d\u00e9cembre 2020, j\u2019ai d\u00e9cid\u00e9 de r\u00e9aliser un r\u00eave : partir en Am\u00e9rique latine dans des fermes et associations de protection de l\u2019environnement, \u00e0 la rencontre de communaut\u00e9s autonomes. \u00bb<\/p>\n","protected":false},"excerpt":{"rendered":"Un silence radio, et l\u2019inqui\u00e9tude qui ne cesse de grandir pour ses proches. Marie Descoubes, une navigatrice fran\u00e7aise&hellip;\n","protected":false},"author":2,"featured_media":526066,"comment_status":"","ping_status":"","sticky":false,"template":"","format":"standard","meta":{"footnotes":""},"categories":[2],"tags":[11,459,118,1011,27,12,25],"class_list":{"0":"post-526065","1":"post","2":"type-post","3":"status-publish","4":"format-standard","5":"has-post-thumbnail","7":"category-actualites","8":"tag-actualites","9":"tag-departements-horsidfo","10":"tag-faits-divers","11":"tag-fr","12":"tag-france","13":"tag-news","14":"tag-republique-francaise"},"share_on_mastodon":{"url":"https:\/\/pubeurope.com\/@fr\/115528331812517832","error":""},"_links":{"self":[{"href":"https:\/\/www.europesays.com\/fr\/wp-json\/wp\/v2\/posts\/526065","targetHints":{"allow":["GET"]}}],"collection":[{"href":"https:\/\/www.europesays.com\/fr\/wp-json\/wp\/v2\/posts"}],"about":[{"href":"https:\/\/www.europesays.com\/fr\/wp-json\/wp\/v2\/types\/post"}],"author":[{"embeddable":true,"href":"https:\/\/www.europesays.com\/fr\/wp-json\/wp\/v2\/users\/2"}],"replies":[{"embeddable":true,"href":"https:\/\/www.europesays.com\/fr\/wp-json\/wp\/v2\/comments?post=526065"}],"version-history":[{"count":0,"href":"https:\/\/www.europesays.com\/fr\/wp-json\/wp\/v2\/posts\/526065\/revisions"}],"wp:featuredmedia":[{"embeddable":true,"href":"https:\/\/www.europesays.com\/fr\/wp-json\/wp\/v2\/media\/526066"}],"wp:attachment":[{"href":"https:\/\/www.europesays.com\/fr\/wp-json\/wp\/v2\/media?parent=526065"}],"wp:term":[{"taxonomy":"category","embeddable":true,"href":"https:\/\/www.europesays.com\/fr\/wp-json\/wp\/v2\/categories?post=526065"},{"taxonomy":"post_tag","embeddable":true,"href":"https:\/\/www.europesays.com\/fr\/wp-json\/wp\/v2\/tags?post=526065"}],"curies":[{"name":"wp","href":"https:\/\/api.w.org\/{rel}","templated":true}]}}