{"id":526069,"date":"2025-11-11T00:55:13","date_gmt":"2025-11-11T00:55:13","guid":{"rendered":"https:\/\/www.europesays.com\/fr\/526069\/"},"modified":"2025-11-11T00:55:13","modified_gmt":"2025-11-11T00:55:13","slug":"un-premier-titre-en-jeu-pour-le-tours-volley-ball","status":"publish","type":"post","link":"https:\/\/www.europesays.com\/fr\/526069\/","title":{"rendered":"un premier titre en jeu pour le Tours Volley-Ball"},"content":{"rendered":"<p><strong>Tours\u00a0&#8211; Tourcoing<\/strong><\/p>\n<p>La Supercoupe, le Tours Volley-Ball en a d\u00e9j\u00e0 gagn\u00e9 cinq. En 2006, 2012, 2014, 2015 et 2023. Il en conna\u00eet toute la relativit\u00e9, mais il sait aussi \u2013 et les fanions accroch\u00e9s au mur de Grenon sont l\u00e0 pour l\u2019attester \u2013 qu\u2019elle fait partie de son palmar\u00e8s. Ce qui n\u2019est pas encore le cas de Tourcoing qui, vainqueur de la Coupe de France 2025, va la disputer pour la toute premi\u00e8re fois de son histoire&#8230;. <\/p>\n<p>    Cet article a \u00e9t\u00e9 tronqu\u00e9. Abonnez-vous pour lire l&rsquo;article complet sur notre site.<\/p>\n<p style=\"margin: 0 !important; padding: 0 !important; font-size: 12px !important;\">Cet article a \u00e9t\u00e9 tronqu\u00e9. Abonnez-vous pour lire l&rsquo;article complet.<\/p>\n<p>    <a href=\"https:\/\/www.lanouvellerepublique.fr\/abonnements\" style=\"display: inline-block; margin-top: 5px !important; padding: 6px 12px !important; background: #cb1c27; color: white; text-decoration: none; border-radius: 4px; font-size: 12px !important;\" target=\"_blank\" rel=\"noopener\"><br \/>\n      S&rsquo;abonner<br \/>\n    <\/a><\/p>\n","protected":false},"excerpt":{"rendered":"Tours\u00a0&#8211; Tourcoing La Supercoupe, le Tours Volley-Ball en a d\u00e9j\u00e0 gagn\u00e9 cinq. En 2006, 2012, 2014, 2015 et&hellip;\n","protected":false},"author":2,"featured_media":526070,"comment_status":"","ping_status":"","sticky":false,"template":"","format":"standard","meta":{"footnotes":""},"categories":[1417],"tags":[1392,1011,27,1387,1655,60,1390,1471,2767,1470,1469],"class_list":{"0":"post-526069","1":"post","2":"type-post","3":"status-publish","4":"format-standard","5":"has-post-thumbnail","7":"category-volley","8":"tag-a-la-une-local","9":"tag-fr","10":"tag-france","11":"tag-indre-et-loire","12":"tag-ligue-a","13":"tag-sports","14":"tag-tours","15":"tag-tours-volley-ball","16":"tag-tvb-37","17":"tag-volley","18":"tag-volleyball"},"share_on_mastodon":{"url":"https:\/\/pubeurope.com\/@fr\/115528343629200207","error":""},"_links":{"self":[{"href":"https:\/\/www.europesays.com\/fr\/wp-json\/wp\/v2\/posts\/526069","targetHints":{"allow":["GET"]}}],"collection":[{"href":"https:\/\/www.europesays.com\/fr\/wp-json\/wp\/v2\/posts"}],"about":[{"href":"https:\/\/www.europesays.com\/fr\/wp-json\/wp\/v2\/types\/post"}],"author":[{"embeddable":true,"href":"https:\/\/www.europesays.com\/fr\/wp-json\/wp\/v2\/users\/2"}],"replies":[{"embeddable":true,"href":"https:\/\/www.europesays.com\/fr\/wp-json\/wp\/v2\/comments?post=526069"}],"version-history":[{"count":0,"href":"https:\/\/www.europesays.com\/fr\/wp-json\/wp\/v2\/posts\/526069\/revisions"}],"wp:featuredmedia":[{"embeddable":true,"href":"https:\/\/www.europesays.com\/fr\/wp-json\/wp\/v2\/media\/526070"}],"wp:attachment":[{"href":"https:\/\/www.europesays.com\/fr\/wp-json\/wp\/v2\/media?parent=526069"}],"wp:term":[{"taxonomy":"category","embeddable":true,"href":"https:\/\/www.europesays.com\/fr\/wp-json\/wp\/v2\/categories?post=526069"},{"taxonomy":"post_tag","embeddable":true,"href":"https:\/\/www.europesays.com\/fr\/wp-json\/wp\/v2\/tags?post=526069"}],"curies":[{"name":"wp","href":"https:\/\/api.w.org\/{rel}","templated":true}]}}