{"id":526073,"date":"2025-11-11T00:57:09","date_gmt":"2025-11-11T00:57:09","guid":{"rendered":"https:\/\/www.europesays.com\/fr\/526073\/"},"modified":"2025-11-11T00:57:09","modified_gmt":"2025-11-11T00:57:09","slug":"diminue-lors-de-sa-defaite-face-a-sinner-aux-finales-atp-auger-aliassime-rassure-je-serai-pret-pour-le-prochain-match-lequipe","status":"publish","type":"post","link":"https:\/\/www.europesays.com\/fr\/526073\/","title":{"rendered":"Diminu\u00e9 lors de sa d\u00e9faite face \u00e0 Sinner aux Finales ATP, Auger-Aliassime rassure : \u00ab Je serai pr\u00eat pour le prochain match \u00bb &#8211; L&#039;\u00c9quipe"},"content":{"rendered":"<ol>\n<li><a href=\"https:\/\/news.google.com\/rss\/articles\/CBMi-gFBVV95cUxOTUZVODlKUVI3dUo3RWlsSjMzYkl3T3NWR2hOWmJmZkdVU1lyUmdXTkhZOVNYY3ZsQUU4el94SmV1M2tPbTdFMnBPUHBxWkxuXzhsWTFzQmJsSEd4b3lRWldfQlFfQUF5WU5kLUcyb1dmWHFpNElhaWh6QkN1eTdmcHFXX2NFNUQ2alhWVWlBYkJXTW1yeFg4VlRDUTJ4RFJXbldnLXFnWGJma0dYSXU4N3pzaE5ZbTNyNnFmbXVJTWFCeF9HOHhoY3BhRkxpcDZPdVBRZHEzdFlZRTJmNWF3elFGU01rOEp1cHZZZ1o3WWF3NWFvZ05sU29n?oc=5\" target=\"_blank\" rel=\"nofollow noopener\">Diminu\u00e9 lors de sa d\u00e9faite face \u00e0 Sinner aux Finales ATP, Auger-Aliassime rassure : \u00ab Je serai pr\u00eat pour le prochain match \u00bb<\/a>&nbsp;&nbsp;L&rsquo;\u00c9quipe<\/li>\n<li><a href=\"https:\/\/news.google.com\/rss\/articles\/CBMiygFBVV95cUxOdkhlMk5URm1GOTJQSGZjRHdTSGtKWXAtRWs3QUFSTlM1eFJxUWNvMjBDU21maFhUQ05Mblk4RENvOUhvLVdmUDllTG1xWmQtZE9yX3l6clZIVzhYNmtLMHM0ZVRrUUVqVnhWajk2QXZGbUUwSnp0dzlBY0lKRXZmVVVfMHBVeExyT0RJMjdLY2pDbDItWHNpQ1dDUnMxa2lLOFlnUmRPVkVNVFhpM0VKR1drVVRhb1pwMWcwSlh2aHRGS205bHF6d3VB?oc=5\" target=\"_blank\" rel=\"nofollow noopener\">Jannik Sinner d\u00e9bute par une victoire ma\u00eetris\u00e9e face \u00e0 un F\u00e9lix Auger-Aliassime diminu\u00e9 aux Finales ATP<\/a>&nbsp;&nbsp;L&rsquo;\u00c9quipe<\/li>\n<li><a href=\"https:\/\/news.google.com\/rss\/articles\/CBMiyAFBVV95cUxOQ2kzejJZOVdZbV9rSnNsNVgzaFlkQXhBd3ZqUUVaVzF1N0JVSHFfLU1DdS1oZGdyeDBpN1ltTjg5UHlwLXhha2FKc3VVaTZCd0FKN052RjR5Z3hSTDAzM0pfUnVhcFpBMk5HN0RacVNrWml6cGRRRkRFX0ljOXB0aDlnX3NhWXk5QXl4ZmVsWml0c2FqTEdOWlBNMW9OWFBVYi03NmNPenp0SmhLOGEtTkx2M3pjemh2VTdJajU0R2ZRQ0VMSkQyONIBxwFBVV95cUxPcXhQclpXbmxqNXlnTGQwSFdjTXVxUmJWUDhwcWttM25TakRBcmVQcklydGUtUVg0V2ZWYmZReWlTUDlnSWFNRUs2N2xYZGhsNzlUX1VmdVNYNncydVBqLVF2SmNOUV9ua0l5dE83ekRLTWpuRFFraWxDTnhqYy12eDJmd2J5VVlEYUM4dm1BMUJRN0JodmNxSjNZb1FlTmQ0MlphS0VpYkN4QjVHOVBXYkU1elV4ZmwyRFA5ZlFORk5zRTNibC13?oc=5\" target=\"_blank\" rel=\"nofollow noopener\">ATP &#8211; Masters : Sinner domine un Auger-Aliassime diminu\u00e9 physiquement : Sports &#8211; Orange<\/a>&nbsp;&nbsp;Sports &#8211; Orange<\/li>\n<li><a href=\"https:\/\/news.google.com\/rss\/articles\/CBMizgFBVV95cUxNeVdrUG90SktabU81OVUtUFdxZEJjWG9ZRWJLSG90b2d0RG00WHVtVDJxTzh2Wk5sSHJSZFAwdkN0b19RQm1OTklvWVBxTU5VemNFbUpQOHZWS1l2NDJOUExNVkt1UWh4VW1kYnJNUmEzUDhHYzFQY1pkcWtyTlBkSUVwc3psaWljYkdScGs5WjlueGJQYU1wYWR0RW44OTVnbV9ld2pHVnM3dndmdGhYOW56aEZ4X1ZfMEtPblVodElDbWM5STNEcmRqTnlDdw?oc=5\" target=\"_blank\" rel=\"nofollow noopener\">PRONOS PARIS RMC Le pari tennis d\u2019Eric Salliot du 10 novembre \u2013 ATP Finals<\/a>&nbsp;&nbsp;RMC Sport<\/li>\n<li><a href=\"https:\/\/news.google.com\/rss\/articles\/CBMiqAFBVV95cUxNMGI5ckpyMExOcnFBc2dNSXJyWmF1S0pud3pYTGRNOUVDT3lWc19SQWN2SVRvM1g5U192LXZpZTh1LWVpcThtZ1liNnd3clJrMTMzUVd5LTVORER3VW9YZ2VSSXp6Snp1T1FHVnk3Ri1uNVctdlNCQW1vRW5vU205QUFicUkzRzNveXY2azJ2Q0NOZ282RUZiWGsydm9pcFZBdlhjOE1CemI?oc=5\" target=\"_blank\" rel=\"nofollow noopener\">Masters ATP: Sinner soigne son entr\u00e9e, Fritz \u00e9coeure Musetti<\/a>&nbsp;&nbsp;RFI<\/li>\n<\/ol>\n","protected":false},"excerpt":{"rendered":"Diminu\u00e9 lors de sa d\u00e9faite face \u00e0 Sinner aux Finales ATP, Auger-Aliassime rassure : \u00ab Je serai pr\u00eat&hellip;\n","protected":false},"author":2,"featured_media":395849,"comment_status":"","ping_status":"","sticky":false,"template":"","format":"standard","meta":{"footnotes":""},"categories":[1415],"tags":[1011,27,60,1467],"class_list":{"0":"post-526073","1":"post","2":"type-post","3":"status-publish","4":"format-standard","5":"has-post-thumbnail","7":"category-tennis","8":"tag-fr","9":"tag-france","10":"tag-sports","11":"tag-tennis"},"share_on_mastodon":{"url":"https:\/\/pubeurope.com\/@fr\/115528351241261148","error":""},"_links":{"self":[{"href":"https:\/\/www.europesays.com\/fr\/wp-json\/wp\/v2\/posts\/526073","targetHints":{"allow":["GET"]}}],"collection":[{"href":"https:\/\/www.europesays.com\/fr\/wp-json\/wp\/v2\/posts"}],"about":[{"href":"https:\/\/www.europesays.com\/fr\/wp-json\/wp\/v2\/types\/post"}],"author":[{"embeddable":true,"href":"https:\/\/www.europesays.com\/fr\/wp-json\/wp\/v2\/users\/2"}],"replies":[{"embeddable":true,"href":"https:\/\/www.europesays.com\/fr\/wp-json\/wp\/v2\/comments?post=526073"}],"version-history":[{"count":0,"href":"https:\/\/www.europesays.com\/fr\/wp-json\/wp\/v2\/posts\/526073\/revisions"}],"wp:featuredmedia":[{"embeddable":true,"href":"https:\/\/www.europesays.com\/fr\/wp-json\/wp\/v2\/media\/395849"}],"wp:attachment":[{"href":"https:\/\/www.europesays.com\/fr\/wp-json\/wp\/v2\/media?parent=526073"}],"wp:term":[{"taxonomy":"category","embeddable":true,"href":"https:\/\/www.europesays.com\/fr\/wp-json\/wp\/v2\/categories?post=526073"},{"taxonomy":"post_tag","embeddable":true,"href":"https:\/\/www.europesays.com\/fr\/wp-json\/wp\/v2\/tags?post=526073"}],"curies":[{"name":"wp","href":"https:\/\/api.w.org\/{rel}","templated":true}]}}