{"id":526074,"date":"2025-11-11T01:01:25","date_gmt":"2025-11-11T01:01:25","guid":{"rendered":"https:\/\/www.europesays.com\/fr\/526074\/"},"modified":"2025-11-11T01:01:25","modified_gmt":"2025-11-11T01:01:25","slug":"nils-brun-signe-dans-une-equipe-francaise-actualite","status":"publish","type":"post","link":"https:\/\/www.europesays.com\/fr\/526074\/","title":{"rendered":"Nils Brun signe dans une \u00e9quipe fran\u00e7aise &#8211; Actualit\u00e9"},"content":{"rendered":"<p>                                                                    <img decoding=\"async\" src=\"https:\/\/www.europesays.com\/fr\/wp-content\/uploads\/2025\/11\/691252ce3612f.JPG\" height=\"auto\" loading=\"lazy\"\/><br \/>\n                                                                    Cr\u00e9dit photo Micha\u00ebl Gilson &#8211; DirectVelo<\/p>\n<p class=\"images-caption\">Cr\u00e9dit photo Micha\u00ebl Gilson &#8211; DirectVelo<\/p>\n<p class=\"metadata\">\n            Par<br \/>\n        <strong class=\"text-black\">DOMINIQUE TURGIS<\/strong><br \/>\n                    <br \/>Le<br \/>\n    10 novembre 2025, 22:01<\/p>\n<p style=\"text-align: justify;\">L&rsquo;UC Haguenau annonce le recrutement pour la saison prochaine de Nils Brun. Le coureur suisse de 25 ans \u00e9voluait cette ann\u00e9e chez MyVelo Pro Cycling Team apr\u00e8s avoir d\u00e9fendu les couleurs de Tudor Pro Cycling Team pendant trois ans.<\/p>\n<p>En 2025, Nils Brun s&rsquo;est class\u00e9 4e de la 1\u00e8re \u00e9tape du Tour de Haute-Autriche et du Grand Prix du Tessin, 8e du Grand Prix Vorarlberg et 10e du Championnat de Suisse contre-la-montre. En 2022, il fut Champion de Suisse Espoirs.<\/p>\n<p>Retrouvez toutes les mutations de l&rsquo;intersaison\u00a0<a href=\"https:\/\/www.directvelo.com\/mutations\/2026#amateur-dn3\" target=\"_blank\" rel=\"noopener\"><strong>en cliquant ici<\/strong><\/a>.\u00a0<\/p>\n<p>            En savoir plus : coureurs et \u00e9quipes associ\u00e9s<\/p>\n<p>                Coureurs<\/p>\n<p>                    <img decoding=\"async\" src=\"https:\/\/www.europesays.com\/fr\/wp-content\/uploads\/2025\/11\/84434b4de5e11.jpeg\" height=\"auto\" loading=\"lazy\"\/><\/p>\n<p>                            Portrait de Nils BRUN<\/p>\n<p>                \u00c9quipes<\/p>\n","protected":false},"excerpt":{"rendered":"Cr\u00e9dit photo Micha\u00ebl Gilson &#8211; DirectVelo Cr\u00e9dit photo Micha\u00ebl Gilson &#8211; DirectVelo Par DOMINIQUE TURGIS Le 10 novembre&hellip;\n","protected":false},"author":2,"featured_media":526075,"comment_status":"","ping_status":"","sticky":false,"template":"","format":"standard","meta":{"footnotes":""},"categories":[1411],"tags":[834,828,836,829,837,827,83,826,824,823,1154,207,814,817,815,816,822,821,832,211,839,1011,27,820,818,819,835,831,830,833,838,60,212,208,825],"class_list":{"0":"post-526074","1":"post","2":"type-post","3":"status-publish","4":"format-standard","5":"has-post-thumbnail","7":"category-cyclisme","8":"tag-attaque","9":"tag-belgique","10":"tag-braquet","11":"tag-bretagne","12":"tag-chute","13":"tag-competition","14":"tag-coupe-de-france","15":"tag-coureur","16":"tag-course-cyclisme","17":"tag-course-cycliste","18":"tag-cycling","19":"tag-cyclisme","20":"tag-direct","21":"tag-direct-velo","22":"tag-directvelo","23":"tag-directvelo-com","24":"tag-epreuve","25":"tag-epreuve-cycliste","26":"tag-federation-francaise-de-cyclisme","27":"tag-ffc","28":"tag-flandres","29":"tag-fr","30":"tag-france","31":"tag-live","32":"tag-live-course","33":"tag-live-epreuve","34":"tag-peloton","35":"tag-radio-peloton","36":"tag-radio-tour","37":"tag-ravitaillement","38":"tag-relance","39":"tag-sports","40":"tag-uci","41":"tag-velo","42":"tag-velos"},"share_on_mastodon":{"url":"https:\/\/pubeurope.com\/@fr\/115528367764282846","error":""},"_links":{"self":[{"href":"https:\/\/www.europesays.com\/fr\/wp-json\/wp\/v2\/posts\/526074","targetHints":{"allow":["GET"]}}],"collection":[{"href":"https:\/\/www.europesays.com\/fr\/wp-json\/wp\/v2\/posts"}],"about":[{"href":"https:\/\/www.europesays.com\/fr\/wp-json\/wp\/v2\/types\/post"}],"author":[{"embeddable":true,"href":"https:\/\/www.europesays.com\/fr\/wp-json\/wp\/v2\/users\/2"}],"replies":[{"embeddable":true,"href":"https:\/\/www.europesays.com\/fr\/wp-json\/wp\/v2\/comments?post=526074"}],"version-history":[{"count":0,"href":"https:\/\/www.europesays.com\/fr\/wp-json\/wp\/v2\/posts\/526074\/revisions"}],"wp:featuredmedia":[{"embeddable":true,"href":"https:\/\/www.europesays.com\/fr\/wp-json\/wp\/v2\/media\/526075"}],"wp:attachment":[{"href":"https:\/\/www.europesays.com\/fr\/wp-json\/wp\/v2\/media?parent=526074"}],"wp:term":[{"taxonomy":"category","embeddable":true,"href":"https:\/\/www.europesays.com\/fr\/wp-json\/wp\/v2\/categories?post=526074"},{"taxonomy":"post_tag","embeddable":true,"href":"https:\/\/www.europesays.com\/fr\/wp-json\/wp\/v2\/tags?post=526074"}],"curies":[{"name":"wp","href":"https:\/\/api.w.org\/{rel}","templated":true}]}}