{"id":526084,"date":"2025-11-11T01:07:20","date_gmt":"2025-11-11T01:07:20","guid":{"rendered":"https:\/\/www.europesays.com\/fr\/526084\/"},"modified":"2025-11-11T01:07:20","modified_gmt":"2025-11-11T01:07:20","slug":"les-violences-lors-du-tournage-dun-clip-pres-de-lyon-denoncees-par-le-ministre-de-la-ville-actualites","status":"publish","type":"post","link":"https:\/\/www.europesays.com\/fr\/526084\/","title":{"rendered":"Les violences lors du tournage d&rsquo;un clip pr\u00e8s de Lyon d\u00e9nonc\u00e9es par le ministre de la Ville : Actualit\u00e9s"},"content":{"rendered":"<p class=\"lead \">Les tirs de mortier lors du tournage d&rsquo;un clip de rap, qui ont d\u00e9clench\u00e9 un incendie samedi dans la banlieue de Lyon, sont des faits \u00ab\u00a0d&rsquo;une gravit\u00e9 exceptionnelle\u00a0\u00bb, a d\u00e9nonc\u00e9 lundi le ministre de la Ville Vincent Jeanbrun en visite sur les lieux.<\/p>\n<p class=\"lead \">\u00ab\u00a0Ceux qui ont mis le feu \u00e0 ce b\u00e2timent ne sont en rien les porte-parole de nos quartiers. Ils ont \u00e9t\u00e9 les incendiaires et ils auraient pu, sans l&rsquo;intervention des forces de l&rsquo;ordre, \u00eatre des meurtriers\u00a0\u00bb, a-t-il d\u00e9plor\u00e9 devant l&rsquo;immeuble incendi\u00e9 \u00e0 Rillieux-la-Pape.<\/p>\n<p class=\"lead \">\u00ab\u00a0On ne c\u00e8dera pas \u00e0 la violence et nous allons continuer avec encore plus de vigueur et de force \u00e0 r\u00e9nover les quartiers\u00a0\u00bb, a-t-il ajout\u00e9, en promettant \u00e9galement une r\u00e9ponse judiciaire ferme.<\/p>\n<p class=\"lead \">A ce stade, aucune interpellation n&rsquo;a eu lieu, selon plusieurs sources.<\/p>\n<p class=\"lead \">Samedi apr\u00e8s-midi, un groupe de 20 \u00e0 30 personnes, certaines v\u00eatues d&rsquo;une combinaison blanche, d&rsquo;autres le visage masqu\u00e9, se sont regroup\u00e9es pour tourner, sans autorisation, un clip avec un rappeur local de 18 ans, connu sous le nom de BFK.16, qui a d\u00e9j\u00e0 plusieurs interpellations \u00e0 son actif, a indiqu\u00e9 une source polici\u00e8re.<\/p>\n<p class=\"lead \">Dans le cadre du clip, le groupe a tir\u00e9 des mortiers d&rsquo;artifice. Un \u00e9quipage de police stationn\u00e9 \u00e0 proximit\u00e9 a voulu intervenir mais a \u00e9t\u00e9 pris pour cible par les protagonistes du clip, selon cette source.<\/p>\n<p class=\"lead \">Alors que les policiers s&rsquo;abritaient au pignon d&rsquo;un immeuble, l&rsquo;un des mortiers tir\u00e9s en leur direction a atterri sur le balcon qui s&rsquo;est embras\u00e9, a pr\u00e9cis\u00e9 cette source. <\/p>\n<p class=\"lead \">Le feu s&rsquo;est propag\u00e9 et cinq appartements ont \u00e9t\u00e9 sinistr\u00e9s, d&rsquo;apr\u00e8s la pr\u00e9fecture. Quelque 70 pompiers ont d\u00fb \u00eatre d\u00e9ploy\u00e9s mais ont \u00e9t\u00e9 vis\u00e9s par des projectiles, comme les policiers, et il a fallu un moment pour que le calme ne revienne.<\/p>\n<p class=\"lead \">Une quarantaine de personnes ont d\u00fb \u00eatre \u00e9vacu\u00e9es et sont relog\u00e9es temporairement dans un centre de loisirs de la ville. \u00ab\u00a0Ces familles ont tout perdu et n&rsquo;avaient absolument rien demand\u00e9\u00a0\u00bb, a comment\u00e9 le maire Alexandre Vincendet (Horizons).<\/p>\n<p class=\"lead \">Pour lui, \u00ab\u00a0une guerre territoriale\u00a0\u00bb est en cours dans le quartier parce qu&rsquo;une poign\u00e9e de \u00ab\u00a0d\u00e9linquants\u00a0\u00bb s&rsquo;oppose \u00e0 un projet de r\u00e9novation urbaine qui implique de d\u00e9truire un b\u00e2timent abritant un point de deal.<\/p>\n<p class=\"lead \">Bus br\u00fbl\u00e9, cocktail molotov contre le commissariat, rod\u00e9os&#8230;: la ville de Rillieux-la-Pape (32.000 habitants), au nord-est de Lyon, est fr\u00e9quemment en proie \u00e0 des violences urbaines.<\/p>\n<p class=\"lead \">Le parquet de Lyon a annonc\u00e9 avoir ouvert une enqu\u00eate pour violences avec armes en r\u00e9union sur d\u00e9positaires de l&rsquo;autorit\u00e9 publique et destruction par moyen dangereux.<\/p>\n<p class=\"small font-weight-bold text-gray3 \"> publi\u00e9 le 10 novembre \u00e0 19h46, AFP<\/p>\n<p>                             Partager<\/p>\n","protected":false},"excerpt":{"rendered":"Les tirs de mortier lors du tournage d&rsquo;un clip de rap, qui ont d\u00e9clench\u00e9 un incendie samedi dans&hellip;\n","protected":false},"author":2,"featured_media":526085,"comment_status":"","ping_status":"","sticky":false,"template":"","format":"standard","meta":{"footnotes":""},"categories":[1355],"tags":[58,59,1011,27,418,1310,1361,873,1072],"class_list":{"0":"post-526084","1":"post","2":"type-post","3":"status-publish","4":"format-standard","5":"has-post-thumbnail","7":"category-musique","8":"tag-divertissement","9":"tag-entertainment","10":"tag-fr","11":"tag-france","12":"tag-gouvernement","13":"tag-incendie","14":"tag-music","15":"tag-musique","16":"tag-police"},"share_on_mastodon":{"url":"https:\/\/pubeurope.com\/@fr\/115528390994911298","error":""},"_links":{"self":[{"href":"https:\/\/www.europesays.com\/fr\/wp-json\/wp\/v2\/posts\/526084","targetHints":{"allow":["GET"]}}],"collection":[{"href":"https:\/\/www.europesays.com\/fr\/wp-json\/wp\/v2\/posts"}],"about":[{"href":"https:\/\/www.europesays.com\/fr\/wp-json\/wp\/v2\/types\/post"}],"author":[{"embeddable":true,"href":"https:\/\/www.europesays.com\/fr\/wp-json\/wp\/v2\/users\/2"}],"replies":[{"embeddable":true,"href":"https:\/\/www.europesays.com\/fr\/wp-json\/wp\/v2\/comments?post=526084"}],"version-history":[{"count":0,"href":"https:\/\/www.europesays.com\/fr\/wp-json\/wp\/v2\/posts\/526084\/revisions"}],"wp:featuredmedia":[{"embeddable":true,"href":"https:\/\/www.europesays.com\/fr\/wp-json\/wp\/v2\/media\/526085"}],"wp:attachment":[{"href":"https:\/\/www.europesays.com\/fr\/wp-json\/wp\/v2\/media?parent=526084"}],"wp:term":[{"taxonomy":"category","embeddable":true,"href":"https:\/\/www.europesays.com\/fr\/wp-json\/wp\/v2\/categories?post=526084"},{"taxonomy":"post_tag","embeddable":true,"href":"https:\/\/www.europesays.com\/fr\/wp-json\/wp\/v2\/tags?post=526084"}],"curies":[{"name":"wp","href":"https:\/\/api.w.org\/{rel}","templated":true}]}}