{"id":526086,"date":"2025-11-11T01:08:12","date_gmt":"2025-11-11T01:08:12","guid":{"rendered":"https:\/\/www.europesays.com\/fr\/526086\/"},"modified":"2025-11-11T01:08:12","modified_gmt":"2025-11-11T01:08:12","slug":"de-gaulle-le-commencement-un-docufiction-qui-retrace-les-jeunes-annees-du-general-en-pleine-premiere-guerre-mondiale","status":"publish","type":"post","link":"https:\/\/www.europesays.com\/fr\/526086\/","title":{"rendered":"\u00ab De Gaulle, le commencement \u00bb : un docufiction qui retrace les jeunes ann\u00e9es du g\u00e9n\u00e9ral en pleine Premi\u00e8re Guerre mondiale"},"content":{"rendered":"<p>En ce jour de comm\u00e9moration de l\u2019armistice de 1918, le service public propose avec ce docufiction in\u00e9dit de remonter aux origines <a href=\"https:\/\/www.humanite.fr\/medias\/algerie\/de-gaulle-la-bombe-a-tout-prix-sur-france-5-de-lalgerie-a-la-polynesie-la-face-cachee-de-la-dissuasion-nucleaire-francaise\" rel=\"nofollow noopener\" target=\"_blank\">de Charles de\u00a0Gaulle<\/a>. Cette \u0153uvre hybride r\u00e9alis\u00e9e par le documentariste Fr\u00e9d\u00e9ric Brunnquell met en sc\u00e8ne une tranche de vie du futur poids lourd de l\u2019histoire de France, incarn\u00e9 par le com\u00e9dien Eliott Margueron.<\/p>\n<p><a href=\"https:\/\/www.google.com\/search?sca_esv=3c872d09a5272a46&amp;rlz=1C1UEAD_frFR1145FR1145&amp;sxsrf=AE3TifOHooZr_8RrAFagxdpp91JlfG_LxA:1762525064683&amp;q=eliott+margueron&amp;si=AMgyJEsS9yFPUNnJcpkaSNMRXqlEFwMnc1VHx5eRgshsiqjSKyl1qWNIH0pXx005sl8fW7P2TBTvGsQry2X36WgUkXTiIMyh5Im4S38seH4o4xVpZtZlxMk%3D&amp;sa=X&amp;ved=2ahUKEwirp43DneCQAxU8U6QEHTTZPB4QyNoBKAB6BAgZEAA&amp;ictx=1\" rel=\"nofollow noopener\" target=\"_blank\">Sans les moyens humains ni le budget d\u2019une s\u00e9rie prestigieuse, cette production raconte l\u2019\u00e9l\u00e8ve <a href=\"https:\/\/www.humanite.fr\/culture-et-savoir\/cinema\/rachid-hami-pour-la-france-un-film-loin-du-cliche-attendu-781732\" rel=\"nofollow noopener\" target=\"_blank\">de Saint-Cyr<\/a> et le soldat investi dans <a href=\"https:\/\/www.humanite.fr\/culture-et-savoir\/1ere-guerre-mondiale\/champ-de-bataille-de-francois-vautier-au-festival-war-on-screen-la-realite-virtuelle-reconstitue-verdun\" rel=\"nofollow noopener\" target=\"_blank\">la Premi\u00e8re Guerre mondiale<\/a>. Habilement, le r\u00e9alisateur compl\u00e8te les passages qu\u2019il met en sc\u00e8ne avec des photos d\u2019\u00e9poque et des archives film\u00e9es issues des actualit\u00e9s Path\u00e9 et Gaumont, recoloris\u00e9es et sonoris\u00e9es.<\/p>\n<p>Les vues des chambr\u00e9es et des r\u00e9fectoires, les entra\u00eenements, les marches des soldats, les champs de bataille, les tranch\u00e9es\u2026 toute l\u2019iconographie renforce la v\u00e9racit\u00e9 des propos que le jeune lieutenant de Gaulle rapporte dans les courriers \u00e0 sa famille, qui rythment le docufiction.<\/p>\n<p>La survie dans les tranch\u00e9es<\/p>\n<p>Jeune homme bien \u00e9duqu\u00e9, musicien, citant ais\u00e9ment P\u00e9guy ou Rostand, impatient d\u2019en d\u00e9coudre, le lieutenant de\u00a0Gaulle n\u2019a que 23\u00a0ans <a href=\"https:\/\/www.humanite.fr\/culture-et-savoir\/jean-jaures\/31-juillet-1914-cet-ultime-appel-a-la-paix-que-jaures-voulait-ecrire-dans-lhumanite\" rel=\"nofollow noopener\" target=\"_blank\">en 1914<\/a> lorsqu\u2019il est \u00e0 la t\u00eate du 33e r\u00e9giment d\u2019infanterie, lui permettant enfin de \u00ab\u00a0d\u00e9fendre son pays, la plus noble des t\u00e2ches\u00a0\u00bb. L\u2019enthousiasme sera de courte dur\u00e9e, car il est bless\u00e9 par balle \u00e0 la jambe alors que son r\u00e9giment rejoint le front \u00e0 pied. \u00c0 l\u2019h\u00f4pital, il fulmine d\u2019\u00eatre immobilis\u00e9 et retourne au plus vite au combat, sans attendre d\u2019\u00eatre correctement r\u00e9tabli.<\/p>\n<p>En constante observation, il prend des notes et les partage r\u00e9guli\u00e8rement \u00e0 sa famille\u00a0: \u00ab\u00a0Une guerre pareille, qui d\u00e9passe en port\u00e9e et en acharnement tout ce que l\u2019Europe a jamais v\u00e9cu, ne se fait pas sans des sacrifices formidables\u2026 Il faut vaincre et le vainqueur est celui qui le veut le plus \u00e9nergiquement\u00a0\u00bb, \u00e9crit-il \u00e0 sa m\u00e8re.<\/p>\n<p>Le film montre la survie dans les tranch\u00e9es, les soldats dans la boue, les cyclistes messagers et les grad\u00e9s se restaurant dans la cagna sous terre, ainsi que la rigueur, parfois trop rigide, de l\u2019impatient de Gaulle, qui d\u00e9plore les pertes humaines et les ordres t\u00e9l\u00e9phon\u00e9s d\u2019un commandement loin du front. Peu de temps apr\u00e8s, il sera d\u00e9clar\u00e9 mort, ayant disparu avec son bataillon pendant la d\u00e9fense du fort de Douaumont, \u00e0 Verdun. Ses parents re\u00e7oivent sa <a href=\"https:\/\/www.humanite.fr\/politique\/gisele-pelicot\/gisele-pelicot-sophia-aram-jean-louis-aubert-qui-sont-les-nommes-dans-la-promotion-du-14-juillet-de-la-legion-dhonneur\" rel=\"nofollow noopener\" target=\"_blank\">L\u00e9gion d\u2019honneur<\/a> \u00e0 titre posthume, alors qu\u2019en fait, il est prisonnier des Allemands.<\/p>\n<p>Patriote acharn\u00e9, \u00ab\u00a0bochophage\u00a0\u00bb comme le d\u00e9crit un de ses commandants, il n\u2019a de cesse d\u2019imaginer des moyens de s\u2019\u00e9chapper, et en mille jours de captivit\u00e9, il arrivera \u00e0 fausser compagnie \u00e0 ses ge\u00f4liers par cinq fois. Repris \u00e0 chaque tentative d\u2019\u00e9vasion, il mettra \u00e0 profit ces deux ann\u00e9es et demie d\u2019emprisonnement pour \u00ab\u00a0apprendre de ses \u00e9checs\u00a0\u00bb et penser une tactique de guerre. Il d\u00e9veloppe une vision militaire et politique, \u00e9l\u00e9ments fondateurs de son parcours, lui qui estime son exp\u00e9rience de la guerre comme une d\u00e9faite personnelle.<\/p>\n<p>Cette production qui se suit avec int\u00e9r\u00eat pr\u00e9sente une vision m\u00e9connue du futur G\u00e9n\u00e9ral et laisse entrapercevoir un Europ\u00e9en convaincu. Et un homme qui a la France dans la peau.<\/p>\n<p class=\"wp-block-huma-question\">De Gaulle, le commencement, France 2, mardi 11 novembre, 21\u00a0h\u00a010<\/p>\n<p><strong>Oui, on s\u2019en doute\u00a0: vous en avez assez<\/strong><\/p>\n<p>Voir ces messages d\u2019appel au don, \u00e7a peut \u00eatre p\u00e9nible. Nous le savons. Et on doit bien vous avouer que nous pr\u00e9f\u00e9rerions ne pas avoir \u00e0 les \u00e9crire\u2026<\/p>\n<p>Mais voil\u00e0\u00a0: c\u2019est crucial pour l\u2019Humanit\u00e9. Si ce titre existe toujours aujourd\u2019hui, c\u2019est gr\u00e2ce au financement r\u00e9gulier de nos lectrices et lecteurs.<\/p>\n<ul class=\"wp-block-list\">\n<li>C\u2019est gr\u00e2ce \u00e0 votre soutien que nous pouvons exercer notre m\u00e9tier avec passion. Nous ne d\u00e9pendons ni des int\u00e9r\u00eats d\u2019un propri\u00e9taire milliardaire, ni de pressions politiques : <strong>personne ne nous dicte ce que nous devons dire ou taire<\/strong>.<\/li>\n<\/ul>\n<ul class=\"wp-block-list\">\n<li>Votre engagement nous lib\u00e8re aussi de la course aux clics et \u00e0 l\u2019audience. <strong>Plut\u00f4t que de chercher \u00e0 capter l\u2019attention \u00e0 tout prix, nous choisissons de traiter les sujets que notre r\u00e9daction juge essentiels<\/strong>\u00a0: parce qu\u2019ils m\u00e9ritent d\u2019\u00eatre lus, compris, partag\u00e9s. Parce que nous estimons qu\u2019ils vous seront utiles<\/li>\n<\/ul>\n<p>\u00c0 l\u2019heure actuelle, <strong>moins d\u2019un quart des lectrices et lecteurs<\/strong> qui viennent plus de 3\u00a0fois sur le site par semaine nous aident \u00e0 financer notre travail, par leur abonnement ou par leurs dons. Si vous voulez prot\u00e9ger le journalisme ind\u00e9pendant, <strong>s\u2019il vous pla\u00eet, rejoignez-les<\/strong>.<\/p>\n","protected":false},"excerpt":{"rendered":"En ce jour de comm\u00e9moration de l\u2019armistice de 1918, le service public propose avec ce docufiction in\u00e9dit de&hellip;\n","protected":false},"author":2,"featured_media":526087,"comment_status":"","ping_status":"","sticky":false,"template":"","format":"standard","meta":{"footnotes":""},"categories":[1354],"tags":[64561,14508,58,1190,59,1346,1011,27,594,4075,1360],"class_list":{"0":"post-526086","1":"post","2":"type-post","3":"status-publish","4":"format-standard","5":"has-post-thumbnail","7":"category-films","8":"tag-armistice","9":"tag-charles-de-gaulle","10":"tag-divertissement","11":"tag-documentaire","12":"tag-entertainment","13":"tag-films","14":"tag-fr","15":"tag-france","16":"tag-france-2","17":"tag-jeunesse","18":"tag-movies"},"share_on_mastodon":{"url":"https:\/\/pubeurope.com\/@fr\/115528394839807239","error":""},"_links":{"self":[{"href":"https:\/\/www.europesays.com\/fr\/wp-json\/wp\/v2\/posts\/526086","targetHints":{"allow":["GET"]}}],"collection":[{"href":"https:\/\/www.europesays.com\/fr\/wp-json\/wp\/v2\/posts"}],"about":[{"href":"https:\/\/www.europesays.com\/fr\/wp-json\/wp\/v2\/types\/post"}],"author":[{"embeddable":true,"href":"https:\/\/www.europesays.com\/fr\/wp-json\/wp\/v2\/users\/2"}],"replies":[{"embeddable":true,"href":"https:\/\/www.europesays.com\/fr\/wp-json\/wp\/v2\/comments?post=526086"}],"version-history":[{"count":0,"href":"https:\/\/www.europesays.com\/fr\/wp-json\/wp\/v2\/posts\/526086\/revisions"}],"wp:featuredmedia":[{"embeddable":true,"href":"https:\/\/www.europesays.com\/fr\/wp-json\/wp\/v2\/media\/526087"}],"wp:attachment":[{"href":"https:\/\/www.europesays.com\/fr\/wp-json\/wp\/v2\/media?parent=526086"}],"wp:term":[{"taxonomy":"category","embeddable":true,"href":"https:\/\/www.europesays.com\/fr\/wp-json\/wp\/v2\/categories?post=526086"},{"taxonomy":"post_tag","embeddable":true,"href":"https:\/\/www.europesays.com\/fr\/wp-json\/wp\/v2\/tags?post=526086"}],"curies":[{"name":"wp","href":"https:\/\/api.w.org\/{rel}","templated":true}]}}