{"id":526088,"date":"2025-11-11T01:09:11","date_gmt":"2025-11-11T01:09:11","guid":{"rendered":"https:\/\/www.europesays.com\/fr\/526088\/"},"modified":"2025-11-11T01:09:11","modified_gmt":"2025-11-11T01:09:11","slug":"parler-plusieurs-langues-un-rempart-contre-le-vieillissement-cerebral","status":"publish","type":"post","link":"https:\/\/www.europesays.com\/fr\/526088\/","title":{"rendered":"Parler plusieurs langues, un rempart contre le vieillissement c\u00e9r\u00e9bral"},"content":{"rendered":"<p>    Plus l\u2019on parle de langues \u00e9trang\u00e8res, plus le risque de vieillissement c\u00e9r\u00e9bral acc\u00e9l\u00e9r\u00e9 serait r\u00e9duit et ce, ind\u00e9pendamment d\u2019autres facteurs.<br \/>\n                xyz &#8211; stock.adobe.com<\/p>\n<p>\n    \u00catre multilingue et passer d\u2019une langue \u00e0 l\u2019autre stimule le cerveau et ralentit le vieillissement, montre une vaste \u00e9tude europ\u00e9enne.<\/p>\n<p class=\"fig-paragraph\">Au d\u00e9but du XIX si\u00e8cle, le cardinal Giuseppe Mezzofanti, c\u00e9l\u00e8bre polyglotte ma\u00eetrisant des dizaines de langues, intriguait ses contemporains par son apparence \u00e9tonnamment juv\u00e9nile. \u00ab\u00a0Il parle \u00e0 chacun dans sa langue, avec la fra\u00eecheur d\u2019un esprit qui ne vieillit jamais\u00a0\u00bb, \u00e9crivait Lord Byron apr\u00e8s l\u2019avoir rencontr\u00e9. Deux si\u00e8cles plus tard, la science semble confirmer cette intuition po\u00e9tique\u00a0: une vaste \u00e9tude europ\u00e9enne r\u00e9v\u00e8le que le multilinguisme pourrait \u00eatre associ\u00e9 \u00e0 un\u00a0<a href=\"http:\/\/sante.lefigaro.fr\/mieux-etre\/il-ne-s-use-que-si-l-on-ne-s-en-sert-pas-comment-mieux-utiliser-notre-cerveau-20250801\" data-fig-type=\"Article\" data-gtm-custom-categorie=\"navigation\" data-gtm-custom-action=\"crossclick\" data-gtm-custom-label=\"Contextuel\" data-gtm-event=\"customEventSPE\" data-fig-domain=\"SANTE\" target=\"_blank\" rel=\"noopener\">vieillissement c\u00e9r\u00e9bral<\/a>\u00a0plus lent.<\/p>\n<p class=\"fig-paragraph\">Pour mener leurs travaux\u00a0<a href=\"https:\/\/www.nature.com\/articles\/s43587-025-01000-2\" target=\"_blank\" rel=\"sponsored noopener\" data-gtm-custom-categorie=\"navigation\" data-gtm-custom-action=\"crossclick\" data-gtm-custom-label=\"Contextuel\" data-gtm-event=\"customEventSPE\">publi\u00e9s dans Nature Aging<\/a>, les chercheurs ont analys\u00e9 les donn\u00e9es de plus de 86\u00a0000 adultes \u00e2g\u00e9s, r\u00e9partis dans 27 pays europ\u00e9ens, et ont estim\u00e9 leur\u00a0<a href=\"http:\/\/sante.lefigaro.fr\/connaissez-vous-votre-age-biologique-grace-a-un-algorithme-l-ia-pourra-bientot-vous-le-reveler-20250509\" data-fig-type=\"NewsFlash\" data-gtm-custom-categorie=\"navigation\" data-gtm-custom-action=\"crossclick\" data-gtm-custom-label=\"Contextuel\" data-gtm-event=\"customEventSPE\" data-fig-domain=\"SANTE\" target=\"_blank\" rel=\"noopener\">\u00ab \u00e2ge bio-comportemental\u00a0\u00bb<\/a>\u00a0\u00e0 partir d\u2019un ensemble de facteurs de risque et de protection. Parmi les indicateurs positifs figuraient la pr\u00e9servation des capacit\u00e9s cognitives, l\u2019autonomie, le\u00a0<a href=\"http:\/\/sante.lefigaro.fr\/mieux-etre\/que-se-passe-t-il-dans-notre-cerveau-quand-on-apprend-20250808\" data-fig-type=\"Article\" data-gtm-custom-categorie=\"navigation\" data-gtm-custom-action=\"crossclick\" data-gtm-custom-label=\"Contextuel\" data-gtm-event=\"customEventSPE\" data-fig-domain=\"SANTE\" target=\"_blank\" rel=\"noopener\">niveau d\u2019\u00e9ducation<\/a>\u00a0et l\u2019activit\u00e9 physique\u00a0; \u00e0 l\u2019inverse, les troubles sensoriels, les maladies cardiom\u00e9taboliques\u2026<\/p>\n<p class=\"fig-premium-paywall__infos\">\n        Cet article est r\u00e9serv\u00e9 aux abonn\u00e9s.        Il vous reste 79% \u00e0 d\u00e9couvrir.\n    <\/p>\n<p>                <img  data- alt=\"Le Figaro\" class=\"fig-img--complete fig-img\"\/><\/p>\n<p class=\"fig-premium-paywall__title\">Black Friday<\/p>\n<p class=\"fig-premium-paywall__subtitle\">-70% sur l&rsquo;abonnement num\u00e9rique<\/p>\n<p class=\"fig-premium-paywall__connect\">\n                D\u00e9j\u00e0 abonn\u00e9\u00a0?                <a class=\"fig-premium-paywall__connect-link\" href=\"https:\/\/connect.lefigaro.fr\/login?client=sante_web&amp;type=main&amp;redirect_uri=https%3A%2F%2Fsante.lefigaro.fr%2Fsocial%2Fsante-publique%2Fparler-plusieurs-langues-un-rempart-contre-le-vieillissement-cerebral-20251110\" data-js-gtm=\"{&quot;customCategorie&quot;: &quot;conversion&quot;, &quot;customAction&quot;: &quot;before_Landing_Connexion_paywall_auto&quot;, &quot;customLabel&quot;: &quot;c2FudGUubGVmaWdhcm8uZnJfXzFmMGJlMTc2LTIxNzMtNmZhMi1iZjcwLTlkNDc4NmY5OTJmNl9fQXJ0aWNsZQ==_Parler plusieurs langues, un rempart contre le vieillissement c\u00e9r\u00e9bral_476&quot;, &quot;customIDSPE&quot;: &quot;c2FudGUubGVmaWdhcm8uZnJfXzFmMGJlMTc2LTIxNzMtNmZhMi1iZjcwLTlkNDc4NmY5OTJmNl9fQXJ0aWNsZQ==&quot;, &quot;event&quot;: &quot;customEventSPE&quot;}\" target=\"_blank\" rel=\"noopener\"><br \/>\n                    Connectez-vous<br \/>\n                <\/a>\n            <\/p>\n","protected":false},"excerpt":{"rendered":"Plus l\u2019on parle de langues \u00e9trang\u00e8res, plus le risque de vieillissement c\u00e9r\u00e9bral acc\u00e9l\u00e9r\u00e9 serait r\u00e9duit et ce, ind\u00e9pendamment&hellip;\n","protected":false},"author":2,"featured_media":526089,"comment_status":"","ping_status":"","sticky":false,"template":"","format":"standard","meta":{"footnotes":""},"categories":[10],"tags":[772,231,1011,27,72,71,3552],"class_list":{"0":"post-526088","1":"post","2":"type-post","3":"status-publish","4":"format-standard","5":"has-post-thumbnail","7":"category-sante","8":"tag-alzheimer","9":"tag-cerveau","10":"tag-fr","11":"tag-france","12":"tag-health","13":"tag-sante","14":"tag-seniors"},"share_on_mastodon":{"url":"https:\/\/pubeurope.com\/@fr\/115528398636379914","error":""},"_links":{"self":[{"href":"https:\/\/www.europesays.com\/fr\/wp-json\/wp\/v2\/posts\/526088","targetHints":{"allow":["GET"]}}],"collection":[{"href":"https:\/\/www.europesays.com\/fr\/wp-json\/wp\/v2\/posts"}],"about":[{"href":"https:\/\/www.europesays.com\/fr\/wp-json\/wp\/v2\/types\/post"}],"author":[{"embeddable":true,"href":"https:\/\/www.europesays.com\/fr\/wp-json\/wp\/v2\/users\/2"}],"replies":[{"embeddable":true,"href":"https:\/\/www.europesays.com\/fr\/wp-json\/wp\/v2\/comments?post=526088"}],"version-history":[{"count":0,"href":"https:\/\/www.europesays.com\/fr\/wp-json\/wp\/v2\/posts\/526088\/revisions"}],"wp:featuredmedia":[{"embeddable":true,"href":"https:\/\/www.europesays.com\/fr\/wp-json\/wp\/v2\/media\/526089"}],"wp:attachment":[{"href":"https:\/\/www.europesays.com\/fr\/wp-json\/wp\/v2\/media?parent=526088"}],"wp:term":[{"taxonomy":"category","embeddable":true,"href":"https:\/\/www.europesays.com\/fr\/wp-json\/wp\/v2\/categories?post=526088"},{"taxonomy":"post_tag","embeddable":true,"href":"https:\/\/www.europesays.com\/fr\/wp-json\/wp\/v2\/tags?post=526088"}],"curies":[{"name":"wp","href":"https:\/\/api.w.org\/{rel}","templated":true}]}}