{"id":526092,"date":"2025-11-11T01:11:12","date_gmt":"2025-11-11T01:11:12","guid":{"rendered":"https:\/\/www.europesays.com\/fr\/526092\/"},"modified":"2025-11-11T01:11:12","modified_gmt":"2025-11-11T01:11:12","slug":"je-ne-suis-plus-avec-ma-meuf-leo-star-academy-officialise-sa-rupture","status":"publish","type":"post","link":"https:\/\/www.europesays.com\/fr\/526092\/","title":{"rendered":"\u00ab\u00a0Je ne suis plus avec ma meuf\u00a0\u00bb : L\u00e9o (Star Academy) officialise sa rupture"},"content":{"rendered":"<p>      R\u00e9sum\u00e9<\/p>\n<p>L\u00e9o de la Star Academy a officialis\u00e9 sa rupture, confirmant qu&rsquo;il est d\u00e9sormais c\u00e9libataire alors que sa complicit\u00e9 avec Jeanne intrigue les fans.<\/p>\n<p>        Sommaire<\/p>\n<p>Ce que tout le monde redoutait est arriv\u00e9. Tr\u00e8s proche <a href=\"https:\/\/www.public.fr\/star-academy-2025-jeanne-franchit-deja-le-cap-du-million-avec-son-titre-respire-fort\" target=\"_blank\" rel=\"noopener\">de Jeanne<\/a> depuis son entr\u00e9e au ch\u00e2teau de Dammarie-les-Lys, L\u00e9o vient de <strong>mettre fin \u00e0 sa relation \u00e0 l\u2019ext\u00e9rieur.<\/strong> En effet, en couple avant de participer \u00e0 la <strong><a href=\"https:\/\/www.public.fr\/tag\/star-academy\" target=\"_blank\" rel=\"noopener\">Star Academy<\/a><\/strong>, c\u2019est d\u00e9sormais en tant que c\u00e9libataire qu\u2019il va poursuivre son aventure comme il l\u2019a annonc\u00e9 ce lundi 10 novembre 2025.<\/p>\n<p>Si cela ne surprend pas vraiment les internautes, c\u2019est parce que le jeune chanteur ne paraissait pas si amoureux comme en t\u00e9moigne sa complicit\u00e9 affich\u00e9e avec Jeanne depuis le d\u00e9but de l\u2019aventure. D\u2019ailleurs, nombre de fans de <a href=\"https:\/\/vsd.fr\/tag\/star-academy\/\" target=\"_blank\" rel=\"noopener\">l\u2019\u00e9mission de TF1<\/a> pr\u00e9sent\u00e9e par <a href=\"https:\/\/www.public.fr\/tag\/nikos-aliagas\" target=\"_blank\" rel=\"noopener\">Nikos Aliagas<\/a> en sont persuad\u00e9s, <strong>L\u00e9o et Jeanne vont finir ensemble.\u00a0<\/strong><\/p>\n<p>Les deux candidats de la <strong>Star Academy<\/strong> ne cessent de se tourner autour depuis plusieurs semaines. Les quotidiennes n&rsquo;ont cess\u00e9 de montrer des sc\u00e8nes de rapprochement entre le jeune homme et la talentueuse Jeanne. N\u00e9anmoins, les deux n\u2019ont jamais saut\u00e9 le pas ou faut\u00e9.<\/p>\n<p>L\u00e9o annonce sa rupture <\/p>\n<p>Et pour cause, L\u00e9o n\u2019\u00e9tait pas un c\u0153ur \u00e0 prendre jusqu\u2019\u00e0 ce lundi 10 novembre 2025. \u00c9tant donn\u00e9 que, depuis quelques heures, le principal int\u00e9ress\u00e9 <strong>se trouve d\u00e9sormais \u00ab\u00a0sur le march\u00e9\u00a0\u00bb<\/strong> comme il l\u2019a annonc\u00e9 \u00e0 Th\u00e9o P.<\/p>\n<p><strong>\u00ab\u00a0Je ne suis plus avec ma meuf&#8230;\u00a0\u00bb<\/strong>, a-t-il inform\u00e9 son acolyte de la <strong>Star Academy<\/strong> avant de rassurer :\u00a0\u00ab\u00a0Mais voil\u00e0, c&rsquo;est ok, \u00e7a va\u00a0\u00bb. Son ami l\u2019a alors interrog\u00e9 sur les raisons de cette rupture. \u00ab\u00a0Rien, c&rsquo;est juste <strong>c&rsquo;est comme \u00e7a<\/strong>, tu vois, c&rsquo;est la vie. Mais du coup, je ne suis plus avec. \u00c7a s&rsquo;est fait l\u00e0, hier soir\u00a0\u00bb, explique-t-il sans r\u00e9ellement donner de raisons.<\/p>\n<p>\u00ab\u00a0En vrai \u00e7a va. Mais c&rsquo;est marrant qu&rsquo;il y a\u00a0Adieu nous deux\u00a0en chanson genre sur les \u00e9valuations. Mais c&rsquo;est pour \u00e7a que je ne la chante pas \u00e0 l\u2019\u00e9val. C&rsquo;est une d\u00e9cision qu&rsquo;on a m\u00fbri depuis longtemps, on va dire\u00a0\u00bb, promet-il afin de d\u00e9dramatiser la situation.<\/p>\n<p>Bient\u00f4t en couple avec une autre candidate de la Star Academy ? <\/p>\n<p>D\u00e9sormais, pour nombre d\u2019internautes, L\u00e9o va se concentrer et s\u2019ouvrir \u00e0 une autre femme. Comme \u00e9voqu\u00e9, Jeanne et le jeune homme paraissent tr\u00e8s proches depuis le d\u00e9but de la <strong>Star Academy<\/strong> et cela ne serait que le d\u00e9but selon eux.\u00a0<\/p>\n<p>\u00ab\u00a0L\u00e9o est plus avec sa meuf il va pouvoir p\u00e9cho Jeanne\u00a0\u00bb, \u00ab\u00a0la transition Leo qui dit qu\u2019il est celib et Jeanne qui le r\u00e9conforte\u00a0\u00bb, \u00ab\u00a0Maintenant que L\u00e9o est de nouveau c\u00e9libataire,\u00a0<strong>est-ce que Jeanne va tenter sa chance devant la France enti\u00e8re<\/strong>, et surtout devant l\u2019ex de L\u00e9o ?\u00a0\u00bb, ont r\u00e9agi nombre d\u2019internautes, persuad\u00e9s qu\u2019il s\u2019agit d\u2019une question de temps entre les deux.\u00a0<\/p>\n<p>\n          Hits &amp; People en continu\n        <\/p>\n<p>\n          Public Radio\n        <\/p>\n<p>      Mentionn\u00e9s dans cet article<\/p>\n<p>      Sur le m\u00eame sujet<\/p>\n","protected":false},"excerpt":{"rendered":"R\u00e9sum\u00e9 L\u00e9o de la Star Academy a officialis\u00e9 sa rupture, confirmant qu&rsquo;il est d\u00e9sormais c\u00e9libataire alors que sa&hellip;\n","protected":false},"author":2,"featured_media":526093,"comment_status":"","ping_status":"","sticky":false,"template":"","format":"standard","meta":{"footnotes":""},"categories":[8],"tags":[1193,58,59,1011,27,10827,5095,199],"class_list":{"0":"post-526092","1":"post","2":"type-post","3":"status-publish","4":"format-standard","5":"has-post-thumbnail","7":"category-divertissement","8":"tag-couple","9":"tag-divertissement","10":"tag-entertainment","11":"tag-fr","12":"tag-france","13":"tag-nikos-aliagas","14":"tag-star-academy","15":"tag-tf1"},"share_on_mastodon":{"url":"https:\/\/pubeurope.com\/@fr\/115528407470564274","error":""},"_links":{"self":[{"href":"https:\/\/www.europesays.com\/fr\/wp-json\/wp\/v2\/posts\/526092","targetHints":{"allow":["GET"]}}],"collection":[{"href":"https:\/\/www.europesays.com\/fr\/wp-json\/wp\/v2\/posts"}],"about":[{"href":"https:\/\/www.europesays.com\/fr\/wp-json\/wp\/v2\/types\/post"}],"author":[{"embeddable":true,"href":"https:\/\/www.europesays.com\/fr\/wp-json\/wp\/v2\/users\/2"}],"replies":[{"embeddable":true,"href":"https:\/\/www.europesays.com\/fr\/wp-json\/wp\/v2\/comments?post=526092"}],"version-history":[{"count":0,"href":"https:\/\/www.europesays.com\/fr\/wp-json\/wp\/v2\/posts\/526092\/revisions"}],"wp:featuredmedia":[{"embeddable":true,"href":"https:\/\/www.europesays.com\/fr\/wp-json\/wp\/v2\/media\/526093"}],"wp:attachment":[{"href":"https:\/\/www.europesays.com\/fr\/wp-json\/wp\/v2\/media?parent=526092"}],"wp:term":[{"taxonomy":"category","embeddable":true,"href":"https:\/\/www.europesays.com\/fr\/wp-json\/wp\/v2\/categories?post=526092"},{"taxonomy":"post_tag","embeddable":true,"href":"https:\/\/www.europesays.com\/fr\/wp-json\/wp\/v2\/tags?post=526092"}],"curies":[{"name":"wp","href":"https:\/\/api.w.org\/{rel}","templated":true}]}}