{"id":526098,"date":"2025-11-11T01:14:13","date_gmt":"2025-11-11T01:14:13","guid":{"rendered":"https:\/\/www.europesays.com\/fr\/526098\/"},"modified":"2025-11-11T01:14:13","modified_gmt":"2025-11-11T01:14:13","slug":"une-camera-embarquee-filme-leffroyable-crash-de-lavion-cargo-ups-aux-etats-unis","status":"publish","type":"post","link":"https:\/\/www.europesays.com\/fr\/526098\/","title":{"rendered":"Une cam\u00e9ra embarqu\u00e9e filme l\u2019effroyable crash de l\u2019avion-cargo UPS aux \u00c9tats-Unis"},"content":{"rendered":"<p>\n    Les images, film\u00e9es depuis une voiture, capturent l\u2019instant o\u00f9 l\u2019appareil s\u2019est \u00e9cras\u00e9 ce mardi 4 novembre, peu apr\u00e8s son d\u00e9collage.<\/p>\n<p class=\"fig-paragraph\"><a href=\"http:\/\/www.lefigaro.fr\/international\/crash-d-un-avion-cargo-aux-etats-unis-le-bilan-s-alourdit-a-13-morts-20251107\" data-fig-type=\"NewsFlash\" data-gtm-custom-categorie=\"navigation\" data-gtm-custom-action=\"crossclick\" data-gtm-custom-label=\"Contextuel\" data-gtm-event=\"customEventSPE\" data-fig-domain=\"LEFIGARO\" target=\"_blank\" rel=\"noopener\">Un avion-cargo s\u2019est \u00e9cras\u00e9 mardi 4 novembre<\/a>\u00a0peu apr\u00e8s son d\u00e9collage de l\u2019a\u00e9roport de Louisville, dans le centre-est des \u00c9tats-Unis, provoquant un incendie spectaculaire et la mort d\u2019au moins treize personnes, selon le gouverneur du Kentucky. \u00abLe vol UPS 2976 s\u2019est \u00e9cras\u00e9 vers 17h15, heure locale\u00bb, a pr\u00e9cis\u00e9 la FAA. L\u2019appareil, un McDonnell Douglas MD-11 du transporteur am\u00e9ricain UPS, devait rejoindre Hawa\u00ef.<\/p>\n<p class=\"fig-paragraph\">L\u2019avion transportait trois membres d\u2019\u00e9quipage, selon un communiqu\u00e9 du transporteur UPS. Mais les victimes ne se limitaient pas au personnel de bord\u00a0: plusieurs personnes se trouvaient sur la trajectoire de l\u2019appareil, qui a termin\u00e9 sa course \u00e0 environ cinq kilom\u00e8tres de l\u2019a\u00e9roport, d\u00e9truisant plusieurs b\u00e2timents sur son passage.<\/p>\n<p>                                    <a class=\"fig-a11y-skip a11y-hidden\" href=\"#fig-a11y-skip-main-inarticle\"><br \/>\n        Passer la publicit\u00e9<br \/>\n    <\/a><\/p>\n<p class=\"fig-paragraph\">Selon les premi\u00e8res informations, un des moteurs de l\u2019appareil se serait d\u00e9tach\u00e9 peu apr\u00e8s le d\u00e9collage. L\u2019enqu\u00eate a \u00e9t\u00e9 confi\u00e9e aux autorit\u00e9s f\u00e9d\u00e9rales am\u00e9ricaines. Plusieurs personnes sont toujours port\u00e9es disparues.<\/p>\n","protected":false},"excerpt":{"rendered":"Les images, film\u00e9es depuis une voiture, capturent l\u2019instant o\u00f9 l\u2019appareil s\u2019est \u00e9cras\u00e9 ce mardi 4 novembre, peu apr\u00e8s&hellip;\n","protected":false},"author":2,"featured_media":526099,"comment_status":"","ping_status":"","sticky":false,"template":"","format":"standard","meta":{"footnotes":""},"categories":[5],"tags":[11,37,4098,1011,27,14,12,28],"class_list":{"0":"post-526098","1":"post","2":"type-post","3":"status-publish","4":"format-standard","5":"has-post-thumbnail","7":"category-international","8":"tag-actualites","9":"tag-avion","10":"tag-crash","11":"tag-fr","12":"tag-france","13":"tag-international","14":"tag-news","15":"tag-world"},"share_on_mastodon":{"url":"https:\/\/pubeurope.com\/@fr\/115528418189227517","error":""},"_links":{"self":[{"href":"https:\/\/www.europesays.com\/fr\/wp-json\/wp\/v2\/posts\/526098","targetHints":{"allow":["GET"]}}],"collection":[{"href":"https:\/\/www.europesays.com\/fr\/wp-json\/wp\/v2\/posts"}],"about":[{"href":"https:\/\/www.europesays.com\/fr\/wp-json\/wp\/v2\/types\/post"}],"author":[{"embeddable":true,"href":"https:\/\/www.europesays.com\/fr\/wp-json\/wp\/v2\/users\/2"}],"replies":[{"embeddable":true,"href":"https:\/\/www.europesays.com\/fr\/wp-json\/wp\/v2\/comments?post=526098"}],"version-history":[{"count":0,"href":"https:\/\/www.europesays.com\/fr\/wp-json\/wp\/v2\/posts\/526098\/revisions"}],"wp:featuredmedia":[{"embeddable":true,"href":"https:\/\/www.europesays.com\/fr\/wp-json\/wp\/v2\/media\/526099"}],"wp:attachment":[{"href":"https:\/\/www.europesays.com\/fr\/wp-json\/wp\/v2\/media?parent=526098"}],"wp:term":[{"taxonomy":"category","embeddable":true,"href":"https:\/\/www.europesays.com\/fr\/wp-json\/wp\/v2\/categories?post=526098"},{"taxonomy":"post_tag","embeddable":true,"href":"https:\/\/www.europesays.com\/fr\/wp-json\/wp\/v2\/tags?post=526098"}],"curies":[{"name":"wp","href":"https:\/\/api.w.org\/{rel}","templated":true}]}}