{"id":526100,"date":"2025-11-11T01:15:14","date_gmt":"2025-11-11T01:15:14","guid":{"rendered":"https:\/\/www.europesays.com\/fr\/526100\/"},"modified":"2025-11-11T01:15:14","modified_gmt":"2025-11-11T01:15:14","slug":"lanesthesiste-conteste-le-recit-dune-patiente-empoisonnee","status":"publish","type":"post","link":"https:\/\/www.europesays.com\/fr\/526100\/","title":{"rendered":"l\u2019anesth\u00e9siste conteste le r\u00e9cit d&rsquo;une patiente empoisonn\u00e9e"},"content":{"rendered":"<p>\n    Odile Lacheray, aujourd\u2019hui \u00e2g\u00e9e de 53 ans, affirme qu\u2019elle a re\u00e7u la visite au pied de son lit d\u2019h\u00f4pital, quelques minutes avant son intervention, d\u2019un m\u00e9decin barbu en tenue d\u2019anesth\u00e9siste, avec une charlotte sur la t\u00eate.<\/p>\n<p class=\"fig-paragraph\">\u00abElle a pu se tromper\u00bb: le Dr\u00a0<a href=\"http:\/\/www.lefigaro.fr\/faits-divers\/au-proces-de-frederic-pechier-les-premiers-coups-de-griffes-de-la-defense-quand-on-est-dans-l-interpretation-on-n-est-pas-dans-la-preuve-20250910\" target=\"_blank\" data-fig-type=\"NewsFlash\" rel=\"noopener nofollow\" data-gtm-custom-categorie=\"navigation\" data-gtm-custom-action=\"crossclick\" data-gtm-custom-label=\"Contextuel\" data-gtm-event=\"customEventSPE\" data-fig-domain=\"LEFIGARO\">Fr\u00e9d\u00e9ric P\u00e9chier<\/a>, jug\u00e9 \u00e0 Besan\u00e7on pour avoir empoisonn\u00e9 30 patients dont 12 sont morts, a fermement contest\u00e9 lundi devant la cour le r\u00e9cit d&rsquo;une patiente victime en 2015 d&rsquo;un arr\u00eat cardiaque au bloc, et qui a racont\u00e9 qu&rsquo;il \u00e9tait venu \u00e0 son chevet juste avant son anesth\u00e9sie.<\/p>\n<p class=\"fig-paragraph\">Cette patiente, Odile Lacheray, aujourd&rsquo;hui \u00e2g\u00e9e de 53 ans, a dit aux policiers qu&rsquo;elle avait re\u00e7u la visite au pied de son lit, quelques minutes avant son intervention, d&rsquo;un m\u00e9decin barbu en tenue d&rsquo;anesth\u00e9siste, avec une charlotte sur la t\u00eate. Il portait une \u00abbo\u00eete grise\u00bb contenant du mat\u00e9riel m\u00e9dical, et lui a dit: \u00ab\u00e7a, c&rsquo;est de la bonne!\u00bb. \u00abJe suis d&rsquo;une nature joyeuse et j&rsquo;ai rigol\u00e9 avec lui\u00bb, a ajout\u00e9 dans sa d\u00e9position cette femme qui n&rsquo;a pas souhait\u00e9 t\u00e9moigner devant la cour. C&rsquo;est deux ans plus tard, en 2017, en voyant la photo de Fr\u00e9d\u00e9ric P\u00e9chier dans la presse, annon\u00e7ant sa mise en examen, qu&rsquo;elle fera le lien avec le barbu vu \u00e0 la clinique.<\/p>\n<p>                                    <a class=\"fig-a11y-skip a11y-hidden\" href=\"#fig-a11y-skip-main-inarticle\"><br \/>\n        Passer la publicit\u00e9<br \/>\n    <\/a><\/p>\n<p>\u00abOn \u00e9tait plusieurs barbus \u00e0 la clinique&#8230;\u00bb<\/p>\n<p class=\"fig-paragraph\">\u00abMon \u00e9pouse est formelle\u00bb, a affirm\u00e9 \u00e0 la barre son mari. \u00abElle est assez physionomiste et, M. P\u00e9chier, il en impose, c&rsquo;est quelqu&rsquo;un d&rsquo;impressionnant, elle ne l&rsquo;aurait pas oubli\u00e9\u00bb, a-t-il insist\u00e9. Longuement interrog\u00e9 lundi par la cour, l&rsquo;int\u00e9ress\u00e9 a cependant contest\u00e9 ce r\u00e9cit. \u00abJe suis s\u00fbr que je ne suis jamais all\u00e9 au bloc ce jour-l\u00e0, j&rsquo;\u00e9tais en consultation\u00bb, de l&rsquo;autre c\u00f4t\u00e9 de la rue, a-t-il affirm\u00e9, soulignant qu&rsquo;il ne portait donc pas de tenue de bloc. \u00abJe ne dis pas que Mme Lacheray est une menteuse, je dis qu&rsquo;elle a pu se tromper. On \u00e9tait plusieurs barbus \u00e0 la clinique&#8230; \u00c7a peut \u00eatre n&rsquo;importe qui\u00bb, argumente-t-il.<\/p>\n<p class=\"fig-paragraph\">Pour son avocat, Me\u00a0<a href=\"https:\/\/video.lefigaro.fr\/figaro\/actualite-france\/randall-schwerdorffer-jonathann-nest-pas-soupconne-par-hasard-20180130\" target=\"_blank\" data-fig-type=\"Video\" rel=\"noopener nofollow\" data-gtm-custom-categorie=\"navigation\" data-gtm-custom-action=\"crossclick\" data-gtm-custom-label=\"Contextuel\" data-gtm-event=\"customEventSPE\" data-fig-domain=\"LEFIGARO\">Randall Schwerdorffer<\/a>, le r\u00e9cit de la patiente ne prouve rien, d&rsquo;autant que le m\u00e9decin qu&rsquo;elle dit avoir vu \u00e0 son chevet \u00abn&rsquo;a rien sorti\u00bb de la caisse. Cependant, pour l&rsquo;avocate g\u00e9n\u00e9rale Christine de Curraize, cet \u00e9pisode peut \u00eatre d\u00e9terminant, car c&rsquo;est lors de ce moment pr\u00e9c\u00e9dant l&rsquo;op\u00e9ration chirurgicale que l&rsquo;accus\u00e9 aurait pu \u00absubtiliser\u00bb une poche de perfusion par une autre pollu\u00e9e par un poison.<\/p>\n<p class=\"fig-paragraph\">Une th\u00e8se \u00e9galement reprise \u00e0 son compte par Me St\u00e9phane Giuranna, avocat de nombreuses parties civiles. \u00abElle vous a vu faire, quelques minutes avant d&rsquo;\u00eatre op\u00e9r\u00e9e!\u00bb, lance-t-il \u00e0 l&rsquo;accus\u00e9. \u00abIl y a la preuve formelle\u00a0: vous avez l&rsquo;arme du crime, sur la sc\u00e8ne du crime. Vous avez pos\u00e9 une poche empoisonn\u00e9e \u00e0 c\u00f4t\u00e9 d&rsquo;elle\u00bb, sortie de la bo\u00eete grise. Fr\u00e9d\u00e9ric P\u00e9chier comparait libre, mais risque la r\u00e9clusion criminelle \u00e0 perp\u00e9tuit\u00e9. Le verdict est attendu le 19 d\u00e9cembre.<\/p>\n","protected":false},"excerpt":{"rendered":"Odile Lacheray, aujourd\u2019hui \u00e2g\u00e9e de 53 ans, affirme qu\u2019elle a re\u00e7u la visite au pied de son lit&hellip;\n","protected":false},"author":2,"featured_media":526101,"comment_status":"","ping_status":"","sticky":false,"template":"","format":"standard","meta":{"footnotes":""},"categories":[4],"tags":[11,1011,27,12,2694,25],"class_list":{"0":"post-526100","1":"post","2":"type-post","3":"status-publish","4":"format-standard","5":"has-post-thumbnail","7":"category-france","8":"tag-actualites","9":"tag-fr","10":"tag-france","11":"tag-news","12":"tag-proces","13":"tag-republique-francaise"},"share_on_mastodon":{"url":"https:\/\/pubeurope.com\/@fr\/115528422184282486","error":""},"_links":{"self":[{"href":"https:\/\/www.europesays.com\/fr\/wp-json\/wp\/v2\/posts\/526100","targetHints":{"allow":["GET"]}}],"collection":[{"href":"https:\/\/www.europesays.com\/fr\/wp-json\/wp\/v2\/posts"}],"about":[{"href":"https:\/\/www.europesays.com\/fr\/wp-json\/wp\/v2\/types\/post"}],"author":[{"embeddable":true,"href":"https:\/\/www.europesays.com\/fr\/wp-json\/wp\/v2\/users\/2"}],"replies":[{"embeddable":true,"href":"https:\/\/www.europesays.com\/fr\/wp-json\/wp\/v2\/comments?post=526100"}],"version-history":[{"count":0,"href":"https:\/\/www.europesays.com\/fr\/wp-json\/wp\/v2\/posts\/526100\/revisions"}],"wp:featuredmedia":[{"embeddable":true,"href":"https:\/\/www.europesays.com\/fr\/wp-json\/wp\/v2\/media\/526101"}],"wp:attachment":[{"href":"https:\/\/www.europesays.com\/fr\/wp-json\/wp\/v2\/media?parent=526100"}],"wp:term":[{"taxonomy":"category","embeddable":true,"href":"https:\/\/www.europesays.com\/fr\/wp-json\/wp\/v2\/categories?post=526100"},{"taxonomy":"post_tag","embeddable":true,"href":"https:\/\/www.europesays.com\/fr\/wp-json\/wp\/v2\/tags?post=526100"}],"curies":[{"name":"wp","href":"https:\/\/api.w.org\/{rel}","templated":true}]}}