{"id":526104,"date":"2025-11-11T01:17:18","date_gmt":"2025-11-11T01:17:18","guid":{"rendered":"https:\/\/www.europesays.com\/fr\/526104\/"},"modified":"2025-11-11T01:17:18","modified_gmt":"2025-11-11T01:17:18","slug":"pres-de-saint-etienne-pourquoi-des-fumees-sont-encore-visibles-ce-lundi-matin","status":"publish","type":"post","link":"https:\/\/www.europesays.com\/fr\/526104\/","title":{"rendered":"Pr\u00e8s de Saint-\u00c9tienne : pourquoi des fum\u00e9es sont encore visibles ce lundi matin ?"},"content":{"rendered":"<p>Un important incendie s&rsquo;est d\u00e9clar\u00e9 ce dimanche 9 novembre, aux alentours de 22h30, dans un tunnel de stockage de fourrage, \u00e0 Saint-Victor-sur-Loire. Ce qui a provoqu\u00e9 un important d\u00e9gagement de fum\u00e9e, encore visible ce lundi 10 novembre.<\/p>\n<p>Une intervention au long cours.<\/p>\n<p>Plus d&rsquo;une vingtaine de pompiers ont \u00e9t\u00e9 mobilis\u00e9s, ce dimanche soir, \u00e0 <b>Saint-Victor-sur-Loire<\/b>. En cause : un incendie dans un tunnel agricole de 250m\u00b2, o\u00f9 <b>200 tonnes de fourrage<\/b> \u00e9taient entrepos\u00e9es.<\/p>\n<p>Des renforts pour alimenter les pompiers en eau<\/p>\n<p>Deux lances ont \u00e9t\u00e9 d\u00e9ploy\u00e9es pour ma\u00eetriser le foyer et limiter la propagation de l&rsquo;incendie. Les ressources en eau \u00e9tant limit\u00e9es dans le secteur, un groupe appui eau a \u00e9t\u00e9 d\u00e9ploy\u00e9 pour les alimenter.<\/p>\n<p>Au total, 120 tonnes de fourrage ont pu \u00eatre \u00e9vacu\u00e9es, gr\u00e2ce \u00e0 l&rsquo;aide des exploitants agricoles. L&rsquo;action des sapeurs-pompiers a permis de <b>prot\u00e9ger un second tunnel de stockage<\/b> situ\u00e9 \u00e0 proximit\u00e9.\u00a0<\/p>\n<p>L&rsquo;intervention, toujours en cours ce lundi matin, devrait se prolonger <b>encore plusieurs heures<\/b>. Aucune victime n&rsquo;est \u00e0 d\u00e9plorer, la situation est ma\u00eetris\u00e9e. En revanche, un <b>important d\u00e9gagement de fum\u00e9e<\/b> \u00e9tait encore visible autour de Saint-Victor-sur-Loire et Roche-la-Moli\u00e8re.<\/p>\n<p><img loading=\"lazy\" decoding=\"async\" src=\"https:\/\/www.europesays.com\/fr\/wp-content\/uploads\/2025\/11\/1762823838_656_img\" width=\"350\" height=\"200\" border=\"0\" title=\"Aucun train ne circule entre Roanne et Lyon jusqu'\u00c3\u00a0 18 heures\"\/><\/p>\n<p>\u25baTransport<\/p>\n<p style=\"font-size: 22px;\"><b>Absence d&rsquo;un agent SNCF : aucun train entre Lyon et Roanne ne circule ce dimanche\u00a0\u00a0<\/b><\/p>\n<p>La ligne ferroviaire Lyon\u2013Roanne est totalement&#8230;<\/p>\n<p><\/p>\n","protected":false},"excerpt":{"rendered":"Un important incendie s&rsquo;est d\u00e9clar\u00e9 ce dimanche 9 novembre, aux alentours de 22h30, dans un tunnel de stockage&hellip;\n","protected":false},"author":2,"featured_media":526105,"comment_status":"","ping_status":"","sticky":false,"template":"","format":"standard","meta":{"footnotes":""},"categories":[9653],"tags":[1111,11,2430,1777,674,1011,27,1310,3367,12,30241,1311,25,9920,4001,29878,64566],"class_list":{"0":"post-526104","1":"post","2":"type-post","3":"status-publish","4":"format-standard","5":"has-post-thumbnail","7":"category-saint-etienne","8":"tag-actu","9":"tag-actualites","10":"tag-auvergne-rhone-alpes","11":"tag-eu","12":"tag-europe","13":"tag-fr","14":"tag-france","15":"tag-incendie","16":"tag-loire","17":"tag-news","18":"tag-paille","19":"tag-pompiers","20":"tag-republique-francaise","21":"tag-saint-tienne","22":"tag-saint-etienne","23":"tag-saint-victor-sur-loire","24":"tag-tunnel-agricole"},"share_on_mastodon":{"url":"https:\/\/pubeurope.com\/@fr\/115528430170308503","error":""},"_links":{"self":[{"href":"https:\/\/www.europesays.com\/fr\/wp-json\/wp\/v2\/posts\/526104","targetHints":{"allow":["GET"]}}],"collection":[{"href":"https:\/\/www.europesays.com\/fr\/wp-json\/wp\/v2\/posts"}],"about":[{"href":"https:\/\/www.europesays.com\/fr\/wp-json\/wp\/v2\/types\/post"}],"author":[{"embeddable":true,"href":"https:\/\/www.europesays.com\/fr\/wp-json\/wp\/v2\/users\/2"}],"replies":[{"embeddable":true,"href":"https:\/\/www.europesays.com\/fr\/wp-json\/wp\/v2\/comments?post=526104"}],"version-history":[{"count":0,"href":"https:\/\/www.europesays.com\/fr\/wp-json\/wp\/v2\/posts\/526104\/revisions"}],"wp:featuredmedia":[{"embeddable":true,"href":"https:\/\/www.europesays.com\/fr\/wp-json\/wp\/v2\/media\/526105"}],"wp:attachment":[{"href":"https:\/\/www.europesays.com\/fr\/wp-json\/wp\/v2\/media?parent=526104"}],"wp:term":[{"taxonomy":"category","embeddable":true,"href":"https:\/\/www.europesays.com\/fr\/wp-json\/wp\/v2\/categories?post=526104"},{"taxonomy":"post_tag","embeddable":true,"href":"https:\/\/www.europesays.com\/fr\/wp-json\/wp\/v2\/tags?post=526104"}],"curies":[{"name":"wp","href":"https:\/\/api.w.org\/{rel}","templated":true}]}}