{"id":526116,"date":"2025-11-11T01:26:18","date_gmt":"2025-11-11T01:26:18","guid":{"rendered":"https:\/\/www.europesays.com\/fr\/526116\/"},"modified":"2025-11-11T01:26:18","modified_gmt":"2025-11-11T01:26:18","slug":"prison-de-rouen-le-manque-de-communication-a-bien-failli-generer-une-evasion","status":"publish","type":"post","link":"https:\/\/www.europesays.com\/fr\/526116\/","title":{"rendered":"Prison de Rouen : Le manque de communication a bien failli g\u00e9n\u00e9rer une \u00e9vasion"},"content":{"rendered":"<p class=\"p1\">Samedi 08 Novembre 2025, vers 16h, le d\u00e9tenu J.B., pourtant exclu de la division 3 pour avoir d\u00e9clar\u00e9 qu\u2019il s\u2019\u00e9vaderait par la zone de travaux de la cour de promenade, a mis sa menace \u00e0 ex\u00e9cution.<\/p>\n<p class=\"p1\">Affect\u00e9 depuis un mois au 1er \u00e9tage de la division 3 (unit\u00e9 hospitali\u00e8re), il a r\u00e9ussi \u00e0 franchir le concertina de la cour de promenade, puis celui de l\u2019entr\u00e9e du chantier, avant de se retrouver dans le chemin de ronde.<\/p>\n<p class=\"p2\" style=\"text-align: center;\"><strong>Comment un d\u00e9tenu interdit de division peut-il s\u2019y retrouver malgr\u00e9 tout ?<\/strong><\/p>\n<p class=\"p2\" style=\"text-align: center;\"><strong>Comment est-il possible que les agents n\u2019aient pas \u00e9t\u00e9 inform\u00e9s de cette d\u00e9cision ?<\/strong><\/p>\n<p class=\"p1\">Lors de la visite de ce lieu, <strong>Force Ouvri\u00e8re<\/strong> et les autres organisations syndicales avaient formul\u00e9s plusieurs demandes pr\u00e9cises de s\u00e9curisation :<\/p>\n<p class=\"p1\">\u2022 Pose d\u2019un concertina sur le mur d\u2019enceinte \u2192 r\u00e9alis\u00e9e.<\/p>\n<p class=\"p1\">\u2022 Rehausse du concertina ou de la palissade \u2192 refus\u00e9e, car \u00ab les conditions d\u2019installation respectent le cahier des charges impos\u00e9 par la DI \u00bb.<\/p>\n<p class=\"p1\">\u2022 S\u00e9curisation int\u00e9rieure de l\u2019acc\u00e8s du chantier, jug\u00e9e trop facilement franchissable \u2192 refus\u00e9e.<\/p>\n<p class=\"p1\">\u2022 Installation d\u2019une porte coulissante pour masquer l\u2019\u00e9norme trou visible depuis la cour \u2192 refus\u00e9e \u00e9galement.<\/p>\n<p class=\"p1\">Une fois de plus, les alertes du terrain sont rest\u00e9es sans suite, jusqu\u2019\u00e0 ce que cet incident grave vienne confirmer nos craintes.<\/p>\n<p class=\"p1\">Par chance, c\u2019est l\u2019agent parloir, en allant chercher les familles, qui aper\u00e7oit l\u2019individu dans le chemin de ronde. L\u2019alarme g\u00e9n\u00e9rale est imm\u00e9diatement d\u00e9clench\u00e9e.<\/p>\n<p class=\"p1\">L\u2019officier de permanence, accompagn\u00e9 de deux agents, intervient rapidement pour interpeller le d\u00e9tenu, qui tente de se dissimuler. Ce dernier r\u00e9siste au menottage, avant d\u2019\u00eatre ma\u00eetris\u00e9 et conduit au quartier disciplinaire.<\/p>\n<p class=\"p1\"><strong>Le bureau local de FO Justice<\/strong> f\u00e9licite les agents ayant mis fin \u00e0 cette tentative d\u2019\u00e9vasion et demande que ces trois agents soient officiellement remerci\u00e9s \u00e0 la hauteur de leur intervention.<\/p>\n<p class=\"p1\"><strong>Le bureau local de FO Justice<\/strong> salue \u00e9galement l\u2019ensemble des personnels, tous grades confondus \u2014 surveillants, brigadiers-chefs et officiers \u2014 pour leur r\u00e9activit\u00e9 et leur professionnalisme exemplaire, ayant permis de g\u00e9rer d\u2019une main de ma\u00eetre l\u2019apr\u00e8s-incident, notamment lors du contre-appel.<\/p>\n<p><a href=\"https:\/\/fojustice.fr\/web\/wp-content\/uploads\/2025\/11\/10112025tentativeevasion.pdf\" target=\"_blank\" rel=\"noopener\">Lire le communiqu\u00e9<\/a><\/p>\n","protected":false},"excerpt":{"rendered":"Samedi 08 Novembre 2025, vers 16h, le d\u00e9tenu J.B., pourtant exclu de la division 3 pour avoir d\u00e9clar\u00e9&hellip;\n","protected":false},"author":2,"featured_media":526117,"comment_status":"","ping_status":"","sticky":false,"template":"","format":"standard","meta":{"footnotes":""},"categories":[9587],"tags":[1111,11,1777,674,1011,27,12,5161,25,9590],"class_list":{"0":"post-526116","1":"post","2":"type-post","3":"status-publish","4":"format-standard","5":"has-post-thumbnail","7":"category-rouen","8":"tag-actu","9":"tag-actualites","10":"tag-eu","11":"tag-europe","12":"tag-fr","13":"tag-france","14":"tag-news","15":"tag-normandie","16":"tag-republique-francaise","17":"tag-rouen"},"share_on_mastodon":{"url":"https:\/\/pubeurope.com\/@fr\/115528465363516587","error":""},"_links":{"self":[{"href":"https:\/\/www.europesays.com\/fr\/wp-json\/wp\/v2\/posts\/526116","targetHints":{"allow":["GET"]}}],"collection":[{"href":"https:\/\/www.europesays.com\/fr\/wp-json\/wp\/v2\/posts"}],"about":[{"href":"https:\/\/www.europesays.com\/fr\/wp-json\/wp\/v2\/types\/post"}],"author":[{"embeddable":true,"href":"https:\/\/www.europesays.com\/fr\/wp-json\/wp\/v2\/users\/2"}],"replies":[{"embeddable":true,"href":"https:\/\/www.europesays.com\/fr\/wp-json\/wp\/v2\/comments?post=526116"}],"version-history":[{"count":0,"href":"https:\/\/www.europesays.com\/fr\/wp-json\/wp\/v2\/posts\/526116\/revisions"}],"wp:featuredmedia":[{"embeddable":true,"href":"https:\/\/www.europesays.com\/fr\/wp-json\/wp\/v2\/media\/526117"}],"wp:attachment":[{"href":"https:\/\/www.europesays.com\/fr\/wp-json\/wp\/v2\/media?parent=526116"}],"wp:term":[{"taxonomy":"category","embeddable":true,"href":"https:\/\/www.europesays.com\/fr\/wp-json\/wp\/v2\/categories?post=526116"},{"taxonomy":"post_tag","embeddable":true,"href":"https:\/\/www.europesays.com\/fr\/wp-json\/wp\/v2\/tags?post=526116"}],"curies":[{"name":"wp","href":"https:\/\/api.w.org\/{rel}","templated":true}]}}