{"id":526118,"date":"2025-11-11T01:27:27","date_gmt":"2025-11-11T01:27:27","guid":{"rendered":"https:\/\/www.europesays.com\/fr\/526118\/"},"modified":"2025-11-11T01:27:27","modified_gmt":"2025-11-11T01:27:27","slug":"jarrie-en-memoire-de-matthieu-giroud-assassine-au-bataclan","status":"publish","type":"post","link":"https:\/\/www.europesays.com\/fr\/526118\/","title":{"rendered":"Jarrie. En m\u00e9moire de Matthieu Giroud assassin\u00e9 au Bataclan"},"content":{"rendered":"<p>Le monument aux morts des Chaberts sera \u00e0 l\u2019honneur cette semaine. Tout d\u2019abord, la municipalit\u00e9 de Jarrie invite toute la population au pied de ce monument, ce mardi 11\u00a0novembre \u00e0 11\u00a0h\u00a015, pour comm\u00e9morer l\u2019anniversaire de l\u2019Armistice de la Premi\u00e8re Guerre mondiale. Par ailleurs, elle invite aussi les habitants \u00e0 comm\u00e9morer, jeudi 13\u00a0novembre, le dixi\u00e8me anniversaire des attentats de Paris le 13\u00a0novembre 2015.<\/p>\n<p>En matin\u00e9e, le maire d\u00e9posera une gerbe de fleurs au nom de la collectivit\u00e9 locale au pied de la st\u00e8le \u00e9rig\u00e9e en m\u00e9moire de Matthieu Giroud, enfant de Jarrie, assassin\u00e9 au Bataclan. Toute la journ\u00e9e, les habitants sont invit\u00e9s \u00e0 faire un signe en d\u00e9posant une fleur, une bougie, un message, un dessin, un objet, au pied de la st\u00e8le. Rappelons que les victimes des attentats terroristes sont reconnues comme \u201cvictimes civiles de guerre\u201d. Ce geste rev\u00eat un aspect citoyen important \u00e0 l\u2019heure o\u00f9 la menace terroriste, on le sait, est toujours \u00e9lev\u00e9e.<\/p>\n","protected":false},"excerpt":{"rendered":"Le monument aux morts des Chaberts sera \u00e0 l\u2019honneur cette semaine. Tout d\u2019abord, la municipalit\u00e9 de Jarrie invite&hellip;\n","protected":false},"author":2,"featured_media":526119,"comment_status":"","ping_status":"","sticky":false,"template":"","format":"standard","meta":{"footnotes":""},"categories":[9566],"tags":[1111,11,2430,113,1777,674,1011,27,2731,108,17480,12,25,17481,104,1254],"class_list":{"0":"post-526118","1":"post","2":"type-post","3":"status-publish","4":"format-standard","5":"has-post-thumbnail","7":"category-grenoble","8":"tag-actu","9":"tag-actualites","10":"tag-auvergne-rhone-alpes","11":"tag-edition-gresivaudan-oisans","12":"tag-eu","13":"tag-europe","14":"tag-fr","15":"tag-france","16":"tag-grenoble","17":"tag-isere","18":"tag-jarrie","19":"tag-news","20":"tag-republique-francaise","21":"tag-romanche","22":"tag-societe","23":"tag-terrorisme"},"share_on_mastodon":{"url":"https:\/\/pubeurope.com\/@fr\/115528469962036205","error":""},"_links":{"self":[{"href":"https:\/\/www.europesays.com\/fr\/wp-json\/wp\/v2\/posts\/526118","targetHints":{"allow":["GET"]}}],"collection":[{"href":"https:\/\/www.europesays.com\/fr\/wp-json\/wp\/v2\/posts"}],"about":[{"href":"https:\/\/www.europesays.com\/fr\/wp-json\/wp\/v2\/types\/post"}],"author":[{"embeddable":true,"href":"https:\/\/www.europesays.com\/fr\/wp-json\/wp\/v2\/users\/2"}],"replies":[{"embeddable":true,"href":"https:\/\/www.europesays.com\/fr\/wp-json\/wp\/v2\/comments?post=526118"}],"version-history":[{"count":0,"href":"https:\/\/www.europesays.com\/fr\/wp-json\/wp\/v2\/posts\/526118\/revisions"}],"wp:featuredmedia":[{"embeddable":true,"href":"https:\/\/www.europesays.com\/fr\/wp-json\/wp\/v2\/media\/526119"}],"wp:attachment":[{"href":"https:\/\/www.europesays.com\/fr\/wp-json\/wp\/v2\/media?parent=526118"}],"wp:term":[{"taxonomy":"category","embeddable":true,"href":"https:\/\/www.europesays.com\/fr\/wp-json\/wp\/v2\/categories?post=526118"},{"taxonomy":"post_tag","embeddable":true,"href":"https:\/\/www.europesays.com\/fr\/wp-json\/wp\/v2\/tags?post=526118"}],"curies":[{"name":"wp","href":"https:\/\/api.w.org\/{rel}","templated":true}]}}