{"id":526125,"date":"2025-11-11T01:32:16","date_gmt":"2025-11-11T01:32:16","guid":{"rendered":"https:\/\/www.europesays.com\/fr\/526125\/"},"modified":"2025-11-11T01:32:16","modified_gmt":"2025-11-11T01:32:16","slug":"ostwald-le-chanteur-pop-rock-electro-aime-simone-invite-au-reve-au-point-deau-2","status":"publish","type":"post","link":"https:\/\/www.europesays.com\/fr\/526125\/","title":{"rendered":"Ostwald. Le chanteur pop-rock-electro Aime Simone invite au r\u00eave au Point d\u2019Eau"},"content":{"rendered":"<p>Aime Simone tourne avec son troisi\u00e8me album, REV. Le chanteur et compositeur n\u00e9 \u00e0 Paris lui donne\u00a0plusieurs sens, \u00ab\u00a0R\u00e9volution, Revanche, R\u00e9v\u00e9lation\u00a0\u00bb. Son style m\u00eale pop, rock et \u00e9lectro, avec des chansons en anglais atmosph\u00e9riques. Lui parle de \u00ab\u00a0postpop\u00a0\u00bb. Son deuxi\u00e8me disque, Oh Glory , sorti en 2023, lui a valu une nomination dans la cat\u00e9gorie R\u00e9v\u00e9lation masculine aux Victoires de la musique.\u00a0Sur sc\u00e8ne, il laisse place \u00e0 son talent de performeur.<\/p>\n<p>De la Maroquinerie \u00e0 la Cigale, en passant par les Francofolies, We Love Green ou encore Montreux Jazz Festival, il cr\u00e9e une relation particuli\u00e8re avec son public. REV , album plus conceptuel, aborde la nature fluide de l\u2019identit\u00e9. Aime Simone, qui vient d\u2019enregistrer un duo, Werewolf , avec Peter Doherty, explore des sons rap, punk, techno, tandis que sa voix continue de passer avec aisance des graves aux aigus.<\/p>\n<p>\u00c0 d\u00e9couvrir sur sc\u00e8ne dans le cadre de la programmation de la Laiterie. En premi\u00e8re partie, un autre Fran\u00e7ais, Baum\u00e9, entre pop kitsch et plages de synth\u00e9.<\/p>\n<p class=\"note\">Point d\u2019Eau, 17 all\u00e9e Ren\u00e9-Cassin \u00e0 Ostwald, vendredi 14\u00a0novembre \u00e0 20\u00a0h (ouverture des portes \u00e0 19\u00a0h\u00a030). Premi\u00e8re partie\u00a0: Baum\u00e9. Tarifs\u00a0: de 28,50 \u00e0 30\u00a0euros. R\u00e9servations\u00a0: <a href=\"https:\/\/www.artefact.org\/la-laiterie\/evenements\/aime-simone-1ere-partie\/\" target=\"_blank\" rel=\"nofollow noopener\">www.artefact.org<\/a><\/p>\n","protected":false},"excerpt":{"rendered":"Aime Simone tourne avec son troisi\u00e8me album, REV. Le chanteur et compositeur n\u00e9 \u00e0 Paris lui donne\u00a0plusieurs sens,&hellip;\n","protected":false},"author":2,"featured_media":524480,"comment_status":"","ping_status":"","sticky":false,"template":"","format":"standard","meta":{"footnotes":""},"categories":[2820],"tags":[1111,11,2389,1687,1777,674,107,1011,27,775,873,12,25,640],"class_list":{"0":"post-526125","1":"post","2":"type-post","3":"status-publish","4":"format-standard","5":"has-post-thumbnail","7":"category-strasbourg","8":"tag-actu","9":"tag-actualites","10":"tag-alsace","11":"tag-culture-loisirs","12":"tag-eu","13":"tag-europe","14":"tag-fil-info","15":"tag-fr","16":"tag-france","17":"tag-grand-est","18":"tag-musique","19":"tag-news","20":"tag-republique-francaise","21":"tag-strasbourg"},"share_on_mastodon":{"url":"https:\/\/pubeurope.com\/@fr\/115528488981364441","error":""},"_links":{"self":[{"href":"https:\/\/www.europesays.com\/fr\/wp-json\/wp\/v2\/posts\/526125","targetHints":{"allow":["GET"]}}],"collection":[{"href":"https:\/\/www.europesays.com\/fr\/wp-json\/wp\/v2\/posts"}],"about":[{"href":"https:\/\/www.europesays.com\/fr\/wp-json\/wp\/v2\/types\/post"}],"author":[{"embeddable":true,"href":"https:\/\/www.europesays.com\/fr\/wp-json\/wp\/v2\/users\/2"}],"replies":[{"embeddable":true,"href":"https:\/\/www.europesays.com\/fr\/wp-json\/wp\/v2\/comments?post=526125"}],"version-history":[{"count":0,"href":"https:\/\/www.europesays.com\/fr\/wp-json\/wp\/v2\/posts\/526125\/revisions"}],"wp:featuredmedia":[{"embeddable":true,"href":"https:\/\/www.europesays.com\/fr\/wp-json\/wp\/v2\/media\/524480"}],"wp:attachment":[{"href":"https:\/\/www.europesays.com\/fr\/wp-json\/wp\/v2\/media?parent=526125"}],"wp:term":[{"taxonomy":"category","embeddable":true,"href":"https:\/\/www.europesays.com\/fr\/wp-json\/wp\/v2\/categories?post=526125"},{"taxonomy":"post_tag","embeddable":true,"href":"https:\/\/www.europesays.com\/fr\/wp-json\/wp\/v2\/tags?post=526125"}],"curies":[{"name":"wp","href":"https:\/\/api.w.org\/{rel}","templated":true}]}}