{"id":526128,"date":"2025-11-11T01:34:19","date_gmt":"2025-11-11T01:34:19","guid":{"rendered":"https:\/\/www.europesays.com\/fr\/526128\/"},"modified":"2025-11-11T01:34:19","modified_gmt":"2025-11-11T01:34:19","slug":"a-nice-quentin-le-poissonnier-fait-ecole-quand-la-passion-du-produit","status":"publish","type":"post","link":"https:\/\/www.europesays.com\/fr\/526128\/","title":{"rendered":"\u00c0 Nice, Quentin le poissonnier \u00ab\u00a0fait \u00e9cole\u00a0\u00bb : quand la passion du produit (\u2026)"},"content":{"rendered":"<p>                    <img loading=\"lazy\" decoding=\"async\" src=\"https:\/\/www.europesays.com\/fr\/wp-content\/uploads\/2025\/11\/8eac9281172349a82d0fc70a6c6492.png\" class=\"img-responsive post-image\" width=\"680\" height=\"510\" alt=\"\u00c0 Nice, Quentin le poisso\" title=\"\u00c0 Nice, Quentin le poissonnier &quot;fait \u00e9cole&quot; : quand la passion du produit devient moteur de vocation\"\/><\/p>\n<p class=\"chapo\">Alors que les jeunes Azur\u00e9ens s\u2019interrogent sur leur avenir \u00e0 l\u2019approche du salon de l\u2019\u00c9tudiant, un artisan ni\u00e7ois attire l\u2019attention bien au-del\u00e0 de son \u00e9tal. Quentin, poissonnier install\u00e9 entre Nice et Cagnes-sur-Mer, a choisi de faire de son m\u00e9tier un terrain de transmission et d\u2019innovation. Le 22 novembre prochain, il ouvrira les portes de ses boutiques aux \u00e9tudiants curieux de d\u00e9couvrir les coulisses d\u2019un m\u00e9tier manuel en pleine redynamisation.<\/p>\n<p>                    Former pour pr\u00e9server le go\u00fbt du bon<\/p>\n<p>Issu de la nouvelle g\u00e9n\u00e9ration d\u2019artisans passionn\u00e9s, Quentin a fait de la formation un pilier de son activit\u00e9. Dans ses ateliers, il accompagne aussi bien des jeunes en apprentissage que des adultes en reconversion, partageant les gestes pr\u00e9cis de la d\u00e9coupe, les r\u00e8gles d\u2019hygi\u00e8ne, le sens du contact client et le respect du produit. \u201cLe poisson, c\u2019est un produit vivant qui m\u00e9rite respect et pr\u00e9cision. Former la rel\u00e8ve, c\u2019est pr\u00e9server la culture du bon, du frais et du travail bien fait\u201d, explique-t-il.<br class=\"autobr\"\/><br \/>\nPour le jeune entrepreneur, cette d\u00e9marche p\u00e9dagogique traduit une conviction forte\u00a0: les m\u00e9tiers de bouche ont de l\u2019avenir, \u00e0 condition d\u2019en valoriser la technicit\u00e9 et la noblesse.<\/p>\n<p>R\u00e9inventer la poissonnerie<\/p>\n<p>Mais Quentin ne se contente pas de transmettre. Il r\u00e9invente la fa\u00e7on de consommer les produits de la mer, en combinant savoir-faire artisanal et sens de l\u2019esth\u00e9tique. Ses plateaux de fruits de mer pr\u00e9sent\u00e9s comme des bouquets, ses kits ap\u00e9ro ultra-frais ou encore ses <a href=\"https:\/\/www.instagram.com\/quentinlepoissonnier\/?hl=fr\" class=\"spip_out\" rel=\"external noopener\" target=\"_blank\">pr\u00e9parations festives de saison<\/a> s\u00e9duisent une client\u00e8le en qu\u00eate d\u2019authenticit\u00e9 et d\u2019originalit\u00e9. En liant commerce local et p\u00e9dagogie, il sensibilise aussi ses clients au rythme naturel des saisons et \u00e0 l\u2019importance d\u2019une consommation responsable. De son \u00e9tal aux centres de formation, Quentin incarne la vitalit\u00e9 d\u2019un artisanat azur\u00e9en en pleine mutation. <strong>Alliant circuits courts, p\u00eache durable et engagement local, il montre qu\u2019un commerce de proximit\u00e9 peut \u00eatre \u00e0 la fois formateur, cr\u00e9atif et durable.<\/strong><\/p>\n<p><strong>Son parcours illustre un mod\u00e8le d\u2019entrepreneuriat ancr\u00e9 dans le r\u00e9el, o\u00f9 passion, transmission et innovation se conjuguent pour redonner du sens au travail manuel.<\/strong><\/p>\n<p>Relire\u00a0: <a href=\"https:\/\/www.petitesaffiches.fr\/actualites,069\/economie,045\/etre-jeune-et-entrepreneur-une,16251.html\" target=\"_blank\" rel=\"noopener\">\u00catre jeune et entrepreneur\u00a0: une bonne \u00ab\u00a0Initiative\u00a0\u00bb\u00a0!<\/a><br class=\"autobr\"\/><br \/>\nAussi\u00a0: <a href=\"https:\/\/www.petitesaffiches.fr\/actualites,069\/economie,045\/rotary-club-de-nice-aider-les,10003.html\" target=\"_blank\" rel=\"noopener\">Rotary Club de Nice\u00a0: aider les jeunes cr\u00e9ateurs d\u2019entreprises<\/a><strong>Le samedi 22 novembre, l\u2019Etudiant donne rendez-vous aux lyc\u00e9ens et \u00e9tudiants pour la 11e \u00e9dition du salon de l\u2019Etudiant de Nice<\/strong><br class=\"autobr\"\/><br \/>\nOrganis\u00e9 en partenariat avec la r\u00e9gion acad\u00e9mique Provence-Alpes-C\u00f4te d\u2019Azur, la R\u00e9gion Sud, la M\u00e9tropole Nice C\u00f4te d\u2019Azur, la Ville de Nice, l\u2019Universit\u00e9 C\u00f4te d\u2019Azur et l\u2019ONISEP, c\u2019est un rendez-vous unique d\u00e9di\u00e9 \u00e0 l\u2019orientation des lyc\u00e9ens et \u00e9tudiants.<br class=\"autobr\"\/><br \/>\n<strong>Plus de 8 000 visiteurs attendus et plus de 100 acteurs mobilis\u00e9s pour apporter conseils et informations<\/strong><br class=\"autobr\"\/><br \/>\nLe salon de l\u2019Etudiant de Nice est l\u2019occasion d\u2019obtenir des r\u00e9ponses concr\u00e8tes pour pr\u00e9parer son projet d\u2019orientation. Il permet de s\u2019informer sur les possibilit\u00e9s de poursuite d\u2019\u00e9tudes et s\u2019adresse aux lyc\u00e9ens d\u00e8s la classe de seconde et aux \u00e9tudiants de tous niveaux.<br class=\"autobr\"\/><br \/>\nIl permet d\u2019\u00e9changer avec les repr\u00e9sentants d\u2019\u00e9tablissements, des \u00e9tudiants, des alternants&#8230; et d\u2019assister \u00e0 des conf\u00e9rences organis\u00e9es et anim\u00e9es par la r\u00e9daction de l\u2019Etudiant, la r\u00e9gion acad\u00e9mique Provence-Alpes-C\u00f4te d\u2019Azur et l\u2019Universit\u00e9 C\u00f4te d\u2019Azur<br class=\"autobr\"\/><br \/>\nPlus de cent organismes de formation provenant de tous secteurs (commerce, sant\u00e9, ing\u00e9nieur\u2026), proposant des formations en cursus classique ou en alternance seront pr\u00e9sents.<br class=\"autobr\"\/><br \/>\nTous se mobilisent et se mettent \u00e0 la disposition des visiteurs le samedi 22 novembre pour les accompagner dans leurs d\u00e9marches et l\u2019\u00e9laboration de leur projet de formation. Toutes les infos pour <a href=\"https:\/\/salon-de-l-etudiant-nice.salon.letudiant.fr\/\" class=\"spip_out\" rel=\"external noopener\" target=\"_blank\">bien pr\u00e9parer son salon sur le site.<\/a><\/p>\n<p>            <script async src=\"\/\/www.instagram.com\/embed.js\"><\/script><\/p>\n","protected":false},"excerpt":{"rendered":"Alors que les jeunes Azur\u00e9ens s\u2019interrogent sur leur avenir \u00e0 l\u2019approche du salon de l\u2019\u00c9tudiant, un artisan ni\u00e7ois&hellip;\n","protected":false},"author":2,"featured_media":526129,"comment_status":"","ping_status":"","sticky":false,"template":"","format":"standard","meta":{"footnotes":""},"categories":[2819],"tags":[1111,11,2408,1777,674,1011,27,12,2401,882,25],"class_list":{"0":"post-526128","1":"post","2":"type-post","3":"status-publish","4":"format-standard","5":"has-post-thumbnail","7":"category-nice","8":"tag-actu","9":"tag-actualites","10":"tag-appels-d","11":"tag-eu","12":"tag-europe","13":"tag-fr","14":"tag-france","15":"tag-news","16":"tag-nice","17":"tag-provence-alpes-cote-dazur","18":"tag-republique-francaise"},"share_on_mastodon":{"url":"https:\/\/pubeurope.com\/@fr\/115528497866568421","error":""},"_links":{"self":[{"href":"https:\/\/www.europesays.com\/fr\/wp-json\/wp\/v2\/posts\/526128","targetHints":{"allow":["GET"]}}],"collection":[{"href":"https:\/\/www.europesays.com\/fr\/wp-json\/wp\/v2\/posts"}],"about":[{"href":"https:\/\/www.europesays.com\/fr\/wp-json\/wp\/v2\/types\/post"}],"author":[{"embeddable":true,"href":"https:\/\/www.europesays.com\/fr\/wp-json\/wp\/v2\/users\/2"}],"replies":[{"embeddable":true,"href":"https:\/\/www.europesays.com\/fr\/wp-json\/wp\/v2\/comments?post=526128"}],"version-history":[{"count":0,"href":"https:\/\/www.europesays.com\/fr\/wp-json\/wp\/v2\/posts\/526128\/revisions"}],"wp:featuredmedia":[{"embeddable":true,"href":"https:\/\/www.europesays.com\/fr\/wp-json\/wp\/v2\/media\/526129"}],"wp:attachment":[{"href":"https:\/\/www.europesays.com\/fr\/wp-json\/wp\/v2\/media?parent=526128"}],"wp:term":[{"taxonomy":"category","embeddable":true,"href":"https:\/\/www.europesays.com\/fr\/wp-json\/wp\/v2\/categories?post=526128"},{"taxonomy":"post_tag","embeddable":true,"href":"https:\/\/www.europesays.com\/fr\/wp-json\/wp\/v2\/tags?post=526128"}],"curies":[{"name":"wp","href":"https:\/\/api.w.org\/{rel}","templated":true}]}}