{"id":526132,"date":"2025-11-11T01:36:25","date_gmt":"2025-11-11T01:36:25","guid":{"rendered":"https:\/\/www.europesays.com\/fr\/526132\/"},"modified":"2025-11-11T01:36:25","modified_gmt":"2025-11-11T01:36:25","slug":"un-camion-perd-son-chargement-pres-de-nantes-des-pompiers-specialises-en-risque-technique-se","status":"publish","type":"post","link":"https:\/\/www.europesays.com\/fr\/526132\/","title":{"rendered":"Un camion perd son chargement pr\u00e8s de Nantes, des pompiers sp\u00e9cialis\u00e9s en risque technique se"},"content":{"rendered":"<p>Les sapeurs-pompiers sont intervenus pour \u00a0un d\u00e9versement de produits chimiques suite \u00e0 la perte du chargement d\u2019un camion\u00a0, pr\u00e9cise le centre op\u00e9rationnel d\u00e9partemental d\u2019incendie et de secours (CODIS 44). Les faits se sont produits sur la RD723 \u00e0 Couff\u00e9, lundi 10\u00a0novembre 2025 \u00e0 15\u00a0h\u00a005.<\/p>\n<p>Trente pompiers sur place<\/p>\n<p>Les secours \u00a0sp\u00e9cialis\u00e9s en risque technique proc\u00e8dent \u00e0 l\u2019identification et au traitement du produit\u00a0.<\/p>\n<p>Au total, 30\u00a0pompiers et 12\u00a0engins sont sur place. Le D\u00e9partement indique que la dur\u00e9e de cette intervention \u00a0est ind\u00e9termin\u00e9e\u00a0.<\/p>\n<p>\u00a0<\/p>\n","protected":false},"excerpt":{"rendered":"Les sapeurs-pompiers sont intervenus pour \u00a0un d\u00e9versement de produits chimiques suite \u00e0 la perte du chargement d\u2019un camion\u00a0,&hellip;\n","protected":false},"author":2,"featured_media":526133,"comment_status":"","ping_status":"","sticky":false,"template":"","format":"standard","meta":{"footnotes":""},"categories":[2818],"tags":[1111,11,660,64567,1777,674,1011,27,766,12,2636,1439,5536,1311,3762,11493,25,4510,64568,6233],"class_list":{"0":"post-526132","1":"post","2":"type-post","3":"status-publish","4":"format-standard","5":"has-post-thumbnail","7":"category-nantes","8":"tag-actu","9":"tag-actualites","10":"tag-camion","11":"tag-chargement","12":"tag-eu","13":"tag-europe","14":"tag-fr","15":"tag-france","16":"tag-nantes","17":"tag-news","18":"tag-pays-de-la-loire","19":"tag-perd","20":"tag-place","21":"tag-pompiers","22":"tag-pres","23":"tag-rendent","24":"tag-republique-francaise","25":"tag-risque","26":"tag-specialises","27":"tag-technique"},"share_on_mastodon":{"url":"https:\/\/pubeurope.com\/@fr\/115528504819084979","error":""},"_links":{"self":[{"href":"https:\/\/www.europesays.com\/fr\/wp-json\/wp\/v2\/posts\/526132","targetHints":{"allow":["GET"]}}],"collection":[{"href":"https:\/\/www.europesays.com\/fr\/wp-json\/wp\/v2\/posts"}],"about":[{"href":"https:\/\/www.europesays.com\/fr\/wp-json\/wp\/v2\/types\/post"}],"author":[{"embeddable":true,"href":"https:\/\/www.europesays.com\/fr\/wp-json\/wp\/v2\/users\/2"}],"replies":[{"embeddable":true,"href":"https:\/\/www.europesays.com\/fr\/wp-json\/wp\/v2\/comments?post=526132"}],"version-history":[{"count":0,"href":"https:\/\/www.europesays.com\/fr\/wp-json\/wp\/v2\/posts\/526132\/revisions"}],"wp:featuredmedia":[{"embeddable":true,"href":"https:\/\/www.europesays.com\/fr\/wp-json\/wp\/v2\/media\/526133"}],"wp:attachment":[{"href":"https:\/\/www.europesays.com\/fr\/wp-json\/wp\/v2\/media?parent=526132"}],"wp:term":[{"taxonomy":"category","embeddable":true,"href":"https:\/\/www.europesays.com\/fr\/wp-json\/wp\/v2\/categories?post=526132"},{"taxonomy":"post_tag","embeddable":true,"href":"https:\/\/www.europesays.com\/fr\/wp-json\/wp\/v2\/tags?post=526132"}],"curies":[{"name":"wp","href":"https:\/\/api.w.org\/{rel}","templated":true}]}}