{"id":526143,"date":"2025-11-11T01:42:23","date_gmt":"2025-11-11T01:42:23","guid":{"rendered":"https:\/\/www.europesays.com\/fr\/526143\/"},"modified":"2025-11-11T01:42:23","modified_gmt":"2025-11-11T01:42:23","slug":"metropole-de-lille-quels-magasins-seront-ouverts-ce-mardi-11-novembre","status":"publish","type":"post","link":"https:\/\/www.europesays.com\/fr\/526143\/","title":{"rendered":"M\u00e9tropole de Lille. Quels magasins seront ouverts ce mardi 11 novembre\u00a0?"},"content":{"rendered":"<p>            Par<br \/>\n        <strong><br \/>\n            <a href=\"https:\/\/actu.fr\/auteur\/hervine-mahaud\" title=\"Consulter tous les articles de Hervine Mahaud\" target=\"_blank\" rel=\"noopener\">Hervine Mahaud<\/a><br \/>\n        <\/strong><\/p>\n<p>        Publi\u00e9 le<\/p>\n<p>            10 nov. 2025 \u00e0 8h10        <\/p>\n<p>Envie de profiter de votre\u00a0<b>jour f\u00e9ri\u00e9<\/b>\u00a0pour faire du\u00a0<b>shopping<\/b>\u00a0ou quelques courses dans la\u00a0<a href=\"https:\/\/actu.fr\/lille\/\" target=\"_blank\" rel=\"noopener\">m\u00e9tropole de Lille<\/a>\u00a0? La r\u00e9dac\u2019 vous dresse une liste (non exhaustive) des<b>\u00a0magasins, boutiques et commerces<\/b>\u00a0pr\u00eats\u00a0\u00e0 vous accueillir le\u00a0<b>mardi 11 novembre 2025<\/b>.<\/p>\n<p>Les magasins ouverts \u00e0 Lille<\/p>\n<p class=\" wall-content\">Cette ann\u00e9e, le 11 novembre tombe un mardi. La grande majorit\u00e9 des commerces resteront donc ouverts durant ce jour f\u00e9ri\u00e9. N\u00e9anmoins, les horaires seront adapt\u00e9s. \u00c0 <b>Lille<\/b>, voici les horaires de quelques magasins :\u00a0<\/p>\n<ul class=\" wall-content\">\n<li><a href=\"https:\/\/actu.fr\/hauts-de-france\/lille_59350\/lille-6-nouvelles-boutiques-et-3-demenagements-au-centre-commercial-westfield-euralille_63335547.html\" target=\"_blank\" rel=\"noopener\">Westfield Euralille<\/a> : les boutiques de 10h \u00e0 19h, Carrefour 9h \u00e0 20h ;<\/li>\n<li><a href=\"https:\/\/actu.fr\/hauts-de-france\/lille_59350\/jouets-resto-loisirs-le-centre-commercial-lillenium-annonce-plein-douvertures-pour-la-fin-dannee_63300666.html\" target=\"_blank\" rel=\"noopener\">Lillenium<\/a>\u00a0: les boutiques de 10h \u00e0 19h, Leclerc de 9h \u00e0 19h ;<\/li>\n<li><b>Les Tanneurs<\/b> : le centre sera ouvert ;<\/li>\n<li><b>Printemps<\/b>\u00a0: de 10h30 \u00e0 19h30 ;<\/li>\n<li><b>Furet du Nord<\/b> : de 10h \u00e0 19h.<\/li>\n<\/ul>\n<p class=\" wall-content\">Dans le centre-ville (<b>rue de B\u00e9thune, rue Faidherbe, rue Pierre Mauroy, rue du Molinel<\/b>\u2026) et dans le\u00a0<b>Vieux-Lille<\/b>, plusieurs boutiques seront aussi ouvertes toute la journ\u00e9e.\u00a0<\/p>\n<p>Ailleurs dans la m\u00e9tropole<\/p>\n<p class=\" wall-content\">\u00c0 la recherche de bonnes affaires ? Alors direction\u00a0<a href=\"https:\/\/actu.fr\/hauts-de-france\/roubaix_59512\" target=\"_blank\" rel=\"noopener\">Roubaix<\/a>\u00a0et ses magasins d\u2019usine. Les deux <b>centres outlet<\/b> seront ouverts. <a href=\"https:\/\/actu.fr\/hauts-de-france\/roubaix_59512\/roubaix-deux-nouvelles-boutiques-surprenantes-ouvrent-a-mcarthurglen-pile-a-temps-pour-les-cadeaux-de-noel_63382508.html\" target=\"_blank\" rel=\"noopener\">McArthurGlen<\/a> sera ouvert de 10h \u00e0 19h, tout comme <b>L\u2019Usine<\/b>.<\/p>\n<p class=\" wall-content\">Voici les horaires des autres centres commerciaux de la m\u00e9tropole lilloise :<\/p>\n<p>Votre r\u00e9gion, votre actu !<\/p>\n<p>Recevez chaque jour les infos qui comptent pour vous.<\/p>\n<p>\t<a href=\"https:\/\/actu.fr\/newsletter\" class=\"ac-btn ac-btn--corner ac-btn--medium ac-btn--blue800\" target=\"_blank\" rel=\"noopener\">S&rsquo;incrire<\/a><\/p>\n<ul class=\" wall-content\">\n<li><a href=\"https:\/\/actu.fr\/hauts-de-france\/villeneuve-d-ascq_59009\/villeneuve-dascq-voici-les-cinq-nouvelles-boutiques-qui-ont-ouvert-chez-aushopping-v2_63264567.html\" target=\"_blank\" rel=\"noopener\">Centre commercial V2\u00a0Villeneuve-d\u2019Ascq<\/a>\u00a0: Auchan ouvert de 8h30 \u00e0 20h. Les boutiques seront ouvertes de 10h \u00e0 19h ;<\/li>\n<li><b>Centre commercial Englos Les G\u00e9ants<\/b>\u00a0: Auchan ouvert de 8h30 \u00e0 20h. La galerie sera ouverte de 9h30 \u00e0 19h ;<\/li>\n<li><b>Centre commercial Faches-Thumesnil<\/b> : Auchan ouvert de 8h30 \u00e0 20h. La galerie sera ouverte de 10h \u00e0 19h ;<\/li>\n<li><b>Centre commercial Leers<\/b> : Auchan ouvert de 8h30 \u00e0 20h. Le centre sera ouvert de 9h30 \u00e0 19h ;<\/li>\n<li><b>Centre commercial Promenade de Flandre<\/b>\u00a0: Auchan Roncq ouvert de 8h30 \u00e0 20h. La galerie et la promenade seront ouvertes de 10h \u00e0 19h ;<\/li>\n<li><b>Centre commercial Carrefour Wasquehal<\/b>\u00a0: hypermarch\u00e9 ouvert de 8h30 \u00e0 20h. Les boutiques seront ouvertes.<\/li>\n<\/ul>\n<p class=\" wall-content\">\u00c0 noter aussi que le B\u2019Twin Village de Lille sera ouvert de 10h \u00e0 19h, ainsi que <a href=\"https:\/\/actu.fr\/hauts-de-france\/lille_59350\/un-gigantesque-parc-de-loisirs-pour-les-enfants-a-ouvert-au-btwin-village-de-lille_53019153.html\" target=\"_blank\" rel=\"noopener\">le parc pour enfants L\u2019\u00cele de Tortuga<\/a> qui se trouve au m\u00eame endroit. En <a href=\"https:\/\/actu.fr\/tag\/belgique\" target=\"_blank\" rel=\"noopener\">Belgique<\/a>, le <b>Famiflora<\/b> de <b>Mouscron<\/b>, qui vient d\u2019inaugurer <a href=\"https:\/\/actu.fr\/economie\/belgique-plus-de-250-references-decor-immersif-et-chocolat-famiflora-ouvre-labbaye-des-bieres_63382414.html\" target=\"_blank\" rel=\"noopener\">un nouveau concept enti\u00e8rement d\u00e9di\u00e9 aux bi\u00e8res d\u2019abbaye<\/a>, vous accueillera de 9h \u00e0 19h30. Bon shopping !<\/p>\n<p class=\" wall-content\">Personnalisez votre actualit\u00e9 en ajoutant vos villes et m\u00e9dias en favori avec <a href=\"https:\/\/moncompte.actu.fr\" title=\"D\u00e9couvez Mon Actu\" rel=\"nofollow noopener\" data-trk=\"{&quot;cta&quot;:{&quot;action&quot;:&quot;https:\\\/\\\/moncompte.actu.fr&quot;,&quot;category&quot;:&quot;mon compte&quot;,&quot;from&quot;:&quot;article footer&quot;,&quot;name&quot;:&quot;Mon actu&quot;,&quot;type&quot;:&quot;cta&quot;}}\" target=\"_blank\">Mon Actu<\/a>.<\/p>\n","protected":false},"excerpt":{"rendered":"Par Hervine Mahaud Publi\u00e9 le 10 nov. 2025 \u00e0 8h10 Envie de profiter de votre\u00a0jour f\u00e9ri\u00e9\u00a0pour faire du\u00a0shopping\u00a0ou&hellip;\n","protected":false},"author":2,"featured_media":526144,"comment_status":"","ping_status":"","sticky":false,"template":"","format":"standard","meta":{"footnotes":""},"categories":[2815],"tags":[1111,11,215,33,1777,674,1011,27,811,39144,1307,12,25],"class_list":{"0":"post-526143","1":"post","2":"type-post","3":"status-publish","4":"format-standard","5":"has-post-thumbnail","7":"category-lille","8":"tag-actu","9":"tag-actualites","10":"tag-commerce","11":"tag-economie","12":"tag-eu","13":"tag-europe","14":"tag-fr","15":"tag-france","16":"tag-hauts-de-france","17":"tag-jours-feries","18":"tag-lille","19":"tag-news","20":"tag-republique-francaise"},"share_on_mastodon":{"url":"https:\/\/pubeurope.com\/@fr\/115528528436838910","error":""},"_links":{"self":[{"href":"https:\/\/www.europesays.com\/fr\/wp-json\/wp\/v2\/posts\/526143","targetHints":{"allow":["GET"]}}],"collection":[{"href":"https:\/\/www.europesays.com\/fr\/wp-json\/wp\/v2\/posts"}],"about":[{"href":"https:\/\/www.europesays.com\/fr\/wp-json\/wp\/v2\/types\/post"}],"author":[{"embeddable":true,"href":"https:\/\/www.europesays.com\/fr\/wp-json\/wp\/v2\/users\/2"}],"replies":[{"embeddable":true,"href":"https:\/\/www.europesays.com\/fr\/wp-json\/wp\/v2\/comments?post=526143"}],"version-history":[{"count":0,"href":"https:\/\/www.europesays.com\/fr\/wp-json\/wp\/v2\/posts\/526143\/revisions"}],"wp:featuredmedia":[{"embeddable":true,"href":"https:\/\/www.europesays.com\/fr\/wp-json\/wp\/v2\/media\/526144"}],"wp:attachment":[{"href":"https:\/\/www.europesays.com\/fr\/wp-json\/wp\/v2\/media?parent=526143"}],"wp:term":[{"taxonomy":"category","embeddable":true,"href":"https:\/\/www.europesays.com\/fr\/wp-json\/wp\/v2\/categories?post=526143"},{"taxonomy":"post_tag","embeddable":true,"href":"https:\/\/www.europesays.com\/fr\/wp-json\/wp\/v2\/tags?post=526143"}],"curies":[{"name":"wp","href":"https:\/\/api.w.org\/{rel}","templated":true}]}}