{"id":52615,"date":"2025-04-25T20:31:13","date_gmt":"2025-04-25T20:31:13","guid":{"rendered":"https:\/\/www.europesays.com\/fr\/52615\/"},"modified":"2025-04-25T20:31:13","modified_gmt":"2025-04-25T20:31:13","slug":"peintre-collectionneur-qui-est-gustave-fayet-lartiste-qui-a-droit-a-six-expositions","status":"publish","type":"post","link":"https:\/\/www.europesays.com\/fr\/52615\/","title":{"rendered":"Peintre, collectionneur&#8230; Qui est Gustave Fayet, l\u2019artiste qui a droit \u00e0 six expositions\u00a0?"},"content":{"rendered":"<p data-module=\"fig-standfirst\" data-context=\"@media (min-width:48em)\"><strong>PORTRAIT <\/strong>&#8211; \u00c0 l\u2019occasion du centenaire de sa mort, six lieux vont c\u00e9l\u00e9brer son \u0153uvre et rappeler son influence, de l\u2019abbaye de Fontfroide \u00e0 la Fondation Louis Vuitton.<\/p>\n<p class=\"fig-paragraph fig-paragraph--dropped\">Il aura \u00e9t\u00e9 tout \u00e0 la fois puissant propri\u00e9taire terrien, viticulteur, n\u00e9gociant, mais aussi investisseur dans les secteurs bancaires, ferroviaires et miniers. Et encore\u00a0: entrepreneur innovant dans le domaine des arts appliqu\u00e9s. Il a lanc\u00e9 des tissus, des tapis, des vitraux, des c\u00e9ramiques qui ont enchant\u00e9 les\u00a0<a href=\"https:\/\/www.lefigaro.fr\/livres\/cecile-sorel-idole-des-annees-folles-d-olivier-calon-l-ai-je-bien-descendu-20231102\" data-fig-type=\"Article\" data-gtm-custom-categorie=\"navigation\" data-gtm-custom-action=\"crossclick\" data-gtm-custom-label=\"Contextuel\" data-gtm-event=\"customEventSPE\" data-fig-domain=\"LEFIGARO\" target=\"_blank\" rel=\"noopener\">Ann\u00e9es folles<\/a>. Par ailleurs, toute sa vie, il fut m\u00e9c\u00e8ne et collectionneur. Jusqu\u2019\u00e0 devenir l\u2019un des plus grands promoteurs des avant-gardes de son temps.<\/p>\n<p class=\"fig-paragraph fig-paragraph--dropped\">Artiste enfin, il fut musicien (wagn\u00e9rien \u00e9m\u00e9rite), illustrateur bibliophile, photographe\u2026 et surtout peintre. Il laisse, en huiles ou en aquarelles, principalement des paysages plus ou moins oniriques de la Provence. Comme l\u2019\u00e9crivait le critique Gustave Geffroy en 1923\u00a0: \u00ab\u00a0Il se nomme Gustave Fayet, il \u00e9tait inconnu hier, il sera c\u00e9l\u00e8bre demain, quand on aura vu ses \u0153uvres\u00a0!\u00a0\u00bb<\/p>\n<p class=\"fig-paragraph fig-paragraph--dropped\">On en a l\u2019occasion ces temps-ci. \u00c0 l\u2019occasion du centenaire de sa disparition, l\u2019Association du Mus\u00e9e d\u2019art Gustave Fayet \u00e0\u00a0<a href=\"https:\/\/www.lefigaro.fr\/culture\/2011\/07\/26\/03004-20110726ARTFIG00336-l-abbaye-de-fontfroide-devoile-son-tresor.php\" data-fig-type=\"Article\" data-gtm-custom-categorie=\"navigation\" data-gtm-custom-action=\"crossclick\" data-gtm-custom-label=\"Contextuel\" data-gtm-event=\"customEventSPE\" data-fig-domain=\"LEFIGARO\" target=\"_blank\" rel=\"noopener\">l\u2019abbaye de Fontfroide<\/a>, pr\u00e8s de Narbonne, a ouvert depuis mars une s\u00e9rie de manifestations organis\u00e9es en collaboration avec plusieurs autres institutions mus\u00e9ales fran\u00e7aises. Cette saison culminera, automne 2026 \u00e0 Paris, \u00e0 la\u00a0<a href=\"http:\/\/www.lefigaro.fr\/arts-expositions\/a-la-fondation-louis-vuitton-david-hockney-recree-son-royaume-dans-une-oeuvre-d-art-totale-20250407\" data-fig-type=\"Article\" data-gtm-custom-categorie=\"navigation\" data-gtm-custom-action=\"crossclick\" data-gtm-custom-label=\"Contextuel\" data-gtm-event=\"customEventSPE\" data-fig-domain=\"LEFIGARO\" target=\"_blank\" rel=\"noopener\">Fondation Louis Vuitton<\/a>.<\/p>\n<p class=\"fig-premium-paywall__infos\">\n        Cet article est r\u00e9serv\u00e9 aux abonn\u00e9s.        Il vous reste 85% \u00e0 d\u00e9couvrir.\n    <\/p>\n<p>                <img  data- alt=\"Le Figaro\" class=\"fig-img--complete fig-img\"\/><\/p>\n<p class=\"fig-premium-paywall__title\">Vous avez envie de lire la suite ?<\/p>\n<p class=\"fig-premium-paywall__subtitle\">D\u00e9bloquez tous les articles imm\u00e9diatement.<\/p>\n<p class=\"fig-premium-paywall__connect\">\n                D\u00e9j\u00e0 abonn\u00e9\u00a0?                <a class=\"fig-premium-paywall__connect-link\" href=\"https:\/\/connect.lefigaro.fr\/login?client=horizon_web&amp;type=main&amp;redirect_uri=https%3A%2F%2Fwww.lefigaro.fr%2Farts-expositions%2Fpeintre-collectionneur-qui-est-gustave-fayet-l-artiste-qui-a-droit-a-six-expositions-20250425\" data-js-gtm=\"{&quot;customCategorie&quot;: &quot;conversion&quot;, &quot;customAction&quot;: &quot;before_Landing_Connexion_paywall_manuel&quot;, &quot;customLabel&quot;: &quot;bGVmaWdhcm8uZnJfXzFmMDFlODhkLThmY2MtNjEzZS1iYjA2LTFmMWRmM2VlYmEyZF9fQXJ0aWNsZQ==_Peintre, collectionneur... Qui est Gustave Fayet, l\u2019artiste qui a droit \u00e0 six expositions\u00a0?_536&quot;, &quot;customIDSPE&quot;: &quot;bGVmaWdhcm8uZnJfXzFmMDFlODhkLThmY2MtNjEzZS1iYjA2LTFmMWRmM2VlYmEyZF9fQXJ0aWNsZQ==&quot;, &quot;event&quot;: &quot;customEventSPE&quot;}\" target=\"_blank\" rel=\"noopener\"><br \/>\n                    Connectez-vous<br \/>\n                <\/a>\n            <\/p>\n","protected":false},"excerpt":{"rendered":"PORTRAIT &#8211; \u00c0 l\u2019occasion du centenaire de sa mort, six lieux vont c\u00e9l\u00e9brer son \u0153uvre et rappeler son&hellip;\n","protected":false},"author":2,"featured_media":52616,"comment_status":"","ping_status":"","sticky":false,"template":"","format":"standard","meta":{"footnotes":""},"categories":[1358],"tags":[9417,1348,1384,1385,6184,1386,58,59,2087,1349,638,10449,7485,1011,27,4463,9692,7107,626,510],"class_list":{"0":"post-52615","1":"post","2":"type-post","3":"status-publish","4":"format-standard","5":"has-post-thumbnail","7":"category-arts-et-design","8":"tag-arles","9":"tag-arts","10":"tag-arts-and-design","11":"tag-arts-et-design","12":"tag-avignon","13":"tag-design","14":"tag-divertissement","15":"tag-entertainment","16":"tag-evenement","17":"tag-expositions","18":"tag-figaro","19":"tag-figaroscope","20":"tag-fondation-louis-vuitton","21":"tag-fr","22":"tag-france","23":"tag-guide","24":"tag-lieux","25":"tag-musees","26":"tag-paris","27":"tag-visite"},"share_on_mastodon":{"url":"https:\/\/pubeurope.com\/@fr\/114400505678173668","error":""},"_links":{"self":[{"href":"https:\/\/www.europesays.com\/fr\/wp-json\/wp\/v2\/posts\/52615","targetHints":{"allow":["GET"]}}],"collection":[{"href":"https:\/\/www.europesays.com\/fr\/wp-json\/wp\/v2\/posts"}],"about":[{"href":"https:\/\/www.europesays.com\/fr\/wp-json\/wp\/v2\/types\/post"}],"author":[{"embeddable":true,"href":"https:\/\/www.europesays.com\/fr\/wp-json\/wp\/v2\/users\/2"}],"replies":[{"embeddable":true,"href":"https:\/\/www.europesays.com\/fr\/wp-json\/wp\/v2\/comments?post=52615"}],"version-history":[{"count":0,"href":"https:\/\/www.europesays.com\/fr\/wp-json\/wp\/v2\/posts\/52615\/revisions"}],"wp:featuredmedia":[{"embeddable":true,"href":"https:\/\/www.europesays.com\/fr\/wp-json\/wp\/v2\/media\/52616"}],"wp:attachment":[{"href":"https:\/\/www.europesays.com\/fr\/wp-json\/wp\/v2\/media?parent=52615"}],"wp:term":[{"taxonomy":"category","embeddable":true,"href":"https:\/\/www.europesays.com\/fr\/wp-json\/wp\/v2\/categories?post=52615"},{"taxonomy":"post_tag","embeddable":true,"href":"https:\/\/www.europesays.com\/fr\/wp-json\/wp\/v2\/tags?post=52615"}],"curies":[{"name":"wp","href":"https:\/\/api.w.org\/{rel}","templated":true}]}}