{"id":526159,"date":"2025-11-11T01:52:15","date_gmt":"2025-11-11T01:52:15","guid":{"rendered":"https:\/\/www.europesays.com\/fr\/526159\/"},"modified":"2025-11-11T01:52:15","modified_gmt":"2025-11-11T01:52:15","slug":"deux-lecteurs-dialoguent-sur-le-cambriolage-spectaculaire-du-louvre","status":"publish","type":"post","link":"https:\/\/www.europesays.com\/fr\/526159\/","title":{"rendered":"Deux lecteurs dialoguent sur le cambriolage spectaculaire du Louvre"},"content":{"rendered":"<p><strong>Francis Bergeron, de Saint-Marcel (Indre)\u00a0:<\/strong> \u00ab\u00a0Le cambriolage du Louvre repr\u00e9sente un pr\u00e9judice de 88\u00a0millions d\u2019euros pour notre pays\u00a0? Ce n\u2019est certes pas rien, et Laurence des Cars, la conservatrice du Louvre a donc propos\u00e9 sa d\u00e9mission, qui a \u00e9t\u00e9 logiquement refus\u00e9e.<\/p>\n<p>\u00ab\u00a0Elle n\u2019avait pas \u00e9t\u00e9 choisie pour ses comp\u00e9tences sur les questions de vid\u00e9osurveillance, de s\u00e9curit\u00e9 des syst\u00e8mes de fermeture des portes ou de connexions informatiques, mais plut\u00f4t en raison de sa grande expertise sur la valeur artistique des objets expos\u00e9s au Louvre ou \u00e0 acqu\u00e9rir. Ceci dans la parfaite continuit\u00e9 d\u2019un <a title=\"Premier directeur du Louvre (Napol\u00e9on.org)\" target=\"_blank\" href=\"https:\/\/www.napoleon.org\/histoire-des-2-empires\/biographies\/denon-dominique-vivant-baron-1747-1825-directeur-du-louvre\/\" rel=\"noopener\">Vivant-Denon<\/a> ou d\u2019un <a title=\"Pierre Rosenberg, historien de l&#039;art\" target=\"_blank\" href=\"https:\/\/www.academie-francaise.fr\/les-immortels\/pierre-rosenberg\" rel=\"noopener\">Pierre Rosenberg<\/a>, par exemple. Laurence des Cars est une grande sp\u00e9cialiste de l\u2019histoire de l\u2019art.<\/p>\n<p>\u00ab\u00a0Ce pillage des joyaux de la Couronne est un spectacle affligeant\u00a0\u00bb<\/p>\n<p>\u00ab\u00a0Mais permettez-moi de faire un parall\u00e8le avec l\u2019accroissement abyssal de la dette fran\u00e7aise\u00a0: MM.\u00a0Macron et Le Maire ont, me semble-t-il, une responsabilit\u00e9 infiniment plus directe dans la croissance abyssale de la dette de notre pays, que madame des Cars, au regard du fric-frac du Louvre.<\/p>\n<p>\u00ab\u00a0Redresser et g\u00e9rer au mieux les comptes de l\u2019\u00c9tat correspondait exactement au c\u0153ur de m\u00e9tier Bruno Le Maire. Il en \u00e9tait de m\u00eame de Emmanuel Macron, \u00e9lu (et r\u00e9\u00e9lu) sur un programme tr\u00e8s prometteur, sur ce plan. Bruno Le Maire a certes fini par d\u00e9missionner, mais pas officiellement en tant que responsable du fiasco financier. Quant \u00e0 Emmanuel Macron, il s\u2019arc-boute\u00a0\u00bb.<\/p>\n<p><strong>\u00ab\u00a0Dialogue\u00a0\u00bb pr\u00e9cise\u00a0:<\/strong> La pr\u00e9servation de l\u2019histoire de France a un co\u00fbt qui d\u00e9passe les enjeux politiciens du moment.<\/p>\n<p>Amateurisme<\/p>\n<p><strong>Genevi\u00e8ve Vinatier-Marquois, d\u2019Aiffres (Deux-S\u00e8vres)\u00a0:<\/strong> \u00ab\u00a0On d\u00e9couvre avec effarement que la protection du plus beau mus\u00e9e du monde est calamiteuse et que quatre malfrats peuvent d\u00e9pouiller notre histoire \u00e0 la barbe des autorit\u00e9s \u00e0 9\u00a0h du matin. Il semble que des alertes avaient \u00e9t\u00e9 faites sur le d\u00e9faut de protection adapt\u00e9 en mati\u00e8re de cam\u00e9ras, entre autres.<\/p>\n<p>\u00ab\u00a0On nous explique piteusement qu\u2019il n\u2019y avait pas suffisamment de fonds pour prot\u00e9ger le Louvre et ses tr\u00e9sors. Ce pillage des joyaux de la Couronne est un spectacle affligeant, qui t\u00e9moigne de la d\u00e9ch\u00e9ance de notre pays. Qui va endosser la responsabilit\u00e9 de cet acte ignoble qui atteint notre histoire, notre patrimoine d\u2019une valeur inestimable\u00a0?<\/p>\n<p>\u00ab\u00a0Les r\u00e9actions des m\u00e9dias \u00e9trangers et des touristes sont partag\u00e9es entre la tristesse, la stup\u00e9faction et le constat implacable du d\u00e9litement de l\u2019\u00c9tat, dont cet \u00e9pisode lamentable est symptomatique.<\/p>\n<p>\u00ab\u00a0Le monde est venu au chevet de Notre-Dame, ce qui a donn\u00e9 lieu \u00e0 une c\u00e9r\u00e9monie de r\u00e9ouverture avec d\u00e9fil\u00e9 de t\u00eates couronn\u00e9es, derri\u00e8re notre Jupiter \u00e0 nous. Mais cette fois, il y a peu de chance que nous assistions \u00e0 un nouveau couronnement, faute de bijoux, d\u00e9sormais aux mains d\u2019individus d\u00e9termin\u00e9s qui savent agir opportun\u00e9ment et efficacement. M\u00eame si une couronne royale est tomb\u00e9e dans le caniveau, quel symbole\u00a0!\u00a0\u00bb<\/p>\n","protected":false},"excerpt":{"rendered":"Francis Bergeron, de Saint-Marcel (Indre)\u00a0: \u00ab\u00a0Le cambriolage du Louvre repr\u00e9sente un pr\u00e9judice de 88\u00a0millions d\u2019euros pour notre pays\u00a0?&hellip;\n","protected":false},"author":2,"featured_media":526160,"comment_status":"","ping_status":"","sticky":false,"template":"","format":"standard","meta":{"footnotes":""},"categories":[1888],"tags":[11,8617,1777,674,1011,27,329,12,626,316,25],"class_list":{"0":"post-526159","1":"post","2":"type-post","3":"status-publish","4":"format-standard","5":"has-post-thumbnail","7":"category-paris","8":"tag-actualites","9":"tag-dialogue","10":"tag-eu","11":"tag-europe","12":"tag-fr","13":"tag-france","14":"tag-france-monde","15":"tag-news","16":"tag-paris","17":"tag-politique","18":"tag-republique-francaise"},"share_on_mastodon":{"url":"https:\/\/pubeurope.com\/@fr\/115528567638273011","error":""},"_links":{"self":[{"href":"https:\/\/www.europesays.com\/fr\/wp-json\/wp\/v2\/posts\/526159","targetHints":{"allow":["GET"]}}],"collection":[{"href":"https:\/\/www.europesays.com\/fr\/wp-json\/wp\/v2\/posts"}],"about":[{"href":"https:\/\/www.europesays.com\/fr\/wp-json\/wp\/v2\/types\/post"}],"author":[{"embeddable":true,"href":"https:\/\/www.europesays.com\/fr\/wp-json\/wp\/v2\/users\/2"}],"replies":[{"embeddable":true,"href":"https:\/\/www.europesays.com\/fr\/wp-json\/wp\/v2\/comments?post=526159"}],"version-history":[{"count":0,"href":"https:\/\/www.europesays.com\/fr\/wp-json\/wp\/v2\/posts\/526159\/revisions"}],"wp:featuredmedia":[{"embeddable":true,"href":"https:\/\/www.europesays.com\/fr\/wp-json\/wp\/v2\/media\/526160"}],"wp:attachment":[{"href":"https:\/\/www.europesays.com\/fr\/wp-json\/wp\/v2\/media?parent=526159"}],"wp:term":[{"taxonomy":"category","embeddable":true,"href":"https:\/\/www.europesays.com\/fr\/wp-json\/wp\/v2\/categories?post=526159"},{"taxonomy":"post_tag","embeddable":true,"href":"https:\/\/www.europesays.com\/fr\/wp-json\/wp\/v2\/tags?post=526159"}],"curies":[{"name":"wp","href":"https:\/\/api.w.org\/{rel}","templated":true}]}}