{"id":526163,"date":"2025-11-11T01:54:15","date_gmt":"2025-11-11T01:54:15","guid":{"rendered":"https:\/\/www.europesays.com\/fr\/526163\/"},"modified":"2025-11-11T01:54:15","modified_gmt":"2025-11-11T01:54:15","slug":"la-russie-affirme-vouloir-une-fin-rapide-au-conflit-ukrainien-mais-seulement-apres-avoir-atteint-ses-objectifs","status":"publish","type":"post","link":"https:\/\/www.europesays.com\/fr\/526163\/","title":{"rendered":"La Russie affirme vouloir une fin rapide au conflit ukrainien, mais seulement apr\u00e8s avoir atteint ses objectifs"},"content":{"rendered":"<p>AA \/ Istanbul \/ Alperen Aktas<\/p>\n<p>La Russie souhaite mettre fin au conflit en Ukraine au plus vite, mais il est essentiel d&rsquo;atteindre les objectifs initiaux, a d\u00e9clar\u00e9 lundi le porte-parole du Kremlin, Dmitri Peskov, selon l&rsquo;agence de presse officielle TASS.<\/p>\n<p>Lors d&rsquo;une conf\u00e9rence de presse \u00e0 Moscou, Peskov a affirm\u00e9 que la Russie restait ouverte \u00e0 un r\u00e8glement politique et diplomatique, qualifiant cette voie de \u00ab pr\u00e9f\u00e9rable \u00bb.<\/p>\n<p>Il a toutefois soulign\u00e9 que les conditions de la paix d\u00e9pendaient de la r\u00e9alisation des objectifs annonc\u00e9s par Moscou au d\u00e9but de ce qu&rsquo;elle appelle son \u00ab op\u00e9ration militaire sp\u00e9ciale \u00bb, en f\u00e9vrier 2022. La Russie avait appel\u00e9 \u00e0 la \u00ab d\u00e9militarisation \u00bb et \u00e0 la \u00ab d\u00e9nazification \u00bb de l&rsquo;Ukraine.<\/p>\n<p>Peskov a affirm\u00e9 que les n\u00e9gociations \u00e9taient au point mort \u00ab sans que la Russie y soit pour rien \u00bb, accusant les pays europ\u00e9ens d&rsquo;encourager Kiev \u00e0 croire en la possibilit\u00e9 d&rsquo;une victoire militaire.<\/p>\n<p>Il a ajout\u00e9 que les pays occidentaux \u00ab suscitaient \u00bb l&rsquo;Ukraine au lieu de promouvoir le dialogue.<\/p>\n<p>La situation sur le front est \u00ab dynamique \u00bb selon le porte-parole et t\u00e9moigne d\u2019un d\u00e9clin continu de la position de l\u2019Ukraine sur le terrain.<\/p>\n<p>Il a ajout\u00e9 que le nombre d\u2019Ukrainiens favorables \u00e0 une paix \u00ab aux conditions de la Russie \u00bb devrait augmenter avec le temps, malgr\u00e9 les pressions internes au sein du pays.<\/p>\n<p>Peskov a \u00e9galement salu\u00e9 la volont\u00e9 du Kazakhstan d\u2019accueillir et de faciliter d\u2019\u00e9ventuelles n\u00e9gociations de paix entre Moscou et Kiev, soulignant que la Russie \u00ab attache une grande importance \u00bb \u00e0 la position d\u2019Astana.<\/p>\n<p>Il a qualifi\u00e9 le Kazakhstan de \u00ab partenaire privil\u00e9gi\u00e9 \u00bb, pr\u00e9cisant que les pr\u00e9paratifs de la visite d\u2019\u00c9tat du pr\u00e9sident Kassym-Jomart Toka\u00efev en Russie, qui d\u00e9bute mardi, sont en cours de finalisation.<\/p>\n<p>Il a confirm\u00e9 que la visite du pr\u00e9sident russe Vladimir Poutine en Inde est pr\u00e9vue pour la fin de l\u2019ann\u00e9e 2025, la qualifiant de voyage \u00ab significatif \u00bb qui devrait renforcer la coop\u00e9ration bilat\u00e9rale.<\/p>\n<p>*Traduit de l\u2019anglais par Ayse Bashoruz<\/p>\n<p>                            &#13;<br \/>\n                                <a href=\"https:\/\/www.aa.com.tr\/fr\/p\/abonnement\/1001\" target=\"_blank\" style=\"font-size:12px; color:#444; text-decoration:none;\" rel=\"nofollow noopener\">&#13;<br \/>\n                                    Seulement une partie des d\u00e9p\u00eaches, que l&rsquo;Agence Anadolu diffuse \u00e0 ses abonn\u00e9s via le Syst\u00e8me de Diffusion interne (HAS), est diffus\u00e9e sur le site de l&rsquo;AA, de mani\u00e8re r\u00e9sum\u00e9e. <b style=\"color:#1897F7\">Contactez-nous s&rsquo;il vous pla\u00eet pour vous abonner.<\/b>&#13;<br \/>\n                                <\/a>&#13;<\/p>\n","protected":false},"excerpt":{"rendered":"AA \/ Istanbul \/ Alperen Aktas La Russie souhaite mettre fin au conflit en Ukraine au plus vite,&hellip;\n","protected":false},"author":2,"featured_media":526164,"comment_status":"","ping_status":"","sticky":false,"template":"","format":"standard","meta":{"footnotes":""},"categories":[1591],"tags":[11,1785,64569,5438,1887,12,1885,1886,132,1778,220],"class_list":{"0":"post-526163","1":"post","2":"type-post","3":"status-publish","4":"format-standard","5":"has-post-thumbnail","7":"category-russie","8":"tag-actualites","9":"tag-anadolu-ajansi","10":"tag-cremlin","11":"tag-dmitri-peskov","12":"tag-federation-de-russie","13":"tag-news","14":"tag-russia","15":"tag-russian-federation","16":"tag-russie","17":"tag-ue","18":"tag-ukraine"},"share_on_mastodon":{"url":"https:\/\/pubeurope.com\/@fr\/115528575632086202","error":""},"_links":{"self":[{"href":"https:\/\/www.europesays.com\/fr\/wp-json\/wp\/v2\/posts\/526163","targetHints":{"allow":["GET"]}}],"collection":[{"href":"https:\/\/www.europesays.com\/fr\/wp-json\/wp\/v2\/posts"}],"about":[{"href":"https:\/\/www.europesays.com\/fr\/wp-json\/wp\/v2\/types\/post"}],"author":[{"embeddable":true,"href":"https:\/\/www.europesays.com\/fr\/wp-json\/wp\/v2\/users\/2"}],"replies":[{"embeddable":true,"href":"https:\/\/www.europesays.com\/fr\/wp-json\/wp\/v2\/comments?post=526163"}],"version-history":[{"count":0,"href":"https:\/\/www.europesays.com\/fr\/wp-json\/wp\/v2\/posts\/526163\/revisions"}],"wp:featuredmedia":[{"embeddable":true,"href":"https:\/\/www.europesays.com\/fr\/wp-json\/wp\/v2\/media\/526164"}],"wp:attachment":[{"href":"https:\/\/www.europesays.com\/fr\/wp-json\/wp\/v2\/media?parent=526163"}],"wp:term":[{"taxonomy":"category","embeddable":true,"href":"https:\/\/www.europesays.com\/fr\/wp-json\/wp\/v2\/categories?post=526163"},{"taxonomy":"post_tag","embeddable":true,"href":"https:\/\/www.europesays.com\/fr\/wp-json\/wp\/v2\/tags?post=526163"}],"curies":[{"name":"wp","href":"https:\/\/api.w.org\/{rel}","templated":true}]}}