{"id":526167,"date":"2025-11-11T01:56:13","date_gmt":"2025-11-11T01:56:13","guid":{"rendered":"https:\/\/www.europesays.com\/fr\/526167\/"},"modified":"2025-11-11T01:56:13","modified_gmt":"2025-11-11T01:56:13","slug":"la-cour-supreme-americaine-examine-le-cas-dun-rastafarien-rase-de-force-en-prison","status":"publish","type":"post","link":"https:\/\/www.europesays.com\/fr\/526167\/","title":{"rendered":"La Cour supr\u00eame am\u00e9ricaine examine le cas d\u2019un Rastafarien ras\u00e9 de force en prison"},"content":{"rendered":"<p>La <a href=\"https:\/\/www.20minutes.fr\/monde\/cour_supreme\/\" target=\"_blank\" class=\"c-link c-link--is-underlined\" rel=\"noopener\">Cour supr\u00eame<\/a> des <a href=\"https:\/\/www.20minutes.fr\/monde\/etats-unis\/\" target=\"_blank\" class=\"c-link c-link--is-underlined\" rel=\"noopener\">Etats-Unis<\/a> a examin\u00e9 lundi le recours de Damon Landor, un ancien d\u00e9tenu de Louisiane dont les dreadlocks ont \u00e9t\u00e9 coup\u00e9es de force, en violation de ses croyances religieuses. L\u2019affaire, rapport\u00e9e par l\u2019AFP et de nombreux m\u00e9dias am\u00e9ricains, dont <a href=\"https:\/\/www.nbcnews.com\/politics\/supreme-court\/supreme-court-weighs-rastafarian-mans-religious-rights-claim-shorn-dre-rcna242580\" rel=\"nofollow noopener\" target=\"_blank\" class=\"c-link c-link--is-underlined\">NBC News<\/a>, illustre la tension persistante entre le respect de la libert\u00e9 de culte et la responsabilit\u00e9 juridique des fonctionnaires.<\/p>\n<p>Ce Rastafarien pratiquant, qui avait fait v\u0153u de ne plus se couper les <a href=\"https:\/\/www.20minutes.fr\/dossier\/cheveux\" target=\"_blank\" class=\"c-link c-link--is-underlined\" rel=\"noopener\">cheveux<\/a> depuis pr\u00e8s de vingt ans conform\u00e9ment au v\u0153u nazar\u00e9en, purgeait en\u00a02020 une peine de cinq mois pour possession de <a href=\"https:\/\/www.20minutes.fr\/dossier\/drogue\" target=\"_blank\" class=\"c-link c-link--is-underlined\" rel=\"noopener\">drogue<\/a>. Trois semaines avant la fin de sa d\u00e9tention, deux gardiens l\u2019ont menott\u00e9 \u00e0 une chaise et lui ont ras\u00e9 la t\u00eate, malgr\u00e9 des documents officiels confirmant son droit \u00e0 conserver sa coiffure au titre de la loi f\u00e9d\u00e9rale sur l\u2019usage religieux dans les \u00e9tablissements publics.<\/p>\n<p>Plainte pour violation de la libert\u00e9 religieuse<\/p>\n<p>Damon Landor a alors port\u00e9 plainte pour violation de sa libert\u00e9 <a href=\"https:\/\/www.20minutes.fr\/dossier\/religion\" target=\"_blank\" class=\"c-link c-link--is-underlined\" rel=\"noopener\">religieuse<\/a>, r\u00e9clamant des dommages et int\u00e9r\u00eats. Si l\u2019Etat de Louisiane a reconnu une atteinte \u00e0 sa foi, la justice locale a refus\u00e9 de lui accorder une compensation financi\u00e8re. Son recours vise \u00e0 d\u00e9terminer si la loi f\u00e9d\u00e9rale sur l\u2019usage religieux dans les \u00e9tablissements publics permet de poursuivre en justice des responsables d\u2019Etats recevant des fonds f\u00e9d\u00e9raux, une question juridique tr\u00e8s importante pour la port\u00e9e future de cette loi.<\/p>\n<\/p>\n<p>Lors de l\u2019audience, les juges conservateurs, majoritaires \u00e0 la Cour (six sur neuf), ont sembl\u00e9 sceptiques face \u00e0 la demande de Damon Landor. Selon <a href=\"https:\/\/www.20minutes.fr\/dossier\/nbc\" target=\"_blank\" class=\"c-link c-link--is-underlined\" rel=\"noopener\">NBC News<\/a>, plusieurs magistrats ont estim\u00e9 que la loi ne mentionne pas explicitement la possibilit\u00e9 de demander des indemnit\u00e9s aux agents d\u2019Etat. Le juge Neil Gorsuch a ainsi soulign\u00e9 que le <a href=\"https:\/\/www.20minutes.fr\/dossier\/congres\" target=\"_blank\" class=\"c-link c-link--is-underlined\" rel=\"noopener\">Congr\u00e8s<\/a> \u00ab\u00a0aurait pu r\u00e9diger la loi diff\u00e9remment\u00a0\u00bb s\u2019il avait voulu autoriser de tels recours. La juge Amy Coney Barrett a ajout\u00e9 que la majorit\u00e9 des tribunaux f\u00e9d\u00e9raux r\u00e9gionaux avaient d\u00e9j\u00e0 statu\u00e9 contre des plaignants dans des cas similaires, rendant difficile toute interpr\u00e9tation nouvelle.<\/p>\n<p>Les juges lib\u00e9raux en faveur de Damon Landor<\/p>\n<p>En revanche, les trois juges lib\u00e9raux ont exprim\u00e9 une position plus favorable \u00e0 l\u2019ancien d\u00e9tenu. Pour la juge Sonia Sotomayor, les agents publics sont cens\u00e9s conna\u00eetre la loi et donc assumer les cons\u00e9quences de leurs actes. Sa coll\u00e8gue Elena Kagan a rappel\u00e9 que les <a href=\"https:\/\/www.20minutes.fr\/dossier\/fonctionnaires\" target=\"_blank\" class=\"c-link c-link--is-underlined\" rel=\"noopener\">fonctionnaires<\/a> peuvent d\u00e9j\u00e0 \u00eatre poursuivis pour violation des droits civiques, estimant qu\u2019\u00ab\u00a0il n\u2019y a pas de raison que la r\u00e8gle soit diff\u00e9rente\u00a0\u00bb dans le cas de la libert\u00e9 religieuse.<\/p>\n<p><a href=\"https:\/\/www.20minutes.fr\/monde\/etats-unis\/\" target=\"_blank\" class=\"c-link c-btn c-btn--primary\" rel=\"noopener\">Notre dossier sur les Etats-Unis<\/a><\/p>\n<p>Damon Landor esp\u00e8re que la Cour supr\u00eame reconna\u00eetra enfin son droit \u00e0 r\u00e9paration. Pour lui, comme pour de nombreux adeptes du rastafarisme, les dreadlocks ne sont pas un simple symbole culturel, mais l\u2019expression d\u2019un engagement spirituel profond.<\/p>\n","protected":false},"excerpt":{"rendered":"La Cour supr\u00eame des Etats-Unis a examin\u00e9 lundi le recours de Damon Landor, un ancien d\u00e9tenu de Louisiane&hellip;\n","protected":false},"author":2,"featured_media":526168,"comment_status":"","ping_status":"","sticky":false,"template":"","format":"standard","meta":{"footnotes":""},"categories":[1589],"tags":[47,11,11288,10658,9625,73,1866,303,420,22815,74,12,806,4020,1864,1865,1863,308],"class_list":{"0":"post-526167","1":"post","2":"type-post","3":"status-publish","4":"format-standard","5":"has-post-thumbnail","7":"category-etats-unis","8":"tag-actualite","9":"tag-actualites","10":"tag-cheveux","11":"tag-cour-supreme","12":"tag-detenu","13":"tag-etats-unis","14":"tag-etats-unis-damerique","15":"tag-justice","16":"tag-loi","17":"tag-louisiane","18":"tag-monde","19":"tag-news","20":"tag-prison","21":"tag-religion","22":"tag-united-states","23":"tag-united-states-of-america","24":"tag-us","25":"tag-usa"},"share_on_mastodon":{"url":"https:\/\/pubeurope.com\/@fr\/115528583411191459","error":""},"_links":{"self":[{"href":"https:\/\/www.europesays.com\/fr\/wp-json\/wp\/v2\/posts\/526167","targetHints":{"allow":["GET"]}}],"collection":[{"href":"https:\/\/www.europesays.com\/fr\/wp-json\/wp\/v2\/posts"}],"about":[{"href":"https:\/\/www.europesays.com\/fr\/wp-json\/wp\/v2\/types\/post"}],"author":[{"embeddable":true,"href":"https:\/\/www.europesays.com\/fr\/wp-json\/wp\/v2\/users\/2"}],"replies":[{"embeddable":true,"href":"https:\/\/www.europesays.com\/fr\/wp-json\/wp\/v2\/comments?post=526167"}],"version-history":[{"count":0,"href":"https:\/\/www.europesays.com\/fr\/wp-json\/wp\/v2\/posts\/526167\/revisions"}],"wp:featuredmedia":[{"embeddable":true,"href":"https:\/\/www.europesays.com\/fr\/wp-json\/wp\/v2\/media\/526168"}],"wp:attachment":[{"href":"https:\/\/www.europesays.com\/fr\/wp-json\/wp\/v2\/media?parent=526167"}],"wp:term":[{"taxonomy":"category","embeddable":true,"href":"https:\/\/www.europesays.com\/fr\/wp-json\/wp\/v2\/categories?post=526167"},{"taxonomy":"post_tag","embeddable":true,"href":"https:\/\/www.europesays.com\/fr\/wp-json\/wp\/v2\/tags?post=526167"}],"curies":[{"name":"wp","href":"https:\/\/api.w.org\/{rel}","templated":true}]}}