{"id":526169,"date":"2025-11-11T01:57:14","date_gmt":"2025-11-11T01:57:14","guid":{"rendered":"https:\/\/www.europesays.com\/fr\/526169\/"},"modified":"2025-11-11T01:57:14","modified_gmt":"2025-11-11T01:57:14","slug":"les-dirigeants-du-royaume-uni-et-des-emirats-arabes-unis-discutent-du-soudan-et-de-gaza-au-telephone","status":"publish","type":"post","link":"https:\/\/www.europesays.com\/fr\/526169\/","title":{"rendered":"Les dirigeants du Royaume-Uni et des \u00c9mirats arabes unis discutent du Soudan et de Gaza au t\u00e9l\u00e9phone"},"content":{"rendered":"<p style=\"text-align:justify;\">AA \/ Londres \/ Aysu Bicer<\/p>\n<p style=\"text-align:justify;\">Le Premier ministre britannique Keir Starmer s\u2019est entretenu lundi avec le pr\u00e9sident des \u00c9mirats arabes unis, le cheikh Mohamed ben Zayed Al Nahyan, afin d\u2019\u00e9voquer les questions r\u00e9gionales et le renforcement des relations entre les deux pays, a indiqu\u00e9 Downing Street.<\/p>\n<p style=\"text-align:justify;\">Le communiqu\u00e9 pr\u00e9cise que Starmer \u00ab a commenc\u00e9 par souligner la valeur d\u2019une relation plus \u00e9troite entre le Royaume-Uni et les \u00c9mirats arabes unis, la coop\u00e9ration dans des domaines tels que la s\u00e9curit\u00e9, la d\u00e9fense, l\u2019\u00e9conomie, le commerce et les liens culturels apportant des avantages aux deux pays. \u00bb<\/p>\n<p style=\"text-align:justify;\">Les deux dirigeants ont \u00e9galement discut\u00e9 de l\u2019aggravation de la situation au Soudan, o\u00f9 la guerre civile entre l\u2019arm\u00e9e et les Forces de soutien rapide (RSF) se poursuit depuis 2023, provoquant des milliers de morts, des d\u00e9placements massifs et l\u2019une des pires crises humanitaires au monde.<\/p>\n<p style=\"text-align:justify;\">\u00c9voquant ce qu\u2019il a qualifi\u00e9 de \u00ab souffrances atroces au Soudan \u00bb, Starmer a d\u00e9clar\u00e9 que le Royaume-Uni \u00ab fait pression sur toutes les parties pour qu\u2019elles cessent les hostilit\u00e9s et soutiennent un \u00e9lan en faveur de la paix. \u00bb<\/p>\n<p style=\"text-align:justify;\">Les deux dirigeants \u00ab sont convenus de rester en contact concernant leurs efforts visant \u00e0 parvenir \u00e0 une solution politique et \u00e0 mettre fin \u00e0 la violence. \u00bb<\/p>\n<p style=\"text-align:justify;\">Concernant le conflit \u00e0 Gaza, les dirigeants \u00ab ont soulign\u00e9 que la priorit\u00e9 devait d\u00e9sormais \u00eatre de soutenir la mise en \u0153uvre de l\u2019accord de paix am\u00e9ricain, notamment par le d\u00e9sarmement du Hamas, et l\u2019importance de maintenir le cessez-le-feu afin de pr\u00e9parer la voie \u00e0 une paix durable dans la r\u00e9gion. \u00bb<\/p>\n<p style=\"text-align:justify;\">Le communiqu\u00e9 ajoute que les deux dirigeants \u00ab se sont dits impatients de se reparler prochainement. \u00bb<\/p>\n<p style=\"text-align:justify;\">*Traduit de l&rsquo;anglais par Wafae El Baghouani<\/p>\n<p>                            &#13;<br \/>\n                                <a href=\"https:\/\/www.aa.com.tr\/fr\/p\/abonnement\/1001\" target=\"_blank\" style=\"font-size:12px; color:#444; text-decoration:none;\" rel=\"noopener\">&#13;<br \/>\n                                    Seulement une partie des d\u00e9p\u00eaches, que l&rsquo;Agence Anadolu diffuse \u00e0 ses abonn\u00e9s via le Syst\u00e8me de Diffusion interne (HAS), est diffus\u00e9e sur le site de l&rsquo;AA, de mani\u00e8re r\u00e9sum\u00e9e. <b style=\"color:#1897F7\">Contactez-nous s&rsquo;il vous pla\u00eet pour vous abonner.<\/b>&#13;<br \/>\n                                <\/a>&#13;<\/p>\n","protected":false},"excerpt":{"rendered":"AA \/ Londres \/ Aysu Bicer Le Premier ministre britannique Keir Starmer s\u2019est entretenu lundi avec le pr\u00e9sident&hellip;\n","protected":false},"author":2,"featured_media":526170,"comment_status":"","ping_status":"","sticky":false,"template":"","format":"standard","meta":{"footnotes":""},"categories":[1588],"tags":[64570,11,1785,1777,674,665,2581,12,473,1853,4535,1851,1850,1852],"class_list":{"0":"post-526169","1":"post","2":"type-post","3":"status-publish","4":"format-standard","5":"has-post-thumbnail","7":"category-royaume-uni","8":"tag-mirats-arabes-unis","9":"tag-actualites","10":"tag-anadolu-ajansi","11":"tag-eu","12":"tag-europe","13":"tag-gaza","14":"tag-keir-starmer","15":"tag-news","16":"tag-royaume-uni","17":"tag-royaume-uni-de-grande-bretagne-et-dirlande-du-nord","18":"tag-soudan","19":"tag-uk","20":"tag-united-kingdom","21":"tag-united-kingdom-of-great-britain-and-northern-ireland"},"share_on_mastodon":{"url":"https:\/\/pubeurope.com\/@fr\/115528587718925761","error":""},"_links":{"self":[{"href":"https:\/\/www.europesays.com\/fr\/wp-json\/wp\/v2\/posts\/526169","targetHints":{"allow":["GET"]}}],"collection":[{"href":"https:\/\/www.europesays.com\/fr\/wp-json\/wp\/v2\/posts"}],"about":[{"href":"https:\/\/www.europesays.com\/fr\/wp-json\/wp\/v2\/types\/post"}],"author":[{"embeddable":true,"href":"https:\/\/www.europesays.com\/fr\/wp-json\/wp\/v2\/users\/2"}],"replies":[{"embeddable":true,"href":"https:\/\/www.europesays.com\/fr\/wp-json\/wp\/v2\/comments?post=526169"}],"version-history":[{"count":0,"href":"https:\/\/www.europesays.com\/fr\/wp-json\/wp\/v2\/posts\/526169\/revisions"}],"wp:featuredmedia":[{"embeddable":true,"href":"https:\/\/www.europesays.com\/fr\/wp-json\/wp\/v2\/media\/526170"}],"wp:attachment":[{"href":"https:\/\/www.europesays.com\/fr\/wp-json\/wp\/v2\/media?parent=526169"}],"wp:term":[{"taxonomy":"category","embeddable":true,"href":"https:\/\/www.europesays.com\/fr\/wp-json\/wp\/v2\/categories?post=526169"},{"taxonomy":"post_tag","embeddable":true,"href":"https:\/\/www.europesays.com\/fr\/wp-json\/wp\/v2\/tags?post=526169"}],"curies":[{"name":"wp","href":"https:\/\/api.w.org\/{rel}","templated":true}]}}