{"id":526171,"date":"2025-11-11T01:58:12","date_gmt":"2025-11-11T01:58:12","guid":{"rendered":"https:\/\/www.europesays.com\/fr\/526171\/"},"modified":"2025-11-11T01:58:12","modified_gmt":"2025-11-11T01:58:12","slug":"boris-pistorius-veut-le-retour-du-service-militaire-en-allemagne","status":"publish","type":"post","link":"https:\/\/www.europesays.com\/fr\/526171\/","title":{"rendered":"Boris Pistorius veut le retour du service militaire en Allemagne"},"content":{"rendered":"<p>Boris Pistorius (SPD), ministre de la D\u00e9fense allemand au sein de la coalition dirig\u00e9e par le tr\u00e8s conservateur Friedrich Merz (CDU), s\u2019affirme comme le champion du r\u00e9armement allemand. Si le chancelier conservateur multiplie ses attaques contre ses partenaires de coalition sociaux-d\u00e9mocrates, il a trouv\u00e9 en Pistorius un solide appui dans ses <a href=\"https:\/\/www.revolutionpermanente.fr\/Armee-la-plus-puissante-d-Europe-et-cadeaux-aux-patrons-Merz-presente-son-plan-imperialiste\" target=\"_blank\" rel=\"noopener\">ambitions de b\u00e2tir l\u2019arm\u00e9e la plus grande d\u2019Europe<\/a>. \u00c0 une \u00e9poque o\u00f9 le r\u00e9armement est au c\u0153ur de l\u2019orientation de la bourgeoisie allemande, on aurait pu attendre de Merz qu\u2019il choisisse un proche alli\u00e9 au poste de ministre de la D\u00e9fense.<\/p>\n<p>Si le choix a \u00e9t\u00e9 fait de garder Boris Pistorius, qui occupait d\u00e9j\u00e0 ce poste sous la coalition tricolore dirig\u00e9e par Olaf Scholz, c\u2019est qu\u2019il s\u2019agit d\u2019un fervent partisan du r\u00e9armement imp\u00e9rialiste de l\u2019Allemagne. Il d\u00e9clarait, par exemple, dans un discours au Bundestag le 5 juin 2024, que le pays devait \u00eatre \u00ab\u00a0pr\u00eat \u00e0 la guerre d\u2019ici 2029\u00a0\u00bb, avant d\u2019ajouter que \u00ab\u00a0chaque euro [pour le r\u00e9armement] compte\u00a0\u00bb dans l\u2019hypoth\u00e8se d\u2019un conflit contre la Russie, posant d\u00e9j\u00e0 largement les bases des attaques sociales que m\u00e8ne aujourd\u2019hui le gouvernement de Merz pour financer la marche \u00e0 la guerre.<\/p>\n<p>Mais le premier d\u00e9fi qui attend Pistorius est la pr\u00e9sentation de son projet de loi visant \u00e0 r\u00e9tablir le service militaire. Sous la pression de son chef de gouvernement Friedrich Merz, qui r\u00eave d\u2019un service militaire obligatoire, il doit convaincre son propre parti de revoir sa position, le tout alors que la jeunesse rejette massivement cette id\u00e9e.<\/p>\n<p>Le retour du service militaire face aux divisions de la coalition\u2026<\/p>\n<p>Pour r\u00e9ussir \u00e0 faire adopter ce qui est peut-\u00eatre le plus gros projet de sa vie de politicien, Boris Pistorius devra faire face \u00e0 une CDU \u2013 majoritaire au sein de la coalition \u2013 dirig\u00e9e par un Friedrich Merz radicalis\u00e9, mais aussi affronter la r\u00e9ticence de ses camarades sociaux-d\u00e9mocrates. Le SPD \u2013 qui a \u00e9galement soutenu des plans de r\u00e9armement et livr\u00e9 des armes \u00e0 Isra\u00ebl pour lui permettre de mener sa guerre g\u00e9nocidaire \u2013 affiche une position en apparence critique pour ne pas se couper de sa base \u00e9lectorale traditionnellement pacifiste, et pour qui le retour du service militaire obligatoire constitue une ligne rouge.<\/p>\n<p>Si Friedrich Merz maintient la pression sur Pistorius, c\u2019est parce que les bureaux de recrutement de la Bundeswehr sont vides alors qu\u2019il lui manque 80 000 soldats pour atteindre son objectif de 260 000 soldats d\u2019ici la prochaine d\u00e9cennie. Dans ces conditions, et alors que la direction du SPD maintient sa volont\u00e9 de garder un service volontaire, Pistorius explore des <a href=\"https:\/\/www.revolutionpermanente.fr\/Service-militaire-obligatoire-l-Allemagne-envisage-de-tirer-au-sort-les-futurs-appeles\" target=\"_blank\" rel=\"noopener\">options aussi injustes que le service militaire par tirage au sort<\/a>.<\/p>\n<p> \u2026  et \u00e0 l\u2019opposition de la Gen Z<\/p>\n<p>Mais le principal obstacle de Pistorius ne vient pas des rangs des sociaux-d\u00e9mocrates, tout aussi d\u00e9sireux que Merz de prot\u00e9ger les int\u00e9r\u00eats des imp\u00e9rialistes allemands et europ\u00e9ens. Ce qui peut mettre en \u00e9chec le gouvernement, c\u2019est l\u2019opposition de la jeunesse concern\u00e9e par cette mesure. En effet, si une majorit\u00e9 de la population allemande se dit favorable \u00e0 un retour du service militaire obligatoire, pr\u00e8s des deux tiers des 18-29 ans y sont oppos\u00e9s.<\/p>\n<p>Malgr\u00e9 les visites de la Bundeswehr dans les classes de lyc\u00e9e, la Gen Z exprime son refus de se battre pour l\u2019Allemagne, notamment sur les r\u00e9seaux sociaux. Pr\u00eate \u00e0 tout pour \u00e9touffer les voix antimilitaristes, l\u2019arm\u00e9e allemande a ainsi port\u00e9 plainte contre un jeune de Freiburg qui a post\u00e9 un meme se moquant d\u2019une visite d\u2019un officier dans son lyc\u00e9e. Alors que l\u2019officier \u00e9tait venu recruter des jeunes pr\u00eats \u00e0 \u00ab\u00a0d\u00e9fendre la d\u00e9mocratie\u00a0\u00bb, le jeune lyc\u00e9en a tourn\u00e9 cette visite en satire en postant un montage o\u00f9 l\u2019officier demande aux lyc\u00e9ens\u00a0: <a href=\"https:\/\/www.instagram.com\/p\/DQ1Pn3JjEJJ\/?igsh=MTFyYmkxZjVuamhjbg==\" class=\"spip_out\" rel=\"noopener noreferrer external\" target=\"_blank\">\u00ab\u00a0Alors les enfants, qui est pr\u00eat \u00e0 mourir sur le Front de l\u2019Est\u00a0?\u00a0\u00bb<\/a><\/p>\n<p>Mais pour mettre en \u00e9chec les plans de Boris Pistorius et de Friedrich Merz, il faut bien plus qu\u2019un pacifisme abstrait. Il faut forger une conscience anti-imp\u00e9rialiste au sein de la jeunesse et prendre exemple des r\u00e9voltes qui ont eu lieu partout dans le monde. C\u2019est avec cet objectif que Klasse Gegen Klasse, l\u2019organisation s\u0153ur de R\u00e9volution Permanente en Allemagne, participera le 29 novembre prochain aux manifestations et blocages \u00e0 Gie\u00dfen contre le congr\u00e8s de refondation de l\u2019organisation de jeunesse de l\u2019AfD \u2013 parti d\u2019extr\u00eame droite d\u2019inspiration n\u00e9onazie \u2013 avec la volont\u00e9 d\u2019y porter une voix ouvri\u00e8re et des mots-d\u2019ordres clairement anti-imp\u00e9rialistes, contre la guerre et contre le g\u00e9nocide \u00e0 Gaza.<\/p>\n<p><script async src=\"\/\/www.instagram.com\/embed.js\"><\/script><\/p>\n","protected":false},"excerpt":{"rendered":"Boris Pistorius (SPD), ministre de la D\u00e9fense allemand au sein de la coalition dirig\u00e9e par le tr\u00e8s conservateur&hellip;\n","protected":false},"author":2,"featured_media":526172,"comment_status":"","ping_status":"","sticky":false,"template":"","format":"standard","meta":{"footnotes":""},"categories":[1587],"tags":[11,672,1804,1805,1803,1777,674,1801,12,1802],"class_list":{"0":"post-526171","1":"post","2":"type-post","3":"status-publish","4":"format-standard","5":"has-post-thumbnail","7":"category-allemagne","8":"tag-actualites","9":"tag-allemagne","10":"tag-bundesrepublik-deutschland","11":"tag-de","12":"tag-deutschland","13":"tag-eu","14":"tag-europe","15":"tag-germany","16":"tag-news","17":"tag-republique-federale-dallemagne"},"share_on_mastodon":{"url":"https:\/\/pubeurope.com\/@fr\/115528591242643117","error":""},"_links":{"self":[{"href":"https:\/\/www.europesays.com\/fr\/wp-json\/wp\/v2\/posts\/526171","targetHints":{"allow":["GET"]}}],"collection":[{"href":"https:\/\/www.europesays.com\/fr\/wp-json\/wp\/v2\/posts"}],"about":[{"href":"https:\/\/www.europesays.com\/fr\/wp-json\/wp\/v2\/types\/post"}],"author":[{"embeddable":true,"href":"https:\/\/www.europesays.com\/fr\/wp-json\/wp\/v2\/users\/2"}],"replies":[{"embeddable":true,"href":"https:\/\/www.europesays.com\/fr\/wp-json\/wp\/v2\/comments?post=526171"}],"version-history":[{"count":0,"href":"https:\/\/www.europesays.com\/fr\/wp-json\/wp\/v2\/posts\/526171\/revisions"}],"wp:featuredmedia":[{"embeddable":true,"href":"https:\/\/www.europesays.com\/fr\/wp-json\/wp\/v2\/media\/526172"}],"wp:attachment":[{"href":"https:\/\/www.europesays.com\/fr\/wp-json\/wp\/v2\/media?parent=526171"}],"wp:term":[{"taxonomy":"category","embeddable":true,"href":"https:\/\/www.europesays.com\/fr\/wp-json\/wp\/v2\/categories?post=526171"},{"taxonomy":"post_tag","embeddable":true,"href":"https:\/\/www.europesays.com\/fr\/wp-json\/wp\/v2\/tags?post=526171"}],"curies":[{"name":"wp","href":"https:\/\/api.w.org\/{rel}","templated":true}]}}