{"id":526173,"date":"2025-11-11T01:59:12","date_gmt":"2025-11-11T01:59:12","guid":{"rendered":"https:\/\/www.europesays.com\/fr\/526173\/"},"modified":"2025-11-11T01:59:12","modified_gmt":"2025-11-11T01:59:12","slug":"il-est-temps-que-leurope-se-dote-dune-veritable-arme-de-negociation-geopolitique","status":"publish","type":"post","link":"https:\/\/www.europesays.com\/fr\/526173\/","title":{"rendered":"Il est temps que l\u2019Europe se dote d\u2019une v\u00e9ritable arme de n\u00e9gociation g\u00e9opolitique"},"content":{"rendered":"<p>La <a class=\"Link\" href=\"https:\/\/www.lepoint.fr\/monde\/ce-que-le-racket-generalise-de-trump-dit-de-l-europe-11-07-2025-2594182_24.php\" title=\"\" data-gtm=\"click:capsule\" data-capsule=\"Lien\" target=\"_blank\" rel=\"noopener\">n\u00e9gociation sur les tarifs douaniers avec Donald Trump<\/a> n&rsquo;\u00e9tait pas une simple passe d&rsquo;armes commerciale. C&rsquo;\u00e9tait un test g\u00e9opolitique grandeur nature, et l&rsquo;<a class=\"Link\" href=\"https:\/\/www.lepoint.fr\/tags\/union-europeenne\" data-gtm=\"click:capsule\" data-capsule=\"Lien\" target=\"_blank\" rel=\"noopener\">Union europ\u00e9enne<\/a> l&rsquo;a abord\u00e9 avec les mauvais outils. Pendant que la Maison-Blanche d\u00e9ployait l&rsquo;arsenal complet de la puissance am\u00e9ricaine \u2013 menaces tarifaires, pressions diplomatiques, chantage s\u00e9curitaire \u2013, Bruxelles a r\u00e9pondu avec des juristes et des tableaux Excel. Le r\u00e9sultat\u00a0? <a class=\"Link\" href=\"https:\/\/www.lepoint.fr\/editos-du-point\/accord-ue-etats-unis-l-europe-grande-perdante-de-la-guerre-commerciale-declenchee-par-trump-05-09-2025-2597813_32.php\" title=\"\" data-gtm=\"click:capsule\" data-capsule=\"Lien\" target=\"_blank\" rel=\"noopener\">Une Union europ\u00e9enne spectatrice de son propre affaiblissement<\/a>, incapable de mobiliser la force politique qui aurait pu faire le poids face au bulldozer trumpien.<\/p>\n<p>Le probl\u00e8me n&rsquo;est pas nouveau, mais il prend une acuit\u00e9 particuli\u00e8re dans le monde qui vient. L&rsquo;architecture institutionnelle europ\u00e9enne, fruit de d\u00e9cennies de construction patiente, repose su&#8230;<\/p>\n<p>Toute l\u2019actualit\u00e9 \u00e0 1\u20ac le premier mois<\/p>\n<p><a href=\"https:\/\/abo.lepoint.fr\/?provenance=21EDI020098\" class=\"btn\" title=\"S&#039;abonner\" data-gtm=\"click:abo|display:abo\" data-campaign=\"paywall_maison\" target=\"_blank\" rel=\"noopener\">S&rsquo;abonner<\/a><\/p>\n<p>ou<\/p>\n","protected":false},"excerpt":{"rendered":"La n\u00e9gociation sur les tarifs douaniers avec Donald Trump n&rsquo;\u00e9tait pas une simple passe d&rsquo;armes commerciale. C&rsquo;\u00e9tait un&hellip;\n","protected":false},"author":2,"featured_media":526174,"comment_status":"","ping_status":"","sticky":false,"template":"","format":"standard","meta":{"footnotes":""},"categories":[1586],"tags":[11,2160,75,1073,1777,674,1011,27,12,25,364,2544],"class_list":{"0":"post-526173","1":"post","2":"type-post","3":"status-publish","4":"format-standard","5":"has-post-thumbnail","7":"category-europe","8":"tag-actualites","9":"tag-commerce-international","10":"tag-donald-trump","11":"tag-emmanuel-macron","12":"tag-eu","13":"tag-europe","14":"tag-fr","15":"tag-france","16":"tag-news","17":"tag-republique-francaise","18":"tag-union-europeenne","19":"tag-ursula-von-der-leyen"},"share_on_mastodon":{"url":"https:\/\/pubeurope.com\/@fr\/115528595163776798","error":""},"_links":{"self":[{"href":"https:\/\/www.europesays.com\/fr\/wp-json\/wp\/v2\/posts\/526173","targetHints":{"allow":["GET"]}}],"collection":[{"href":"https:\/\/www.europesays.com\/fr\/wp-json\/wp\/v2\/posts"}],"about":[{"href":"https:\/\/www.europesays.com\/fr\/wp-json\/wp\/v2\/types\/post"}],"author":[{"embeddable":true,"href":"https:\/\/www.europesays.com\/fr\/wp-json\/wp\/v2\/users\/2"}],"replies":[{"embeddable":true,"href":"https:\/\/www.europesays.com\/fr\/wp-json\/wp\/v2\/comments?post=526173"}],"version-history":[{"count":0,"href":"https:\/\/www.europesays.com\/fr\/wp-json\/wp\/v2\/posts\/526173\/revisions"}],"wp:featuredmedia":[{"embeddable":true,"href":"https:\/\/www.europesays.com\/fr\/wp-json\/wp\/v2\/media\/526174"}],"wp:attachment":[{"href":"https:\/\/www.europesays.com\/fr\/wp-json\/wp\/v2\/media?parent=526173"}],"wp:term":[{"taxonomy":"category","embeddable":true,"href":"https:\/\/www.europesays.com\/fr\/wp-json\/wp\/v2\/categories?post=526173"},{"taxonomy":"post_tag","embeddable":true,"href":"https:\/\/www.europesays.com\/fr\/wp-json\/wp\/v2\/tags?post=526173"}],"curies":[{"name":"wp","href":"https:\/\/api.w.org\/{rel}","templated":true}]}}