{"id":526176,"date":"2025-11-11T02:02:15","date_gmt":"2025-11-11T02:02:15","guid":{"rendered":"https:\/\/www.europesays.com\/fr\/526176\/"},"modified":"2025-11-11T02:02:15","modified_gmt":"2025-11-11T02:02:15","slug":"cinq-morts-apres-un-choc-frontal-entre-deux-voitures-en-saone-et-loire","status":"publish","type":"post","link":"https:\/\/www.europesays.com\/fr\/526176\/","title":{"rendered":"Cinq morts apr\u00e8s un \u00ab\u00a0choc frontal\u00a0\u00bb entre deux voitures en Sa\u00f4ne-et-Loire"},"content":{"rendered":"<p class=\"paragraph text_align_left lp-f-body-02\">Cinq personnes sont mortes apr\u00e8s un \u00ab choc frontal \u00bb entre deux voitures \u00e0 Curbigny, dans le sud de la Sa\u00f4ne-et-Loire, ce lundi en fin d\u2019apr\u00e8s-midi, d\u2019apr\u00e8s les m\u00e9dias locaux, le pr\u00e9sident de d\u00e9partement et <a href=\"https:\/\/www.facebook.com\/AndreAccaryCD71\/posts\/1435250271721613?ref=embed_post\" target=\"_blank\" rel=\"noreferrer nofollow noopener\">la gendarmerie<\/a>.<\/p>\n<p class=\"paragraph text_align_left lp-f-body-02\">Les quatre femmes et un homme, qui se trouvaient \u00e0 l\u2019int\u00e9rieur des v\u00e9hicules, un 4 x 4 et une voiture citadine, sont tous d\u00e9c\u00e9d\u00e9s, ne laissant aucun survivant, selon les informations d\u2019<a href=\"https:\/\/www.francebleu.fr\/infos\/faits-divers-justice\/saone-et-loire-cinq-personnes-decedees-dans-une-collision-entre-deux-voitures-4962452\" target=\"_blank\" rel=\"noreferrer nofollow noopener\">Ici Bourgogne<\/a>.<\/p>\n<p class=\"paragraph text_align_left lp-f-body-02\">\u00ab Ce sont tous des habitants des environs \u00bb, a expliqu\u00e9 Caroline Ageron, la sous-pr\u00e9f\u00e8te de Louhans, aupr\u00e8s du <a href=\"https:\/\/www.lejsl.com\/faits-divers-justice\/2025\/11\/10\/un-terrible-accident-de-la-route-fait-cinq-morts\" target=\"_blank\" rel=\"noreferrer nofollow noopener\">Journal de Sa\u00f4ne-et-Loire<\/a> (JSL).<\/p>\n<p>Une \u00ab intervention \u00e9motionnellement pesante \u00bb<\/p>\n<p class=\"paragraph text_align_left lp-f-body-02\">\u00ab Je souhaite adresser ce soir mes plus sinc\u00e8res condol\u00e9ances aux familles des victimes et saluer les nombreux pompiers \u00bb, a r\u00e9agi le pr\u00e9sident du d\u00e9partement de la Sa\u00f4ne-et-Loire, Andr\u00e9 Accary, <a href=\"https:\/\/www.facebook.com\/AndreAccaryCD71\/posts\/pfbid09z3qM4smkD4afcKVh12RS3Kcg7MQx5KGu3aPF33eebGNJGND1QCFjrm9iuvHnHusl?__cft__[0]=AZWIrOKpyYYFx4tszXyUO091m1aNhF-BkjTaKDZLrexZ9YY8RbLQ7NkG5VJfDCI1B2VARk1nI1m4qleYO5nBT7bQmR5yMmz2HzmaXKfQeIZcIIBQpB_hQHXxiTbVEPaG-TDbGFi_PVCqgfXqK0HGToM20Cq34S2uhIHkN1pFUktyZoTJL61bBjg8voNtu1x_q5c&amp;__tn__=%2CO%2CP-R\" target=\"_blank\" rel=\"noreferrer nofollow noopener\">sur Facebook<\/a>. Il a par ailleurs pr\u00e9cis\u00e9, notamment, qu\u2019un h\u00e9licopt\u00e8re du Samu s\u2019\u00e9tait d\u00e9plac\u00e9 sur les lieux du drame pour assurer \u00ab cette intervention \u00e9motionnellement pesante \u00bb.<\/p>\n<p class=\"lp-card-podcast-highlighting__title  lp-f-subtitle-05\">[4\/4] L\u2019assassinat du PDG de Renault\u00a0: la sanglante \u00e9pop\u00e9e du groupe Action directe<\/p>\n<p class=\"lp-card-podcast-highlighting__description lp-f-ui-05\">Crime story raconte chaque semaine les grandes affaires criminelles.<\/p>\n<p><a class=\"lp-card-podcast-highlighting__call-to-action\" data-page-type=\"HP\" data-block-name=\"podcast-highlight\">\u00c9couter<\/a><\/p>\n<p class=\"paragraph text_align_left lp-f-body-02\">L\u2019enqu\u00eate devra d\u00e9terminer les responsabilit\u00e9s de cet accident, alors qu\u2019une quarantaine de sapeurs-pompiers \u00e9taient encore sur les lieux du drame dans la soir\u00e9e, d\u2019apr\u00e8s les informations du JSL. Parmi les t\u00e9moins, \u00ab une infirmi\u00e8re a proc\u00e9d\u00e9 aux d\u00e9gagements d\u2019urgence et aux massages cardiaques \u00bb, a indiqu\u00e9 le capitaine Romain Comte au journal local.<\/p>\n<p class=\"paragraph text_align_left lp-f-body-02\">En 2024, 3 193 personnes sont mortes sur les routes de France m\u00e9tropolitaine, selon un bilan de l\u2019<a href=\"https:\/\/www.onisr.securite-routiere.gouv.fr\/etat-de-linsecurite-routiere\/bilans-annuels-de-la-securite-routiere\/bilan-2024-de-la-securite-routiere\" target=\"_blank\" rel=\"noreferrer nofollow noopener\">Observatoire national interminist\u00e9riel de la s\u00e9curit\u00e9 routi\u00e8re<\/a>, un chiffre en hausse par rapport \u00e0 2023. Parmi eux, plus de la moiti\u00e9 \u00e9taient occupants d\u2019une voiture.<\/p>\n","protected":false},"excerpt":{"rendered":"Cinq personnes sont mortes apr\u00e8s un \u00ab choc frontal \u00bb entre deux voitures \u00e0 Curbigny, dans le sud&hellip;\n","protected":false},"author":2,"featured_media":526177,"comment_status":"","ping_status":"","sticky":false,"template":"","format":"standard","meta":{"footnotes":""},"categories":[2],"tags":[11,459,118,1011,27,12,25],"class_list":{"0":"post-526176","1":"post","2":"type-post","3":"status-publish","4":"format-standard","5":"has-post-thumbnail","7":"category-actualites","8":"tag-actualites","9":"tag-departements-horsidfo","10":"tag-faits-divers","11":"tag-fr","12":"tag-france","13":"tag-news","14":"tag-republique-francaise"},"share_on_mastodon":{"url":"https:\/\/pubeurope.com\/@fr\/115528606939556474","error":""},"_links":{"self":[{"href":"https:\/\/www.europesays.com\/fr\/wp-json\/wp\/v2\/posts\/526176","targetHints":{"allow":["GET"]}}],"collection":[{"href":"https:\/\/www.europesays.com\/fr\/wp-json\/wp\/v2\/posts"}],"about":[{"href":"https:\/\/www.europesays.com\/fr\/wp-json\/wp\/v2\/types\/post"}],"author":[{"embeddable":true,"href":"https:\/\/www.europesays.com\/fr\/wp-json\/wp\/v2\/users\/2"}],"replies":[{"embeddable":true,"href":"https:\/\/www.europesays.com\/fr\/wp-json\/wp\/v2\/comments?post=526176"}],"version-history":[{"count":0,"href":"https:\/\/www.europesays.com\/fr\/wp-json\/wp\/v2\/posts\/526176\/revisions"}],"wp:featuredmedia":[{"embeddable":true,"href":"https:\/\/www.europesays.com\/fr\/wp-json\/wp\/v2\/media\/526177"}],"wp:attachment":[{"href":"https:\/\/www.europesays.com\/fr\/wp-json\/wp\/v2\/media?parent=526176"}],"wp:term":[{"taxonomy":"category","embeddable":true,"href":"https:\/\/www.europesays.com\/fr\/wp-json\/wp\/v2\/categories?post=526176"},{"taxonomy":"post_tag","embeddable":true,"href":"https:\/\/www.europesays.com\/fr\/wp-json\/wp\/v2\/tags?post=526176"}],"curies":[{"name":"wp","href":"https:\/\/api.w.org\/{rel}","templated":true}]}}