{"id":526180,"date":"2025-11-11T02:06:29","date_gmt":"2025-11-11T02:06:29","guid":{"rendered":"https:\/\/www.europesays.com\/fr\/526180\/"},"modified":"2025-11-11T02:06:29","modified_gmt":"2025-11-11T02:06:29","slug":"abu-dhabi-hsbc-championship-une-23e-place-douce-amere-pour-couvra","status":"publish","type":"post","link":"https:\/\/www.europesays.com\/fr\/526180\/","title":{"rendered":"Abu Dhabi HSBC Championship : Une 23e place douce-am\u00e8re pour Couvra"},"content":{"rendered":"<p>En ce qui concerne le destin des cinq Fran\u00e7ais engag\u00e9s cette semaine, l\u2019attention s\u2019est principalement port\u00e9e sur le jeune <strong>Martin<\/strong> <strong>Couvra<\/strong>. \u00c0 22 ans, le rookie de la premi\u00e8re division europ\u00e9enne n\u2019a pas produit le jeu n\u00e9cessaire pour pouvoir jouer la gagne mais son second objectif de la semaine \u00e9tait, lui, toujours d\u2019actualit\u00e9. Auteur d\u2019une tr\u00e8s belle saison couronn\u00e9e d\u2019une victoire en Turquie, le Varois est, depuis, en course pour une place sur le <strong>PGA Tour<\/strong> en 2026 ; un s\u00e9same offert aux 10 premiers joueurs de la <strong>Race to Dubai<\/strong> (R2D) non-exempt\u00e9s. Quatorzi\u00e8me de cette hi\u00e9rarchie avant cette semaine, Couvra n\u2019a pas r\u00e9ussi ce dimanche \u00e0 am\u00e9liorer son rang. Jamais en grande difficult\u00e9 mais jamais suffisamment en r\u00e9ussite pour faire plier davantage le trac\u00e9, sa derni\u00e8re carte de 70 (-2) lui a fait prendre la 23e place de l\u2019\u00e9v\u00e9nement \u00e0 -15 total. Un bilan encourageant hors contexte mais qui a manqu\u00e9 de mordant face aux 12e, 15e et 17e places de <strong>Keita<\/strong> <strong>Nakajima<\/strong>, <strong>Jordan<\/strong> <strong>Smith<\/strong> et <strong>Daniel<\/strong> <strong>Brown<\/strong>, ses premiers concurrents \u00e0 la promotion am\u00e9ricaine.<\/p>\n<p>Malgr\u00e9 sa recul\u00e9e, le Fran\u00e7ais reste, comme au d\u00e9but de la semaine, le premier homme \u00e0 se tenir derri\u00e8re le dixi\u00e8me et dernier ticket poss\u00e9d\u00e9 provisoirement par Jordan Smith. En effet, m\u00eame si Fleetwood et Rai sont pass\u00e9s respectivement 10e et 9e de R2D, les deux hommes sont d\u00e9j\u00e0 titulaires d\u2019un droit de jeu sur le PGA Tour. La semaine prochaine, Martin Couvra aura ainsi une derni\u00e8re tr\u00e8s bonne occasion de se hisser parmi les dix tickets lors de la finale du circuit \u00e0 Duba\u00ef.<\/p>\n","protected":false},"excerpt":{"rendered":"En ce qui concerne le destin des cinq Fran\u00e7ais engag\u00e9s cette semaine, l\u2019attention s\u2019est principalement port\u00e9e sur le&hellip;\n","protected":false},"author":2,"featured_media":526181,"comment_status":"","ping_status":"","sticky":false,"template":"","format":"standard","meta":{"footnotes":""},"categories":[1418],"tags":[1011,27,1472,60],"class_list":{"0":"post-526180","1":"post","2":"type-post","3":"status-publish","4":"format-standard","5":"has-post-thumbnail","7":"category-golf","8":"tag-fr","9":"tag-france","10":"tag-golf","11":"tag-sports"},"share_on_mastodon":{"url":"https:\/\/pubeurope.com\/@fr\/115528622595342374","error":""},"_links":{"self":[{"href":"https:\/\/www.europesays.com\/fr\/wp-json\/wp\/v2\/posts\/526180","targetHints":{"allow":["GET"]}}],"collection":[{"href":"https:\/\/www.europesays.com\/fr\/wp-json\/wp\/v2\/posts"}],"about":[{"href":"https:\/\/www.europesays.com\/fr\/wp-json\/wp\/v2\/types\/post"}],"author":[{"embeddable":true,"href":"https:\/\/www.europesays.com\/fr\/wp-json\/wp\/v2\/users\/2"}],"replies":[{"embeddable":true,"href":"https:\/\/www.europesays.com\/fr\/wp-json\/wp\/v2\/comments?post=526180"}],"version-history":[{"count":0,"href":"https:\/\/www.europesays.com\/fr\/wp-json\/wp\/v2\/posts\/526180\/revisions"}],"wp:featuredmedia":[{"embeddable":true,"href":"https:\/\/www.europesays.com\/fr\/wp-json\/wp\/v2\/media\/526181"}],"wp:attachment":[{"href":"https:\/\/www.europesays.com\/fr\/wp-json\/wp\/v2\/media?parent=526180"}],"wp:term":[{"taxonomy":"category","embeddable":true,"href":"https:\/\/www.europesays.com\/fr\/wp-json\/wp\/v2\/categories?post=526180"},{"taxonomy":"post_tag","embeddable":true,"href":"https:\/\/www.europesays.com\/fr\/wp-json\/wp\/v2\/tags?post=526180"}],"curies":[{"name":"wp","href":"https:\/\/api.w.org\/{rel}","templated":true}]}}