{"id":526184,"date":"2025-11-11T02:10:10","date_gmt":"2025-11-11T02:10:10","guid":{"rendered":"https:\/\/www.europesays.com\/fr\/526184\/"},"modified":"2025-11-11T02:10:10","modified_gmt":"2025-11-11T02:10:10","slug":"atp-finals-apres-sa-victoire-face-a-felix-auger-aliassime-sinner-jannik-particularite-injouable-eurosport","status":"publish","type":"post","link":"https:\/\/www.europesays.com\/fr\/526184\/","title":{"rendered":"ATP Finals &#8211; Apr\u00e8s sa victoire face \u00e0 F\u00e9lix Auger-Aliassime &#8211; Sinner Jannik, particularit\u00e9 : injouable &#8211; Eurosport"},"content":{"rendered":"<ol>\n<li><a href=\"https:\/\/news.google.com\/rss\/articles\/CBMi-wFBVV95cUxPR21MdVR1OEVwQU1QaTU1dHJyNjMzMkxCQzB0NTB6TE1DekZGUHRsVWt1elB5VW1qeXNfcUNNZWd3bGJ0dFB0bDJSN3RuN0RBNTJyN3Nyekp1djRXTmZheVNRaXJEM2NxV1Q2RjZZZmRFMmFsSFRWTHQtNk80UTIxQ0pCTktPQ2xwYzliVWtXZ2NSTlNhV0RXaU12cmxFVnZoYkRLWEpiNUd6Rk1XWmxFdUw0S3I0QlluOTdHcGpHcTdDYUtScUZCcHM5Z3paRWV3MlgzRHhZNnVTR2tVU0RTRms5MUxjVU8xMlJaOWk5SEx6MVRvM05nTjlZRQ?oc=5\" target=\"_blank\" rel=\"nofollow noopener\">ATP Finals &#8211; Apr\u00e8s sa victoire face \u00e0 F\u00e9lix Auger-Aliassime &#8211; Sinner Jannik, particularit\u00e9 : injouable<\/a>&nbsp;&nbsp;Eurosport<\/li>\n<li><a href=\"https:\/\/news.google.com\/rss\/articles\/CBMiygFBVV95cUxOdkhlMk5URm1GOTJQSGZjRHdTSGtKWXAtRWs3QUFSTlM1eFJxUWNvMjBDU21maFhUQ05Mblk4RENvOUhvLVdmUDllTG1xWmQtZE9yX3l6clZIVzhYNmtLMHM0ZVRrUUVqVnhWajk2QXZGbUUwSnp0dzlBY0lKRXZmVVVfMHBVeExyT0RJMjdLY2pDbDItWHNpQ1dDUnMxa2lLOFlnUmRPVkVNVFhpM0VKR1drVVRhb1pwMWcwSlh2aHRGS205bHF6d3VB?oc=5\" target=\"_blank\" rel=\"nofollow noopener\">Jannik Sinner d\u00e9bute par une victoire ma\u00eetris\u00e9e face \u00e0 un F\u00e9lix Auger-Aliassime diminu\u00e9 aux Finales ATP<\/a>&nbsp;&nbsp;L&rsquo;\u00c9quipe<\/li>\n<li><a href=\"https:\/\/news.google.com\/rss\/articles\/CBMizgFBVV95cUxNeVdrUG90SktabU81OVUtUFdxZEJjWG9ZRWJLSG90b2d0RG00WHVtVDJxTzh2Wk5sSHJSZFAwdkN0b19RQm1OTklvWVBxTU5VemNFbUpQOHZWS1l2NDJOUExNVkt1UWh4VW1kYnJNUmEzUDhHYzFQY1pkcWtyTlBkSUVwc3psaWljYkdScGs5WjlueGJQYU1wYWR0RW44OTVnbV9ld2pHVnM3dndmdGhYOW56aEZ4X1ZfMEtPblVodElDbWM5STNEcmRqTnlDdw?oc=5\" target=\"_blank\" rel=\"nofollow noopener\">PRONOS PARIS RMC Le pari tennis d\u2019Eric Salliot du 10 novembre \u2013 ATP Finals<\/a>&nbsp;&nbsp;RMC Sport<\/li>\n<li><a href=\"https:\/\/news.google.com\/rss\/articles\/CBMiqgFBVV95cUxNVlJqa0lCaDA2QjBjTlFwLXJmcndiTWVTaEh5UzBoT2Itam5GTU9FVi1xRGlPOXVJODlaQlZ0aDI2a05xc1d6RFFmTkxxXzNjbFJreWktNkJDdTRYMXh5ZF9FRmxBOC1jbXNQMk9iczRVN2Q5aktsdk5MVEU3ZkIxc1I1TDNyc0xrU0lEdU1jNjdoRTg5UzBGM3RTSnBveGxibTRZazBZRkRJQQ?oc=5\" target=\"_blank\" rel=\"nofollow noopener\">Masters: Sinner domine un Auger-Aliassime diminu\u00e9 physiquement<\/a>&nbsp;&nbsp;Sports.fr<\/li>\n<li><a href=\"https:\/\/news.google.com\/rss\/articles\/CBMiqAFBVV95cUxNMGI5ckpyMExOcnFBc2dNSXJyWmF1S0pud3pYTGRNOUVDT3lWc19SQWN2SVRvM1g5U192LXZpZTh1LWVpcThtZ1liNnd3clJrMTMzUVd5LTVORER3VW9YZ2VSSXp6Snp1T1FHVnk3Ri1uNVctdlNCQW1vRW5vU205QUFicUkzRzNveXY2azJ2Q0NOZ282RUZiWGsydm9pcFZBdlhjOE1CemI?oc=5\" target=\"_blank\" rel=\"nofollow noopener\">Masters ATP: Sinner soigne son entr\u00e9e, Fritz \u00e9coeure Musetti<\/a>&nbsp;&nbsp;RFI<\/li>\n<\/ol>\n","protected":false},"excerpt":{"rendered":"ATP Finals &#8211; Apr\u00e8s sa victoire face \u00e0 F\u00e9lix Auger-Aliassime &#8211; Sinner Jannik, particularit\u00e9 : injouable&nbsp;&nbsp;Eurosport Jannik Sinner&hellip;\n","protected":false},"author":2,"featured_media":395849,"comment_status":"","ping_status":"","sticky":false,"template":"","format":"standard","meta":{"footnotes":""},"categories":[1415],"tags":[1011,27,60,1467],"class_list":{"0":"post-526184","1":"post","2":"type-post","3":"status-publish","4":"format-standard","5":"has-post-thumbnail","7":"category-tennis","8":"tag-fr","9":"tag-france","10":"tag-sports","11":"tag-tennis"},"share_on_mastodon":{"url":"https:\/\/pubeurope.com\/@fr\/115528638310598793","error":""},"_links":{"self":[{"href":"https:\/\/www.europesays.com\/fr\/wp-json\/wp\/v2\/posts\/526184","targetHints":{"allow":["GET"]}}],"collection":[{"href":"https:\/\/www.europesays.com\/fr\/wp-json\/wp\/v2\/posts"}],"about":[{"href":"https:\/\/www.europesays.com\/fr\/wp-json\/wp\/v2\/types\/post"}],"author":[{"embeddable":true,"href":"https:\/\/www.europesays.com\/fr\/wp-json\/wp\/v2\/users\/2"}],"replies":[{"embeddable":true,"href":"https:\/\/www.europesays.com\/fr\/wp-json\/wp\/v2\/comments?post=526184"}],"version-history":[{"count":0,"href":"https:\/\/www.europesays.com\/fr\/wp-json\/wp\/v2\/posts\/526184\/revisions"}],"wp:featuredmedia":[{"embeddable":true,"href":"https:\/\/www.europesays.com\/fr\/wp-json\/wp\/v2\/media\/395849"}],"wp:attachment":[{"href":"https:\/\/www.europesays.com\/fr\/wp-json\/wp\/v2\/media?parent=526184"}],"wp:term":[{"taxonomy":"category","embeddable":true,"href":"https:\/\/www.europesays.com\/fr\/wp-json\/wp\/v2\/categories?post=526184"},{"taxonomy":"post_tag","embeddable":true,"href":"https:\/\/www.europesays.com\/fr\/wp-json\/wp\/v2\/tags?post=526184"}],"curies":[{"name":"wp","href":"https:\/\/api.w.org\/{rel}","templated":true}]}}