{"id":526202,"date":"2025-11-11T02:24:14","date_gmt":"2025-11-11T02:24:14","guid":{"rendered":"https:\/\/www.europesays.com\/fr\/526202\/"},"modified":"2025-11-11T02:24:14","modified_gmt":"2025-11-11T02:24:14","slug":"julien-courbet-repond-a-lappel-a-laide-de-jean-luc-reichmann","status":"publish","type":"post","link":"https:\/\/www.europesays.com\/fr\/526202\/","title":{"rendered":"Julien Courbet r\u00e9pond \u00e0 l&rsquo;appel \u00e0 l&rsquo;aide de Jean-Luc Reichmann"},"content":{"rendered":"<p class=\"article-p mdl\">Jean-Luc Reichmann a pass\u00e9 un week-end mouvement\u00e9. Dans une vid\u00e9o publi\u00e9e sur les r\u00e9seaux sociaux, dimanche, l&rsquo;animateur de TF1 a sollicit\u00e9 l&rsquo;assistance de Julien Courbet pour g\u00e9rer un conflit d&rsquo;assurance apr\u00e8s que\u00a0<a class=\"link\" href=\"https:\/\/www.rtl.fr\/culture\/medias-people\/l-horreur-en-pleine-nuit-la-voiture-de-sa-belle-mere-vandalisee-jean-luc-reichmann-fait-appel-a-julien-courbet-7900564480\" title=\"&quot;L&#039;horreur en pleine nuit&quot; : la voiture de sa belle-m\u00e8re vandalis\u00e9e, Jean-Luc Reichmann fait appel \u00e0 Julien Courbet\" target=\"_blank\" rel=\"noopener\">la voiture de Roselyne, sa belle-m\u00e8re, ait \u00e9t\u00e9 vandalis\u00e9e en pleine rue<\/a>.<\/p>\n<p class=\"article-p mdl\">L&rsquo;animateur de M6 et RTL a r\u00e9pondu \u00e0 son homologue avec humour ce lundi 10 novembre : \u00ab\u00a0Comme pour les t\u00e9l\u00e9spectateurs, Jean-Luc [Reichmann] doit \u00e9crire \u00e0 l&rsquo;adresse mail de l&rsquo;\u00e9mission\u00a0\u00bb, a-t-il expliqu\u00e9 \u00e0 RTL. Et d&rsquo;ajouter : \u00ab\u00a0Pas de passe-droit dans l&rsquo;\u00e9mission\u00a0\u00bb.<\/p>\n<p class=\"article-p mdl\">\u00ab\u00a0En vue de notre longue amiti\u00e9, on va essayer de lui apporter des r\u00e9ponses juridiques hors antenne. J&rsquo;ai demand\u00e9 \u00e0 Herv\u00e9 Pouchol, mon n\u00e9gociateur, de t\u00e2ter le terrain. Mais, en \u00e9change, Jean-Luc [Reichmann] me prend comme candidat dans\u00a0<a class=\"link\" href=\"https:\/\/www.rtl.fr\/actu\/debats-societe\/10-a-11-heures-de-tournage-chaque-jour-emilien-plus-grand-gagnant-des-jeux-televises-revient-sur-ses-2-ans-de-regne-7900547996\" title=\"&quot;23 voitures, 2,5 millions d&#039;euros de gains&quot; : \u00c9milien des &quot;12 coups de midi&quot;, plus grand gagnant des jeux t\u00e9l\u00e9, se confie\" target=\"_blank\" rel=\"noopener\">les\u00a012 coups de midi<\/a>\u00ab\u00a0, a-t-il expliqu\u00e9 \u00e0 RTL, amus\u00e9. L&rsquo;animateur de\u00a0\u00c7a peut vous arriver\u00a0 confirme toutefois que le sujet sera abord\u00e9 cette semaine dans l&rsquo;\u00e9mission.\u00a0<\/p>\n<p class=\"article-p mdl\">Pour rappel, le v\u00e9hicule de \u00ab\u00a0courtoisie\u00a0\u00bb pr\u00eat\u00e9 par l&rsquo;assurance de la belle-m\u00e8re de l&rsquo;animateur des 12 coups de midi a \u00e9t\u00e9 vandalis\u00e9 durant le week-end et ni son assurance, ni celle du v\u00e9hicule ne sont en mesure de prendre en charge la situation avant la fin du week-end de la Toussaint.\u00a0<\/p>\n<p class=\"article-p mdl\">\u00ab\u00a0Avec le week-end du 11 novembre, elle a appel\u00e9 son assurance qui lui a dit que jusqu&rsquo;au 12 novembre, il n&rsquo;y aura strictement rien, je ne sais pas ce qu&rsquo;on va faire\u00a0\u00bb, a-t-il expliqu\u00e9, avant de s&rsquo;en remettre \u00e0\u00a0Julien Courbet et son \u00e9mission \u00c7a peut vous arriver .<\/p>\n<p>    La r\u00e9daction vous recommande<\/p>\n<p class=\"s-newsletter__title\">\n                L\u2019actualit\u00e9 par la r\u00e9daction de RTL dans votre bo\u00eete mail.\n            <\/p>\n<p class=\"s-newsletter__subtitle\">\n                Gr\u00e2ce \u00e0 votre compte RTL abonnez-vous \u00e0 la newsletter RTL info pour suivre toute l&rsquo;actualit\u00e9 au quotidien\n            <\/p>\n<p>\n                                    Lire la suite\n                                <\/p>\n","protected":false},"excerpt":{"rendered":"Jean-Luc Reichmann a pass\u00e9 un week-end mouvement\u00e9. Dans une vid\u00e9o publi\u00e9e sur les r\u00e9seaux sociaux, dimanche, l&rsquo;animateur de&hellip;\n","protected":false},"author":2,"featured_media":526203,"comment_status":"","ping_status":"","sticky":false,"template":"","format":"standard","meta":{"footnotes":""},"categories":[8],"tags":[25978,10949,58,59,107,1011,27,465,10950,500,973],"class_list":{"0":"post-526202","1":"post","2":"type-post","3":"status-publish","4":"format-standard","5":"has-post-thumbnail","7":"category-divertissement","8":"tag-assurance-auto","9":"tag-ca-peut-vous-arriver","10":"tag-divertissement","11":"tag-entertainment","12":"tag-fil-info","13":"tag-fr","14":"tag-france","15":"tag-jean-luc-reichmann","16":"tag-julien-courbet","17":"tag-medias","18":"tag-people"},"share_on_mastodon":{"url":"https:\/\/pubeurope.com\/@fr\/115528694167791616","error":""},"_links":{"self":[{"href":"https:\/\/www.europesays.com\/fr\/wp-json\/wp\/v2\/posts\/526202","targetHints":{"allow":["GET"]}}],"collection":[{"href":"https:\/\/www.europesays.com\/fr\/wp-json\/wp\/v2\/posts"}],"about":[{"href":"https:\/\/www.europesays.com\/fr\/wp-json\/wp\/v2\/types\/post"}],"author":[{"embeddable":true,"href":"https:\/\/www.europesays.com\/fr\/wp-json\/wp\/v2\/users\/2"}],"replies":[{"embeddable":true,"href":"https:\/\/www.europesays.com\/fr\/wp-json\/wp\/v2\/comments?post=526202"}],"version-history":[{"count":0,"href":"https:\/\/www.europesays.com\/fr\/wp-json\/wp\/v2\/posts\/526202\/revisions"}],"wp:featuredmedia":[{"embeddable":true,"href":"https:\/\/www.europesays.com\/fr\/wp-json\/wp\/v2\/media\/526203"}],"wp:attachment":[{"href":"https:\/\/www.europesays.com\/fr\/wp-json\/wp\/v2\/media?parent=526202"}],"wp:term":[{"taxonomy":"category","embeddable":true,"href":"https:\/\/www.europesays.com\/fr\/wp-json\/wp\/v2\/categories?post=526202"},{"taxonomy":"post_tag","embeddable":true,"href":"https:\/\/www.europesays.com\/fr\/wp-json\/wp\/v2\/tags?post=526202"}],"curies":[{"name":"wp","href":"https:\/\/api.w.org\/{rel}","templated":true}]}}