{"id":526208,"date":"2025-11-11T02:27:17","date_gmt":"2025-11-11T02:27:17","guid":{"rendered":"https:\/\/www.europesays.com\/fr\/526208\/"},"modified":"2025-11-11T02:27:17","modified_gmt":"2025-11-11T02:27:17","slug":"a-washington-donald-trump-recoit-discretement-ahmed-al-charaa","status":"publish","type":"post","link":"https:\/\/www.europesays.com\/fr\/526208\/","title":{"rendered":"\u00c0 Washington, Donald Trump re\u00e7oit discr\u00e8tement Ahmed al-Charaa"},"content":{"rendered":"<p>\n    <strong>R\u00c9CIT<\/strong> &#8211; L\u2019ancien djihadiste devenu pr\u00e9sident de la Syrie a \u00e9t\u00e9 re\u00e7u \u00e0 la Maison-Blanche pour une rencontre historique, faite d\u2019entretiens sur d\u2019importants dossiers r\u00e9gionaux.<\/p>\n<p class=\"fig-paragraph\">L\u2019ancien djihadiste a \u00e9t\u00e9\u00a0<a href=\"http:\/\/www.lefigaro.fr\/international\/resolution-de-l-onu-coalition-contre-l-etat-islamique-le-president-syrien-ahmed-al-charaa-en-visite-historique-a-washington-20251109\" data-fig-type=\"Article\" data-gtm-custom-categorie=\"navigation\" data-gtm-custom-action=\"crossclick\" data-gtm-custom-label=\"Contextuel\" data-gtm-event=\"customEventSPE\" data-fig-domain=\"LEFIGARO\" rel=\"nofollow noopener\" target=\"_blank\">re\u00e7u lundi \u00e0 la Maison-Blanche<\/a>\u00a0sans photos ni conf\u00e9rence de presse. Le pr\u00e9sident syrien, Ahmed al-Charaa, n\u2019a pas non plus \u00e9t\u00e9 accueilli par Donald Trump sur le perron comme c\u2019est l\u2019usage avec d\u2019autres chefs d\u2019\u00c9tat, et la presse n\u2019a pas \u00e9t\u00e9 convi\u00e9e dans le Bureau ovale. Mais la visite de\u00a0<a href=\"http:\/\/www.lefigaro.fr\/international\/offensive-contre-des-djihadistes-francais-en-syrie-al-charaa-veut-montrer-son-autorite-sur-les-combattants-etrangers-20251022\" data-fig-type=\"Article\" data-gtm-custom-categorie=\"navigation\" data-gtm-custom-action=\"crossclick\" data-gtm-custom-label=\"Contextuel\" data-gtm-event=\"customEventSPE\" data-fig-domain=\"LEFIGARO\" rel=\"nofollow noopener\" target=\"_blank\">l\u2019ancien membre d\u2019al-Qaida<\/a>\u00a0\u00e9tait en soi un \u00e9v\u00e9nement assez extraordinaire, et l\u2019un des d\u00e9veloppements impr\u00e9vus que permet la politique \u00e9trang\u00e8re hautement personnalis\u00e9e de Donald Trump.<\/p>\n<p class=\"fig-paragraph\">Le pr\u00e9sident am\u00e9ricain semblait avoir appr\u00e9ci\u00e9 Ahmed al-Charaa lors de\u00a0<a href=\"http:\/\/www.lefigaro.fr\/international\/bonne-chance-a-la-syrie-donald-trump-adoube-ahmed-al-charaa-et-leve-les-sanctions-contre-damas-20250514\" data-fig-type=\"Article\" data-gtm-custom-categorie=\"navigation\" data-gtm-custom-action=\"crossclick\" data-gtm-custom-label=\"Contextuel\" data-gtm-event=\"customEventSPE\" data-fig-domain=\"LEFIGARO\" rel=\"nofollow noopener\" target=\"_blank\">leur premi\u00e8re rencontre \u00e0 Riyad<\/a>, en Arabie saoudite, en mai dernier. \u00ab\u00a0Un jeune homme s\u00e9duisant, avait comment\u00e9 Trump, un dur \u00e0 cuire. Un pass\u00e9 difficile, tr\u00e8s difficile. Un combattant.\u00a0\u00bb Leur poign\u00e9e de main avait \u00e9t\u00e9 la premi\u00e8re entre un pr\u00e9sident am\u00e9ricain et son homologue syrien depuis la rencontre entre Bill Clinton avec Hafez el-Assad, le p\u00e8re de Bachar, \u00e0 Gen\u00e8ve en 2000. Al-Charaa est en revanche le premier chef d\u2019\u00c9tat\u2026<\/p>\n<p class=\"fig-premium-paywall__infos\">\n        Cet article est r\u00e9serv\u00e9 aux abonn\u00e9s.        Il vous reste 83% \u00e0 d\u00e9couvrir.\n    <\/p>\n<p>                <img  data- alt=\"Le Figaro\" class=\"fig-img--complete fig-img\"\/><\/p>\n<p class=\"fig-premium-paywall__title\">Black Friday<\/p>\n<p class=\"fig-premium-paywall__subtitle\">-70% sur l&rsquo;abonnement num\u00e9rique<\/p>\n<p class=\"fig-premium-paywall__connect\">\n                D\u00e9j\u00e0 abonn\u00e9\u00a0?                <a class=\"fig-premium-paywall__connect-link\" href=\"https:\/\/connect.lefigaro.fr\/login?client=horizon_web&amp;type=main&amp;redirect_uri=https%3A%2F%2Fwww.lefigaro.fr%2Finternational%2Fa-washington-donald-trump-recoit-discretement-ahmed-al-charaa-20251110\" data-js-gtm=\"{&quot;customCategorie&quot;: &quot;conversion&quot;, &quot;customAction&quot;: &quot;before_Landing_Connexion_paywall_auto&quot;, &quot;customLabel&quot;: &quot;bGVmaWdhcm8uZnJfXzFmMGJlNGFmLTU0ZGItNmI3ZS1hZmRmLWIxNzQ3YzI0NjI0MV9fQXJ0aWNsZQ==_\u00c0 Washington, Donald Trump re\u00e7oit discr\u00e8tement Ahmed al-Charaa_500&quot;, &quot;customIDSPE&quot;: &quot;bGVmaWdhcm8uZnJfXzFmMGJlNGFmLTU0ZGItNmI3ZS1hZmRmLWIxNzQ3YzI0NjI0MV9fQXJ0aWNsZQ==&quot;, &quot;event&quot;: &quot;customEventSPE&quot;}\" rel=\"nofollow noopener\" target=\"_blank\"><br \/>\n                    Connectez-vous<br \/>\n                <\/a>\n            <\/p>\n","protected":false},"excerpt":{"rendered":"R\u00c9CIT &#8211; L\u2019ancien djihadiste devenu pr\u00e9sident de la Syrie a \u00e9t\u00e9 re\u00e7u \u00e0 la Maison-Blanche pour une rencontre&hellip;\n","protected":false},"author":2,"featured_media":526209,"comment_status":"","ping_status":"","sticky":false,"template":"","format":"standard","meta":{"footnotes":""},"categories":[5],"tags":[11,75,1011,27,14,12,32,28],"class_list":{"0":"post-526208","1":"post","2":"type-post","3":"status-publish","4":"format-standard","5":"has-post-thumbnail","7":"category-international","8":"tag-actualites","9":"tag-donald-trump","10":"tag-fr","11":"tag-france","12":"tag-international","13":"tag-news","14":"tag-syrie","15":"tag-world"},"share_on_mastodon":{"url":"https:\/\/pubeurope.com\/@fr\/115528705270556457","error":""},"_links":{"self":[{"href":"https:\/\/www.europesays.com\/fr\/wp-json\/wp\/v2\/posts\/526208","targetHints":{"allow":["GET"]}}],"collection":[{"href":"https:\/\/www.europesays.com\/fr\/wp-json\/wp\/v2\/posts"}],"about":[{"href":"https:\/\/www.europesays.com\/fr\/wp-json\/wp\/v2\/types\/post"}],"author":[{"embeddable":true,"href":"https:\/\/www.europesays.com\/fr\/wp-json\/wp\/v2\/users\/2"}],"replies":[{"embeddable":true,"href":"https:\/\/www.europesays.com\/fr\/wp-json\/wp\/v2\/comments?post=526208"}],"version-history":[{"count":0,"href":"https:\/\/www.europesays.com\/fr\/wp-json\/wp\/v2\/posts\/526208\/revisions"}],"wp:featuredmedia":[{"embeddable":true,"href":"https:\/\/www.europesays.com\/fr\/wp-json\/wp\/v2\/media\/526209"}],"wp:attachment":[{"href":"https:\/\/www.europesays.com\/fr\/wp-json\/wp\/v2\/media?parent=526208"}],"wp:term":[{"taxonomy":"category","embeddable":true,"href":"https:\/\/www.europesays.com\/fr\/wp-json\/wp\/v2\/categories?post=526208"},{"taxonomy":"post_tag","embeddable":true,"href":"https:\/\/www.europesays.com\/fr\/wp-json\/wp\/v2\/tags?post=526208"}],"curies":[{"name":"wp","href":"https:\/\/api.w.org\/{rel}","templated":true}]}}