{"id":52621,"date":"2025-04-25T20:34:18","date_gmt":"2025-04-25T20:34:18","guid":{"rendered":"https:\/\/www.europesays.com\/fr\/52621\/"},"modified":"2025-04-25T20:34:18","modified_gmt":"2025-04-25T20:34:18","slug":"katy-perry-repond-a-ses-detracteurs-apres-son-voyage-dans-lespace-quelquun-a-t-il-deja-qualifie-vos-reves-de-fous","status":"publish","type":"post","link":"https:\/\/www.europesays.com\/fr\/52621\/","title":{"rendered":"Katy Perry r\u00e9pond \u00e0 ses d\u00e9tracteurs apr\u00e8s son voyage dans l&rsquo;espace\u00a0: \u00ab\u00a0Quelqu&rsquo;un a-t-il d\u00e9j\u00e0 qualifi\u00e9 vos r\u00eaves de fous\u00a0?\u00a0\u00bb"},"content":{"rendered":"<p class=\"ap-StoryElement ap-StoryElement--mb ap-StoryText\">Pr\u00e8s de 93 tonnes de CO2 pour 11 minutes dans les airs. Le <a href=\"https:\/\/www.parismatch.be\/actualites\/people\/2025\/04\/14\/katy-perry-sapprete-a-decoller-pour-lespace-suivez-le-vol-en-direct-KOEJAQY7A5DZ5LN7C2CEYW6UYU\/\" target=\"_blank\" rel=\"nofollow noopener\"><b>voyage dans l&rsquo;espace<\/b> de <b>Katy Perry<\/b><\/a>, \u00e0 bord de la capsule Blue Origin, l&rsquo;entreprise spatiale de Jeff Bezos, le 14 avril dernier a relanc\u00e9 les discussions sur le tourisme spatial. Si l&rsquo;\u00e9quipage \u00e9tait <b>100 % f\u00e9minin<\/b>, et avait un caract\u00e8re f\u00e9ministe, c&rsquo;est surtout le c\u00f4t\u00e9 polluant du court trajet qui a cr\u00e9\u00e9 <a href=\"https:\/\/www.parismatch.be\/actualites\/people\/2025\/04\/15\/apres-sa-viree-dans-lespace-katy-perry-vivement-critiquee-sur-les-reseaux-sociaux-je-suis-degoutee-2ZBEED6JMBBMTFRTHFQVG34N74\/\" target=\"_blank\" rel=\"nofollow noopener\">une \u00e9norme pol\u00e9mique<\/a>.<\/p>\n<p><a href=\"https:\/\/www.parismatch.be\/actualites\/people\/2025\/04\/17\/le-voyage-de-katy-perry-dans-lespace-serait-il-totalement-faux-la-folle-theorie-du-complot-qui-retourne-internet-TM373UUFXZEWLE3DAAOKNXHCHM\/\" target=\"_blank\" rel=\"noopener noreferrer nofollow\" class=\"ap-StoryInterstitialLink ap-StoryElement ap-StoryElement--mb\">Le voyage de Katy Perry dans l&rsquo;espace serait-il totalement faux ? La folle th\u00e9orie du complot qui retourne Internet<\/a><\/p>\n<p class=\"ap-StoryElement ap-StoryElement--mb ap-StoryText\">L&rsquo;auteure-compositrice-interpr\u00e8te am\u00e9ricaine, qui a d\u00e9voil\u00e9 la setlist de sa tourn\u00e9e \u00ab\u00a0<b>The Lifetimes Tour\u00a0\u00bb<\/b> en direct de la capsule spatiale pour attirer la foule \u00e0 ses concerts, a r\u00e9agi \u00e0 l&rsquo;affaire en ce milieu de semaine au moment de son premier show \u00e0 <b>Mexico<\/b>. Une performance marqu\u00e9e par des tableaux sur le th\u00e8me de l&rsquo;espace mais aussi des chor\u00e9graphies, des d\u00e9cors suspendus dans les airs ou encore des costumes futuristes.<\/p>\n<p>Pour acc\u00e9der \u00e0 cet article, veuillez vous connecter au r\u00e9seau internet.<\/p>\n","protected":false},"excerpt":{"rendered":"Pr\u00e8s de 93 tonnes de CO2 pour 11 minutes dans les airs. Le voyage dans l&rsquo;espace de Katy&hellip;\n","protected":false},"author":2,"featured_media":52622,"comment_status":"","ping_status":"","sticky":false,"template":"","format":"standard","meta":{"footnotes":""},"categories":[1355],"tags":[972,58,59,386,1011,27,1361,873,973,43],"class_list":{"0":"post-52621","1":"post","2":"type-post","3":"status-publish","4":"format-standard","5":"has-post-thumbnail","7":"category-musique","8":"tag-celebrite","9":"tag-divertissement","10":"tag-entertainment","11":"tag-espace","12":"tag-fr","13":"tag-france","14":"tag-music","15":"tag-musique","16":"tag-people","17":"tag-science"},"share_on_mastodon":{"url":"https:\/\/pubeurope.com\/@fr\/114400517424404770","error":""},"_links":{"self":[{"href":"https:\/\/www.europesays.com\/fr\/wp-json\/wp\/v2\/posts\/52621","targetHints":{"allow":["GET"]}}],"collection":[{"href":"https:\/\/www.europesays.com\/fr\/wp-json\/wp\/v2\/posts"}],"about":[{"href":"https:\/\/www.europesays.com\/fr\/wp-json\/wp\/v2\/types\/post"}],"author":[{"embeddable":true,"href":"https:\/\/www.europesays.com\/fr\/wp-json\/wp\/v2\/users\/2"}],"replies":[{"embeddable":true,"href":"https:\/\/www.europesays.com\/fr\/wp-json\/wp\/v2\/comments?post=52621"}],"version-history":[{"count":0,"href":"https:\/\/www.europesays.com\/fr\/wp-json\/wp\/v2\/posts\/52621\/revisions"}],"wp:featuredmedia":[{"embeddable":true,"href":"https:\/\/www.europesays.com\/fr\/wp-json\/wp\/v2\/media\/52622"}],"wp:attachment":[{"href":"https:\/\/www.europesays.com\/fr\/wp-json\/wp\/v2\/media?parent=52621"}],"wp:term":[{"taxonomy":"category","embeddable":true,"href":"https:\/\/www.europesays.com\/fr\/wp-json\/wp\/v2\/categories?post=52621"},{"taxonomy":"post_tag","embeddable":true,"href":"https:\/\/www.europesays.com\/fr\/wp-json\/wp\/v2\/tags?post=52621"}],"curies":[{"name":"wp","href":"https:\/\/api.w.org\/{rel}","templated":true}]}}