{"id":526214,"date":"2025-11-11T02:30:24","date_gmt":"2025-11-11T02:30:24","guid":{"rendered":"https:\/\/www.europesays.com\/fr\/526214\/"},"modified":"2025-11-11T02:30:24","modified_gmt":"2025-11-11T02:30:24","slug":"loire-ils-lancent-un-chantier-solidaire-pour-entretenir-la-ligne-clermont","status":"publish","type":"post","link":"https:\/\/www.europesays.com\/fr\/526214\/","title":{"rendered":"Loire : ils lancent un chantier solidaire pour entretenir la ligne Clermont"},"content":{"rendered":"<p><img decoding=\"async\" class=\"\" style=\"width:100%\" src=\"https:\/\/www.europesays.com\/fr\/wp-content\/uploads\/2025\/11\/IMG_63951762753451805.jpg\" alt=\"Ils \u00e9taient environ une centaine \u00e0 participer \u00e0 ce chantier solidaire. \"\/><\/p>\n<p>Ils \u00e9taient environ une centaine \u00e0 participer \u00e0 ce chantier solidaire. <\/p>\n<p>Cr\u00e9dit : X \/ LeTrain634269 @pierregleizes.com<\/p>\n<p>Ce samedi 8 novembre, pr\u00e8s de 100 volontaires ont rouvert, symboliquement, la voie ferroviaire entre Thiers et Boen. Les membres de l\u2019association \u00ab Le train 634269 \u00bb, qui militent pour la r\u00e9ouverture de la ligne TER entre Clermont-Ferrand et Saint-Etienne, qui est ferm\u00e9e depuis 2016, ont en fait r\u00e9alis\u00e9 cette action coup de poing avec ce chantier participatif pour continuer le combat qu&rsquo;ils m\u00e8nent depuis des ann\u00e9es.\u00a0<\/p>\n<p>Ce week-end, ils \u00e9taient donc sur le tron\u00e7on ferroviaire entre Thiers et Boen pour entretenir cette partie o\u00f9 la v\u00e9g\u00e9tation avait logiquement repris ses droits.<\/p>\n","protected":false},"excerpt":{"rendered":"Ils \u00e9taient environ une centaine \u00e0 participer \u00e0 ce chantier solidaire. Cr\u00e9dit : X \/ LeTrain634269 @pierregleizes.com Ce&hellip;\n","protected":false},"author":2,"featured_media":526215,"comment_status":"","ping_status":"","sticky":false,"template":"","format":"standard","meta":{"footnotes":""},"categories":[9653],"tags":[1111,11,2430,1271,9050,1777,674,1011,27,3367,12,25,4001,6472,926],"class_list":{"0":"post-526214","1":"post","2":"type-post","3":"status-publish","4":"format-standard","5":"has-post-thumbnail","7":"category-saint-etienne","8":"tag-actu","9":"tag-actualites","10":"tag-auvergne-rhone-alpes","11":"tag-cgt","12":"tag-clermont-ferrand","13":"tag-eu","14":"tag-europe","15":"tag-fr","16":"tag-france","17":"tag-loire","18":"tag-news","19":"tag-republique-francaise","20":"tag-saint-etienne","21":"tag-ter","22":"tag-train"},"share_on_mastodon":{"url":"https:\/\/pubeurope.com\/@fr\/115528717568588618","error":""},"_links":{"self":[{"href":"https:\/\/www.europesays.com\/fr\/wp-json\/wp\/v2\/posts\/526214","targetHints":{"allow":["GET"]}}],"collection":[{"href":"https:\/\/www.europesays.com\/fr\/wp-json\/wp\/v2\/posts"}],"about":[{"href":"https:\/\/www.europesays.com\/fr\/wp-json\/wp\/v2\/types\/post"}],"author":[{"embeddable":true,"href":"https:\/\/www.europesays.com\/fr\/wp-json\/wp\/v2\/users\/2"}],"replies":[{"embeddable":true,"href":"https:\/\/www.europesays.com\/fr\/wp-json\/wp\/v2\/comments?post=526214"}],"version-history":[{"count":0,"href":"https:\/\/www.europesays.com\/fr\/wp-json\/wp\/v2\/posts\/526214\/revisions"}],"wp:featuredmedia":[{"embeddable":true,"href":"https:\/\/www.europesays.com\/fr\/wp-json\/wp\/v2\/media\/526215"}],"wp:attachment":[{"href":"https:\/\/www.europesays.com\/fr\/wp-json\/wp\/v2\/media?parent=526214"}],"wp:term":[{"taxonomy":"category","embeddable":true,"href":"https:\/\/www.europesays.com\/fr\/wp-json\/wp\/v2\/categories?post=526214"},{"taxonomy":"post_tag","embeddable":true,"href":"https:\/\/www.europesays.com\/fr\/wp-json\/wp\/v2\/tags?post=526214"}],"curies":[{"name":"wp","href":"https:\/\/api.w.org\/{rel}","templated":true}]}}