{"id":526216,"date":"2025-11-11T02:31:12","date_gmt":"2025-11-11T02:31:12","guid":{"rendered":"https:\/\/www.europesays.com\/fr\/526216\/"},"modified":"2025-11-11T02:31:12","modified_gmt":"2025-11-11T02:31:12","slug":"valises-marocaines-munitions-et-voiture-volee-plus-de-800-kg-de-cannabis-destines-aux-reseaux-lyonnais-et-stephanois-saisis","status":"publish","type":"post","link":"https:\/\/www.europesays.com\/fr\/526216\/","title":{"rendered":"Valises marocaines, munitions et voiture vol\u00e9e\u00a0: plus de 800\u00a0kg de cannabis destin\u00e9s aux r\u00e9seaux lyonnais et st\u00e9phanois saisis"},"content":{"rendered":"<p class=\"paragraph text_align_left lp-f-body-02\">Les stocks \u00e9taient vou\u00e9s \u00e0 alimenter les <a href=\"https:\/\/www.leparisien.fr\/faits-divers\/poissy-plusieurs-fois-demantele-le-point-de-vente-de-cannabis-setait-diversifie-avec-la-livraison-a-domicile-09-11-2025-YET3XLRBZBG7LCG6BWNPT6HAZI.php\" target=\"_self\" rel=\"nofollow noopener\">r\u00e9seaux de stup\u00e9fiants<\/a> lyonnais et st\u00e9phanois. Plus de 800 kg de cannabis ont \u00e9t\u00e9 saisis fin octobre et quatre suspects ont \u00e9t\u00e9 mis en examen et plac\u00e9s en d\u00e9tention provisoire, a annonc\u00e9 lundi la direction interd\u00e9partementale de la police nationale du <a href=\"https:\/\/www.leparisien.fr\/rhone-69\/\" target=\"_self\" rel=\"nofollow noopener\">Rh\u00f4ne<\/a>.<\/p>\n<p class=\"paragraph text_align_left lp-f-body-02\">Ces derniers ont \u00e9t\u00e9 arr\u00eat\u00e9s les 20 et 21 octobre dans le cadre d\u2019une op\u00e9ration conjointe des policiers de l\u2019antenne lyonnaise de l\u2019office antistup\u00e9fiants (Ofast) et de ceux de la Division de la criminalit\u00e9 organis\u00e9e et sp\u00e9cialis\u00e9e (DCOS) de la Loire, pr\u00e9cise-t-elle dans un communiqu\u00e9.<\/p>\n<p class=\"paragraph text_align_left lp-f-body-02\">Initi\u00e9e durant l\u2019automne 2024, l\u2019enqu\u00eate a permis de remonter \u00e0 trois d\u2019entre eux, le premier stockant au domicile familial, pr\u00e8s de Lyon, des \u00ab centaines de kilos de r\u00e9sine de cannabis \u00bb provenant d\u2019Espagne, et les deux autres \u00ab participant activement au trafic dans la <a href=\"https:\/\/www.leparisien.fr\/loire-42\/\" target=\"_self\" rel=\"nofollow noopener\">Loire<\/a> \u00bb, ajoute-t-elle.<\/p>\n<p>Valises marocaines<\/p>\n<p class=\"paragraph text_align_left lp-f-body-02\">Les trois hommes ont \u00e9t\u00e9 ensuite interpell\u00e9s par les enqu\u00eateurs qui ont notamment r\u00e9cup\u00e9r\u00e9 chez l\u2019un d\u2019eux \u00ab 342 kg de r\u00e9sine de cannabis, une arme de poing \u00bb, ainsi que \u00ab 109 munitions et des emballages vides \u00bb de <a href=\"https:\/\/www.leparisien.fr\/seine-saint-denis-93\/rosny-sous-bois-93110\/rosny-sous-bois-des-valises-marocaines-remplies-de-stupefiants-saisies-dans-un-appartement-airbnb-29-05-2025-GMMGQUBDYFHPPJC5XXBRTW2ISI.php\" target=\"_self\" rel=\"nofollow noopener\">valises marocaines<\/a> (paquets en carton ferm\u00e9s par un adh\u00e9sif), selon la m\u00eame source.<\/p>\n<p class=\"lp-card-podcast-highlighting__title  lp-f-subtitle-05\">[4\/4] L\u2019assassinat du PDG de Renault\u00a0: la sanglante \u00e9pop\u00e9e du groupe Action directe<\/p>\n<p class=\"lp-card-podcast-highlighting__description lp-f-ui-05\">Crime story raconte chaque semaine les grandes affaires criminelles.<\/p>\n<p><a class=\"lp-card-podcast-highlighting__call-to-action\" data-page-type=\"HP\" data-block-name=\"podcast-highlight\">\u00c9couter<\/a><\/p>\n<p class=\"paragraph text_align_left lp-f-body-02\">La perquisition d\u2019un box dans la Loire a aussi permis la d\u00e9couverte de \u00ab 478 kg de cannabis \u00bb contenus dans \u00ab neuf valises marocaines \u00bb et six grands sacs de stockage ainsi que celle d\u2019un \u00ab v\u00e9hicule vol\u00e9 \u00bb. Quelque 17 000 euros en liquide ont \u00e9galement \u00e9t\u00e9 saisis dans l\u2019appartement d\u2019un des trois mis en cause.<\/p>\n<p class=\"paragraph text_align_left lp-f-body-02\">Le lendemain de cette op\u00e9ration, le quatri\u00e8me suspect, un trafiquant st\u00e9phanois en lien avec le trafic, a \u00e9t\u00e9 arr\u00eat\u00e9 chez lui, la police ayant retrouv\u00e9 \u00e0 son domicile et chez sa m\u00e8re \u00ab deux fusils d\u2019assaut, deux armes de poing, une centaine de munitions \u00bb et \u00ab un gilet par balle \u00bb, a conclu le communiqu\u00e9.<\/p>\n","protected":false},"excerpt":{"rendered":"Les stocks \u00e9taient vou\u00e9s \u00e0 alimenter les r\u00e9seaux de stup\u00e9fiants lyonnais et st\u00e9phanois. Plus de 800 kg de&hellip;\n","protected":false},"author":2,"featured_media":526217,"comment_status":"","ping_status":"","sticky":false,"template":"","format":"standard","meta":{"footnotes":""},"categories":[9653],"tags":[1111,11,2430,459,1777,674,118,1011,27,12,25,4001],"class_list":{"0":"post-526216","1":"post","2":"type-post","3":"status-publish","4":"format-standard","5":"has-post-thumbnail","7":"category-saint-etienne","8":"tag-actu","9":"tag-actualites","10":"tag-auvergne-rhone-alpes","11":"tag-departements-horsidfo","12":"tag-eu","13":"tag-europe","14":"tag-faits-divers","15":"tag-fr","16":"tag-france","17":"tag-news","18":"tag-republique-francaise","19":"tag-saint-etienne"},"share_on_mastodon":{"url":"https:\/\/pubeurope.com\/@fr\/115528720874056279","error":""},"_links":{"self":[{"href":"https:\/\/www.europesays.com\/fr\/wp-json\/wp\/v2\/posts\/526216","targetHints":{"allow":["GET"]}}],"collection":[{"href":"https:\/\/www.europesays.com\/fr\/wp-json\/wp\/v2\/posts"}],"about":[{"href":"https:\/\/www.europesays.com\/fr\/wp-json\/wp\/v2\/types\/post"}],"author":[{"embeddable":true,"href":"https:\/\/www.europesays.com\/fr\/wp-json\/wp\/v2\/users\/2"}],"replies":[{"embeddable":true,"href":"https:\/\/www.europesays.com\/fr\/wp-json\/wp\/v2\/comments?post=526216"}],"version-history":[{"count":0,"href":"https:\/\/www.europesays.com\/fr\/wp-json\/wp\/v2\/posts\/526216\/revisions"}],"wp:featuredmedia":[{"embeddable":true,"href":"https:\/\/www.europesays.com\/fr\/wp-json\/wp\/v2\/media\/526217"}],"wp:attachment":[{"href":"https:\/\/www.europesays.com\/fr\/wp-json\/wp\/v2\/media?parent=526216"}],"wp:term":[{"taxonomy":"category","embeddable":true,"href":"https:\/\/www.europesays.com\/fr\/wp-json\/wp\/v2\/categories?post=526216"},{"taxonomy":"post_tag","embeddable":true,"href":"https:\/\/www.europesays.com\/fr\/wp-json\/wp\/v2\/tags?post=526216"}],"curies":[{"name":"wp","href":"https:\/\/api.w.org\/{rel}","templated":true}]}}