{"id":526222,"date":"2025-11-11T02:36:28","date_gmt":"2025-11-11T02:36:28","guid":{"rendered":"https:\/\/www.europesays.com\/fr\/526222\/"},"modified":"2025-11-11T02:36:28","modified_gmt":"2025-11-11T02:36:28","slug":"troisieme-acte-criminel-identique-en-un-an-y-a-t-il-un-lien","status":"publish","type":"post","link":"https:\/\/www.europesays.com\/fr\/526222\/","title":{"rendered":"troisi\u00e8me acte criminel identique en un an, y a t-il un lien\u00a0?"},"content":{"rendered":"<p>            Par<br \/>\n        <strong><br \/>\n            <a href=\"https:\/\/actu.fr\/auteur\/jm-aubert\" title=\"Consulter tous les articles de Jean-Marc Aubert\" rel=\"nofollow noopener\" target=\"_blank\">Jean-Marc Aubert<\/a><br \/>\n        <\/strong><\/p>\n<p>        Publi\u00e9 le<\/p>\n<p>            10 nov. 2025 \u00e0 10h41        <\/p>\n<p>En l\u2019espace d\u2019un an, <strong>trois \u00e9piceries de nuit<\/strong> ont \u00e9t\u00e9 volontairement<strong> incendi\u00e9es<\/strong> \u00e0 <strong>Montpellier,<\/strong> des actes criminels qui ont fait deux morts, au milieu de la nuit du 6 au 7 octobre 2024, dans la quartier ouest du Pas du Loup : vers 3h40, l\u2019\u00e9picier qui dormait dans le commerce et un jeune de la cit\u00e9 venu \u00e0 son secours sont d\u00e9c\u00e9d\u00e9s, carbonis\u00e9s l\u2019un au fond du commerce, l\u2019autre dans une voiture. L\u2019enqu\u00eate de la <strong>police judiciaire<\/strong> n\u2019a pas encore abouti, elle se poursuit activement.<\/p>\n<p class=\" wall-content\">Peu apr\u00e8s, dans la nuit du 9 au 10 octobre 2024, c\u2019est une \u00e9picerie de nuit qui \u00e9tait br\u00fbl\u00e9e, sur l\u2019avenue de Toulouse : des inconnus encagoul\u00e9s, arm\u00e9s et porteurs de bidons de carburant ont fait irruption, ont fait fuir l\u2019employ\u00e9 et les clients, avant de r\u00e9pandre au sol l\u2019essence et de craquer une allumette. La voiture utilis\u00e9e par les incendiaires a \u00e9t\u00e9 retrouv\u00e9e incendi\u00e9e non loin de l\u00e0, dans une rue du Mas Drevon.\u00a0L\u2019\u00e9tablissement est toujours ferm\u00e9.<\/p>\n<p class=\" wall-content\">C\u2019est exactement le m\u00eame sc\u00e9nario qui est survenu dans la nuit du 6 au 7 novembre 2025, vers 1h15, dans l\u2019\u00e9picerie Slimaxx, sur l\u2019avenue du Mar\u00e9chal Leclerc, dans la cit\u00e9 Saint-Martin. Un inconnu encagoul\u00e9, arm\u00e9 et transportant un bidon d\u2019essence s\u2019est pr\u00e9sent\u00e9 au moment o\u00f9 les deux salari\u00e9s et un client \u00e9taient pr\u00e9sents. Apr\u00e8s avoir braqu\u00e9 et ordonn\u00e9 aux t\u00e9moins de s\u2019enfuir, il a d\u00e9vers\u00e9 le produit inflammable au sol. On conna\u00eet la suite.<\/p>\n<p>D\u00e9j\u00e0 vis\u00e9 par des coups de feu<\/p>\n<p class=\" wall-content\">Le propri\u00e9taire de cette \u00e9picerie poss\u00e8de deux autres commerces dans le quartier Saint-Martin, o\u00f9 ces derniers mois, il aurait essay\u00e9 des tirs d\u2019armes \u00e0 feu, des coups \u00e0 l\u2019arme blanche et vis\u00e9 par des menaces de mort. \u00c9tait-ce des avertissements qui n\u2019ont pas \u00e9t\u00e9 suivis d\u2019effet par ces \u00e9piciers ?<\/p>\n<p>Vid\u00e9os : en ce moment sur Actu<\/p>\n<p class=\" wall-content\">La police judiciaire tente d\u2019\u00e9tablir un lien \u00e9ventuel entre ces trois actions violentes au sc\u00e9nario similaire, avec cette interrogation : faut-il suivre la piste locale, avec un ou des concurrents voulant se d\u00e9barrasser d\u2019autres commer\u00e7ants qui font de l\u2019ombre ? Sont-ils rackett\u00e9s avec le refus de \u00ab\u00a0cracher au bassinet\u00a0\u00bb ? Ou bien les enqu\u00eateurs doivent t\u2019ils \u00a0s\u2019int\u00e9resser \u00e0 la piste de la <strong>DZ Mafia <\/strong>de Marseille, qui, apr\u00e8s avoir tiss\u00e9 sa toile \u00e0 N\u00eemes, prospecte autour de points de deal de Montpellier ?<\/p>\n<p>Inconnus v\u00eatus de noir\u00a0<\/p>\n<p class=\" wall-content\">Selon nos informations, gr\u00e2ce \u00e0 son t\u00e9l\u00e9phone portable, un trafiquant de drogue de Montpellier incarc\u00e9r\u00e9 dans un centre p\u00e9nitentiaire des Bouches-du-Rh\u00f4ne, se serait rapproch\u00e9 de cette bande de narcotrafiquants ancr\u00e9e dans les quartiers nord de la cit\u00e9 phoc\u00e9enne pour surveiller le fonctionnement de ses points de deal -Saint-Martin, Cit\u00e9 G\u00e9ly les Marels et Aiguelongue- car il continue de g\u00e9rer son business juteux depuis sa cellule. Ainsi, les dealers, toujours sous la coupe du narcotrafiquant montpelli\u00e9rain, ont \u00e9t\u00e9 fermement rappel\u00e9s \u00e0 l\u2019ordre : des inconnus enti\u00e8rement v\u00eatus de noir, encagoul\u00e9s et avec des lunettes de soleil pour dissimuler la couleur de leurs yeux sont venus malmener ces petites mains du trafiquant autour des points de deal de la cit\u00e9 Saint-Martin, comme <strong>M\u00e9tropolitain<\/strong> l\u2019a r\u00e9cemment r\u00e9v\u00e9l\u00e9.<\/p>\n<p>Votre r\u00e9gion, votre actu !<\/p>\n<p>Recevez chaque jour les infos qui comptent pour vous.<\/p>\n<p>\t<a href=\"https:\/\/actu.fr\/newsletter\" class=\"ac-btn ac-btn--corner ac-btn--medium ac-btn--blue800\" rel=\"nofollow noopener\" target=\"_blank\">S&rsquo;incrire<\/a><\/p>\n<p class=\" wall-content\">D\u00e9tail relev\u00e9 par les enqu\u00eateurs du Service d\u00e9partemental de police judiciaire -Sipj- de Montpellier qui d\u00e9pend de la DIPN 34 : l\u2019incendiaire de l\u2019autre nuit de l\u2019\u00e9picerie Slimaxx \u00e9tait habill\u00e9 en noir de la t\u00eate aux pieds\u2026\u00a0<\/p>\n<p>\u00ab\u00a0Mort en h\u00e9ros\u00a0\u00bb<\/p>\n<p class=\" wall-content\">Un an apr\u00e8s l\u2019effroyable mort de Lakhdar Sebaa, l\u2019\u00e9picier et de Salah Eddine El Ibrimi, 30 ans, personne ne les oublie dans le quartier du Pas du Loup. Pourquoi le commer\u00e7ant qui venait de r\u00e9nover enti\u00e8rement l\u2019\u00e9picerie dormait t-il au fond ? Les policiers n\u2019ont toujours pas r\u00e9pondu \u00e0 cette question. Les incendiaires le savaient t-il ou est-ce qu\u2019ils l\u2019ignoraient ? Selon nos informations, Lakhdar Sebaa aurait \u00e9t\u00e9 harcel\u00e9 depuis des mois avant le drame pour vendre son \u00e9picerie tr\u00e8s convoit\u00e9e \u00e0 un narcotrafiquant. Rien n\u2019est \u00e9tabli toutefois.<\/p>\n<p class=\" wall-content\">Jusqu\u2019au bout, Salah Eddine El Ibrimi qui regagnait son domicile quand il a vu l\u2019\u00e9picerie en flammes a tent\u00e9 de sortir Lakhdar Sebaa, bloqu\u00e9 au fond par un rideau de flammes,\u00a0\u00e0 mains nues dans un premier temps, puis au volant de son v\u00e9hicule en le lan\u00e7ant comme une voiture-b\u00e9lier. H\u00e9las, ils ont p\u00e9ri carbonis\u00e9s. Un drame survenu sous les yeux de deux amis de Salah Eddine El Ibrimli, <strong>\u00ab\u00a0mort en h\u00e9ros\u00a0\u00bb<\/strong> comme le rappelle t-on dans la cit\u00e9 du Pas du Loup : avant qu\u2019il n\u2019utilise une voiture pour d\u00e9foncer l\u2019entr\u00e9e de l\u2019\u00e9picerie, ils ont vainement tenter d\u2019y p\u00e9n\u00e9trer \u00e0 coups de pied et d\u2019\u00e9paule.\u00a0<\/p>\n<p class=\" wall-content\">Cette sc\u00e8ne d\u2019horreur va les hanter jusqu\u2019\u00e0 la fin de leur vie, avec cette phrase de leur copain Salah qui r\u00e9sonne encore dans les t\u00eates : <strong>\u00ab\u00a0Tonton, je vais te sortir de l\u00e0\u00a0\u00bb<\/strong>, en grimpant au violant de la voiture.\u00a0Il surnommait le commer\u00e7ant \u00ab\u00a0tonton\u00a0\u00bb, r\u00e9fugi\u00e9 au fond de l\u2019\u00e9picerie et encore vivant dans le brasier, avant que ces deux amis ne soient pi\u00e9g\u00e9s. Les auteurs courent toujours.<\/p>\n<p class=\" wall-content\">Personnalisez votre actualit\u00e9 en ajoutant vos villes et m\u00e9dias en favori avec <a href=\"https:\/\/moncompte.actu.fr\" title=\"D\u00e9couvez Mon Actu\" rel=\"nofollow noopener\" data-trk=\"{&quot;cta&quot;:{&quot;action&quot;:&quot;https:\\\/\\\/moncompte.actu.fr&quot;,&quot;category&quot;:&quot;mon compte&quot;,&quot;from&quot;:&quot;article footer&quot;,&quot;name&quot;:&quot;Mon actu&quot;,&quot;type&quot;:&quot;cta&quot;}}\" target=\"_blank\">Mon Actu<\/a>.<\/p>\n","protected":false},"excerpt":{"rendered":"Par Jean-Marc Aubert Publi\u00e9 le 10 nov. 2025 \u00e0 10h41 En l\u2019espace d\u2019un an, trois \u00e9piceries de nuit&hellip;\n","protected":false},"author":2,"featured_media":526223,"comment_status":"","ping_status":"","sticky":false,"template":"","format":"standard","meta":{"footnotes":""},"categories":[9599],"tags":[1111,11,1777,674,118,1011,27,1310,303,2208,12,2680,1072,25],"class_list":{"0":"post-526222","1":"post","2":"type-post","3":"status-publish","4":"format-standard","5":"has-post-thumbnail","7":"category-montpellier","8":"tag-actu","9":"tag-actualites","10":"tag-eu","11":"tag-europe","12":"tag-faits-divers","13":"tag-fr","14":"tag-france","15":"tag-incendie","16":"tag-justice","17":"tag-montpellier","18":"tag-news","19":"tag-occitanie","20":"tag-police","21":"tag-republique-francaise"},"share_on_mastodon":{"url":"https:\/\/pubeurope.com\/@fr\/115528740655328520","error":""},"_links":{"self":[{"href":"https:\/\/www.europesays.com\/fr\/wp-json\/wp\/v2\/posts\/526222","targetHints":{"allow":["GET"]}}],"collection":[{"href":"https:\/\/www.europesays.com\/fr\/wp-json\/wp\/v2\/posts"}],"about":[{"href":"https:\/\/www.europesays.com\/fr\/wp-json\/wp\/v2\/types\/post"}],"author":[{"embeddable":true,"href":"https:\/\/www.europesays.com\/fr\/wp-json\/wp\/v2\/users\/2"}],"replies":[{"embeddable":true,"href":"https:\/\/www.europesays.com\/fr\/wp-json\/wp\/v2\/comments?post=526222"}],"version-history":[{"count":0,"href":"https:\/\/www.europesays.com\/fr\/wp-json\/wp\/v2\/posts\/526222\/revisions"}],"wp:featuredmedia":[{"embeddable":true,"href":"https:\/\/www.europesays.com\/fr\/wp-json\/wp\/v2\/media\/526223"}],"wp:attachment":[{"href":"https:\/\/www.europesays.com\/fr\/wp-json\/wp\/v2\/media?parent=526222"}],"wp:term":[{"taxonomy":"category","embeddable":true,"href":"https:\/\/www.europesays.com\/fr\/wp-json\/wp\/v2\/categories?post=526222"},{"taxonomy":"post_tag","embeddable":true,"href":"https:\/\/www.europesays.com\/fr\/wp-json\/wp\/v2\/tags?post=526222"}],"curies":[{"name":"wp","href":"https:\/\/api.w.org\/{rel}","templated":true}]}}