{"id":526226,"date":"2025-11-11T02:39:43","date_gmt":"2025-11-11T02:39:43","guid":{"rendered":"https:\/\/www.europesays.com\/fr\/526226\/"},"modified":"2025-11-11T02:39:43","modified_gmt":"2025-11-11T02:39:43","slug":"jeudi-du-savoir-prendre-la-pose-francois-joseph-talma-lacteur-de-napoleon-conferences-roumare-date-horaires-tarifs","status":"publish","type":"post","link":"https:\/\/www.europesays.com\/fr\/526226\/","title":{"rendered":"Jeudi du savoir \u00ab\u00a0Prendre la pose : Fran\u00e7ois-Joseph Talma, l\u2019acteur de Napol\u00e9on\u00a0\u00bb, Conf\u00e9rences Roumare : date, horaires, tarifs"},"content":{"rendered":"<p class=\"fw-bold font-size-16 my-1\"> Le 19\/03\/2026<\/p>\n<p class=\"fw-bold font-size-16 my-1\"> Biblioth\u00e8que municipale Pierre Claise,<br \/>\nPlace de la Libert\u00e9 | <a href=\"https:\/\/www.jds.fr\/rouen\/roumare-31437_V\" rel=\"nofollow noopener\" target=\"_blank\">Roumare<\/a><\/p>\n<p class=\"fw-bold font-size-16 my-1\"> NC <\/p>\n<p>Solidarit\u00e9 R\u00e9fugi\u00e9s Roumare vous propose la conf\u00e9rence \u00ab Prendre la pose\u00a0: Fran\u00e7ois-Joseph Talma, l\u2019acteur de Napol\u00e9on\u00a0\u00bb, anim\u00e9e par Florence Filippi.<\/p>\n<p>La Com\u00e9die-Fran\u00e7aise va c\u00e9l\u00e9brer, en 2026, le bicentenaire du trag\u00e9dien Fran\u00e7ois-Joseph Talma (1763-1826), qui fut aussi l\u2019acteur favori de Napol\u00e9on Ier. Son exemple correspond \u00e0 une p\u00e9riode de m\u00e9diatisation in\u00e9dite des carri\u00e8res th\u00e9\u00e2trales. D\u00e9sormais, la reconnaissance d\u2019un interpr\u00e8te ne repose plus sur la seule transmission d\u2019un savoir-faire\u00a0; il doit aussi s\u2019inspirer d\u2019autres arts, en particulier la peinture, pour s\u2019inscrire durablement dans le champ litt\u00e9raire et journalistique et construire une m\u00e9moire de son jeu.<\/p>\n<p>Talma devient ainsi, d\u00e8s la p\u00e9riode r\u00e9volutionnaire, une c\u00e9l\u00e9brit\u00e9 qui s\u2019appuie sur un syst\u00e8me de promotion moderne, proche du pouvoir politique et \u00e9conomique, mais aussi un artiste qui participe \u00e0 l\u2019\u00e9criture, \u00e0 la mise en sc\u00e8ne et \u00e0 l\u2019imagination de ses r\u00f4les.<\/p>\n<p>Son parcours montre qu\u2019un com\u00e9dien peut \u00eatre reconnu l\u00e9gitimement comme vedette et produit commercial, sans renier son image d\u2019artiste ind\u00e9pendant.<\/p>\n<p>Admir\u00e9 \u00e0 la fois pour son art et pour son nom, Talma incarne la fusion entre deux principes en apparence contradictoires\u00a0: cr\u00e9er et \u00eatre cr\u00e9\u00e9, concilier l\u2019image d\u2019artiste cr\u00e9ateur et celle de cr\u00e9ature fabriqu\u00e9e pour le succ\u00e8s.<\/p>\n<p class=\"text-italic font-size-12\">Cet \u00e9v\u00e9nement a \u00e9t\u00e9 renseign\u00e9 par un organisme institutionnel (Office de Tourisme Normandie Caux Vexin). Date de derni\u00e8re mise \u00e0 jour le 10\/11\/2025.<\/p>\n<p>            Renseignements<\/p>\n<p><strong class=\"font-size-18\">O\u00f9\u00a0:<\/strong><br \/> Biblioth\u00e8que municipale Pierre Claise,<br \/>\nPlace de la Libert\u00e9<a class=\"mt-1 d-block ps-4\" href=\"https:\/\/www.jds.fr\/rouen\/roumare-31437_V\" rel=\"nofollow noopener\" target=\"_blank\"> 76480 Roumare<\/a><\/p>\n<p>Dates et horaires\u00a0: <\/p>\n<ul class=\"liste-dates list-unstyled\" id=\"liste-dates-6912709584a9e\">\n<li>Jeudi 19 Mars 2026 \u00e0 18h30<\/li>\n<\/ul>\n<p>Tarifs\u00a0:  <\/p>\n<p>Dans la m\u00eame rubrique<\/p>\n<ul class=\"mt-3 list-unstyled list-articles-v2\">\n<li class=\"col-12 pt-4\" data-view-id-type=\"1\" data-view-id=\"264945\" data-view-bc=\"0\"><a class=\"d-block titre text-black mb-1 mb-md-2\" href=\"https:\/\/www.jds.fr\/rouen\/manifestations\/fete-foraine\/foire-saint-romain-264945_A\" rel=\"nofollow noopener\" target=\"_blank\">Foire Saint-Romain \u00e0 Rouen<\/a>Jusqu&rsquo;au 23\/11\/2025 RouenDu 24 octobre au 23 novembre 2025, la Foire Saint-Romain de Rouen sera de retour\u00a0! La deuxi\u00e8me plus grande f\u00eate foraine de France s\u2019installe dans la [\u2026]<a class=\"image\" href=\"https:\/\/www.jds.fr\/rouen\/manifestations\/fete-foraine\/foire-saint-romain-264945_A\" rel=\"nofollow noopener\" target=\"_blank\"><img decoding=\"async\" loading=\"lazy\" src=\"https:\/\/www.europesays.com\/fr\/wp-content\/uploads\/2025\/10\/foire-saint-romain-a-rouen-722897-180-180.webp.webp\" width=\"180\" height=\"180\" alt=\"Foire Saint-Romain \u00e0 Rouen\" class=\"border\"\/><\/a><\/li>\n<li class=\"col-12 pt-4\" data-view-id-type=\"1\" data-view-id=\"841238\" data-view-bc=\"0\"><a class=\"d-block titre text-black mb-1 mb-md-2\" href=\"https:\/\/www.jds.fr\/rouen\/manifestations\/visites\/fete-des-affaires-au-chateau-de-vascoeuil-841238_A\" rel=\"nofollow noopener\" target=\"_blank\">F\u00eate des Affaires au Ch\u00e2teau de Vascoeuil<\/a>Jusqu&rsquo;au 11\/11\/2025 Vascoeuil<br \/>\nFin de saison 2025\u00a0: Faites la\u00a0\u00ab\u00a0f\u00eate des affaires\u00a0\u00bb au Ch\u00e2teau de Vascoeuil afin de d\u00e9stocker au maximum pour faire le plein de nouveaut\u00e9s au printemps 2026. Une [\u2026]<a class=\"image\" href=\"https:\/\/www.jds.fr\/rouen\/manifestations\/visites\/fete-des-affaires-au-chateau-de-vascoeuil-841238_A\" rel=\"nofollow noopener\" target=\"_blank\"><img decoding=\"async\" loading=\"lazy\" src=\"https:\/\/www.europesays.com\/fr\/wp-content\/uploads\/2025\/06\/1750663687_222_visite-guidee-141572-180-180.webp.webp\" width=\"180\" height=\"180\" alt=\"F\u00eate des Affaires au Ch\u00e2teau de Vascoeuil\" class=\"border\"\/><\/a><\/li>\n<li class=\"li_gp_div\">\n<\/li>\n<li class=\"col-12 pt-4\" data-view-id-type=\"1\" data-view-id=\"915541\" data-view-bc=\"0\"><a class=\"d-block titre text-black mb-1 mb-md-2\" href=\"https:\/\/www.jds.fr\/rouen\/manifestations\/visites\/cite-immersive-vikings-915541_A\" rel=\"nofollow noopener\" target=\"_blank\">Cit\u00e9 Immersive Vikings<\/a>Du 11\/11\/2025 au 31\/03\/2026 RouenNouveau lieu culturel, d\u00e9di\u00e9 \u00e0 l&rsquo;histoire des Vikings en Normandie. Situ\u00e9 sur les bords de Seine \u00e0 Rouen, La Cit\u00e9 Immersive Viking propose une exp\u00e9rience spectaculaire, [\u2026]<a class=\"image\" href=\"https:\/\/www.jds.fr\/rouen\/manifestations\/visites\/cite-immersive-vikings-915541_A\" rel=\"nofollow noopener\" target=\"_blank\"><img decoding=\"async\" loading=\"lazy\" src=\"https:\/\/www.europesays.com\/fr\/wp-content\/uploads\/2025\/06\/1750663687_222_visite-guidee-141572-180-180.webp.webp\" width=\"180\" height=\"180\" alt=\"Cit\u00e9 Immersive Vikings\" class=\"border\"\/><\/a><\/li>\n<li class=\"col-12 pt-4\" data-view-id-type=\"1\" data-view-id=\"1177697\" data-view-bc=\"0\"><a class=\"image\" href=\"https:\/\/www.jds.fr\/rouen\/manifestations\/sentiers-brumeux-temoignages-memoires-de-guerre-en-pays-de-caux-1177697_A\" rel=\"nofollow noopener\" target=\"_blank\"><img decoding=\"async\" loading=\"lazy\" src=\"https:\/\/www.europesays.com\/fr\/wp-content\/uploads\/2025\/06\/1750663688_902_manifestations-image-d-illustration-ia-canva-453562-180-180.webp.webp\" width=\"180\" height=\"180\" alt=\"Sentiers Brumeux : t\u00e9moignages m\u00e9moires de guerre en Pays de Caux\" class=\"border\"\/><\/a><\/li>\n<li class=\"col-12 pt-4\" data-view-id-type=\"1\" data-view-id=\"1120066\" data-view-bc=\"0\"><a class=\"d-block titre text-black mb-1 mb-md-2\" href=\"https:\/\/www.jds.fr\/rouen\/manifestations\/atelier-comme-des-chefs-1120066_A\" rel=\"nofollow noopener\" target=\"_blank\">Atelier\u00a0: comme des chefs<\/a>Jusqu&rsquo;au 02\/07\/2026 Bosc-Gu\u00e9rard-Saint-AdrienLes enfants vont pouvoir s&rsquo;adonner aux joies de la p\u00e2tisserie apr\u00e8s la classe.\n<p>Ils vont pouvoir r\u00e9aliser de nouvelles recettes chaque semaine, d\u00e9couvrir de nouveaux [\u2026]<a class=\"image\" href=\"https:\/\/www.jds.fr\/rouen\/manifestations\/atelier-comme-des-chefs-1120066_A\" rel=\"nofollow noopener\" target=\"_blank\"><img decoding=\"async\" loading=\"lazy\" src=\"https:\/\/www.europesays.com\/fr\/wp-content\/uploads\/2025\/06\/1750663688_902_manifestations-image-d-illustration-ia-canva-453562-180-180.webp.webp\" width=\"180\" height=\"180\" alt=\"Atelier : comme des chefs\" class=\"border\"\/><\/a><\/li>\n<li class=\"li_gp_div li_gp_div_infeed\"\/>\n<li class=\"col-12 pt-4\" data-view-id-type=\"1\" data-view-id=\"1179859\" data-view-bc=\"0\"><a class=\"d-block titre text-black mb-1 mb-md-2\" href=\"https:\/\/www.jds.fr\/rouen\/manifestations\/concours-photos-cailly-patrimoine-vivant-1179859_A\" rel=\"nofollow noopener\" target=\"_blank\">Concours photos Cailly Patrimoine vivant<\/a>Jusqu&rsquo;au 15\/11\/2025 Cailly<br \/>\nLancement officiel du Concours Photo de Cailly Patrimoine Vivant\u00a0!<br \/>\n\u00c0 l\u2019occasion des Journ\u00e9es du Patrimoine, nous vous donnons rendez-vous dimanche 21 septembre \u00e0 15h \u00e0 [\u2026]<a class=\"image\" href=\"https:\/\/www.jds.fr\/rouen\/manifestations\/concours-photos-cailly-patrimoine-vivant-1179859_A\" rel=\"nofollow noopener\" target=\"_blank\"><img decoding=\"async\" loading=\"lazy\" src=\"https:\/\/www.europesays.com\/fr\/wp-content\/uploads\/2025\/06\/1750663688_902_manifestations-image-d-illustration-ia-canva-453562-180-180.webp.webp\" width=\"180\" height=\"180\" alt=\"Concours photos Cailly Patrimoine vivant\" class=\"border\"\/><\/a><\/li>\n<li class=\"col-12 pt-4\" data-view-id-type=\"1\" data-view-id=\"1124390\" data-view-bc=\"0\"><a class=\"d-block titre text-black mb-1 mb-md-2\" href=\"https:\/\/www.jds.fr\/rouen\/manifestations\/cours-art-plastiques-et-peinture-1124390_A\" rel=\"nofollow noopener\" target=\"_blank\">Cours art plastiques et peinture<\/a>Jusqu&rsquo;au 01\/07\/2026 Buchy<br \/>\nCours de dessin &amp; peinture \u00e0 BUCHY, chaque mercredi d\u00e8s le 10 septembre (hors vacances scolaires)\u00a0:<\/p>\n<p>    15h15 \u00e0 16h15 &#8211; 4 \u00e0 10 ans avec Ysabelle Roby-P\u00e9trel<br \/>\n    16h30 [\u2026]<a class=\"image\" href=\"https:\/\/www.jds.fr\/rouen\/manifestations\/cours-art-plastiques-et-peinture-1124390_A\" rel=\"nofollow noopener\" target=\"_blank\"><img decoding=\"async\" loading=\"lazy\" src=\"https:\/\/www.europesays.com\/fr\/wp-content\/uploads\/2025\/06\/1750663688_902_manifestations-image-d-illustration-ia-canva-453562-180-180.webp.webp\" width=\"180\" height=\"180\" alt=\"Cours art plastiques et peinture\" class=\"border\"\/><\/a><\/li>\n<li class=\"col-12 pt-4\" data-view-id-type=\"1\" data-view-id=\"1155379\" data-view-bc=\"0\"><a class=\"d-block titre text-black mb-1 mb-md-2\" href=\"https:\/\/www.jds.fr\/rouen\/manifestations\/visites\/visite-commentee-les-ruines-romantiques-1155379_A\" rel=\"nofollow noopener\" target=\"_blank\">Visite comment\u00e9e &#8211; Les ruines romantiques<\/a>Jusqu&rsquo;au 06\/12\/2025 Jumi\u00e8ges<br \/>\nLes ruines romantiques de l\u2019abbaye de Jumi\u00e8ges<\/p>\n<p>Le XIXe si\u00e8cle occupe une place importante pour le site, car que l\u2019on soit sp\u00e9cialiste ou n\u00e9ophyte, on ressent un [\u2026]<a class=\"image\" href=\"https:\/\/www.jds.fr\/rouen\/manifestations\/visites\/visite-commentee-les-ruines-romantiques-1155379_A\" rel=\"nofollow noopener\" target=\"_blank\"><img decoding=\"async\" loading=\"lazy\" src=\"https:\/\/www.europesays.com\/fr\/wp-content\/uploads\/2025\/06\/1750663687_222_visite-guidee-141572-180-180.webp.webp\" width=\"180\" height=\"180\" alt=\"Visite comment\u00e9e - Les ruines romantiques\" class=\"border\"\/><\/a><\/li>\n<li class=\"col-12 pt-4\" data-view-id-type=\"1\" data-view-id=\"1230090\" data-view-bc=\"0\"><a class=\"image\" href=\"https:\/\/www.jds.fr\/rouen\/manifestations\/robotique-et-programmation-a-la-maison-forestiere-des-hogues-1230090_A\" rel=\"nofollow noopener\" target=\"_blank\"><img decoding=\"async\" loading=\"lazy\" src=\"https:\/\/www.europesays.com\/fr\/wp-content\/uploads\/2025\/06\/1750663688_902_manifestations-image-d-illustration-ia-canva-453562-180-180.webp.webp\" width=\"180\" height=\"180\" alt=\"Robotique et Programmation \u00e0 la maison foresti\u00e8re des Hogues\" class=\"border\"\/><\/a><\/li>\n<li class=\"li_gp_div li_gp_div_infeed\"\/>\n<li class=\"col-12 pt-4\" data-view-id-type=\"1\" data-view-id=\"1235249\" data-view-bc=\"0\"><a class=\"d-block titre text-black mb-1 mb-md-2\" href=\"https:\/\/www.jds.fr\/rouen\/manifestations\/conferences\/le-radeau-de-la-meduse-1235249_A\" rel=\"nofollow noopener\" target=\"_blank\">Le Radeau de La M\u00e9duse<\/a>Le 17\/11\/2025 RyDans le cadre du Festival NOVEMBRE EN NORMANDIE, soir\u00e9e th\u00e9\u00e2trale \u00e0 la salle des f\u00eates de RY.<br \/>\nAu programme\u00a0:<\/p>\n<p>LE RADEAU DE LA M\u00c9DUSE. D\u2019Alexandre Delimoges, [\u2026]<a class=\"image\" href=\"https:\/\/www.jds.fr\/rouen\/manifestations\/conferences\/le-radeau-de-la-meduse-1235249_A\" rel=\"nofollow noopener\" target=\"_blank\"><img decoding=\"async\" loading=\"lazy\" src=\"https:\/\/www.europesays.com\/fr\/wp-content\/uploads\/2025\/07\/conference-microphone-orateur-sujet-divers-127046-180-180.webp.webp\" width=\"180\" height=\"180\" alt=\"Le Radeau de La M\u00e9duse\" class=\"border\"\/><\/a><\/li>\n<li class=\"col-12 pt-4\" data-view-id-type=\"1\" data-view-id=\"1223541\" data-view-bc=\"0\"><a class=\"image\" href=\"https:\/\/www.jds.fr\/rouen\/manifestations\/conferences\/rencontres-histoire-et-patrimoine-en-normandie-i-l-impressionnisme-en-normandie-et-david-hockney-1223541_A\" rel=\"nofollow noopener\" target=\"_blank\"><img decoding=\"async\" loading=\"lazy\" src=\"https:\/\/www.europesays.com\/fr\/wp-content\/uploads\/2025\/07\/conference-microphone-orateur-sujet-divers-127046-180-180.webp.webp\" width=\"180\" height=\"180\" alt=\"Rencontres Histoire et Patrimoine en Normandie I L\u2019impressionnisme en Normandie et David Hockney\" class=\"border\"\/><\/a><\/li>\n<li class=\"col-12 pt-4\" data-view-id-type=\"1\" data-view-id=\"1188353\" data-view-bc=\"0\"><a class=\"image\" href=\"https:\/\/www.jds.fr\/rouen\/manifestations\/conferences\/le-radeau-de-la-meduse-festival-novembre-en-normandie-1188353_A\" rel=\"nofollow noopener\" target=\"_blank\"><img decoding=\"async\" loading=\"lazy\" src=\"https:\/\/www.europesays.com\/fr\/wp-content\/uploads\/2025\/07\/conference-microphone-orateur-sujet-divers-127046-180-180.webp.webp\" width=\"180\" height=\"180\" alt=\"Le Radeau de la M\u00e9duse - Festival Novembre en Normandie\" class=\"border\"\/><\/a><\/li>\n<li class=\"col-12 pt-4\" data-view-id-type=\"1\" data-view-id=\"1247704\" data-view-bc=\"0\"><a class=\"image\" href=\"https:\/\/www.jds.fr\/rouen\/manifestations\/conferences\/jeudi-du-savoir-comme-au-spectacle-la-peinture-et-le-theatre-xvi-xixeme-siecle-1247704_A\" rel=\"nofollow noopener\" target=\"_blank\"><img decoding=\"async\" loading=\"lazy\" src=\"https:\/\/www.europesays.com\/fr\/wp-content\/uploads\/2025\/07\/conference-microphone-orateur-sujet-divers-127046-180-180.webp.webp\" width=\"180\" height=\"180\" alt=\"Jeudi du savoir Comme au spectacle : La peinture et le th\u00e9\u00e2tre (XVI-XIX\u00e8me si\u00e8cle)\" class=\"border\"\/><\/a><\/li>\n<li class=\"li_gp_div li_gp_div_infeed\"\/>\n<li class=\"col-12 pt-4\" data-view-id-type=\"1\" data-view-id=\"1239667\" data-view-bc=\"0\"><a class=\"image\" href=\"https:\/\/www.jds.fr\/rouen\/manifestations\/conferences\/journee-d-etude-louis-le-masson-et-francois-masson-1239667_A\" rel=\"nofollow noopener\" target=\"_blank\"><img decoding=\"async\" loading=\"lazy\" src=\"https:\/\/www.europesays.com\/fr\/wp-content\/uploads\/2025\/07\/conference-microphone-orateur-sujet-divers-127046-180-180.webp.webp\" width=\"180\" height=\"180\" alt=\"Journ\u00e9e d'\u00e9tude \u00ab Louis Le Masson et Fran\u00e7ois Masson \u00bb\" class=\"border\"\/><\/a><\/li>\n<li class=\"col-12 pt-4\" data-view-id-type=\"1\" data-view-id=\"1247701\" data-view-bc=\"0\"><a class=\"image\" href=\"https:\/\/www.jds.fr\/rouen\/manifestations\/conferences\/jeudi-du-savoir-l-eugenisme-et-le-nazisme-l-aktion-t4-et-l-elimination-des-handicapes-1247701_A\" rel=\"nofollow noopener\" target=\"_blank\"><img decoding=\"async\" loading=\"lazy\" src=\"https:\/\/www.europesays.com\/fr\/wp-content\/uploads\/2025\/07\/conference-microphone-orateur-sujet-divers-127046-180-180.webp.webp\" width=\"180\" height=\"180\" alt=\"Jeudi du savoir L\u2019eug\u00e9nisme et le nazisme, l'aktion T4 et l'\u00e9limination des handicap\u00e9s\" class=\"border\"\/><\/a><\/li>\n<li class=\"col-12 pt-4\" data-view-id-type=\"1\" data-view-id=\"1246949\" data-view-bc=\"0\"><a class=\"image\" href=\"https:\/\/www.jds.fr\/rouen\/manifestations\/conferences\/conference-de-l-institut-europeen-des-jardins-et-paysages-1246949_A\" rel=\"nofollow noopener\" target=\"_blank\"><img decoding=\"async\" loading=\"lazy\" src=\"https:\/\/www.europesays.com\/fr\/wp-content\/uploads\/2025\/07\/conference-microphone-orateur-sujet-divers-127046-180-180.webp.webp\" width=\"180\" height=\"180\" alt=\"Conf\u00e9rence de l'Institut Europ\u00e9en des Jardins et Paysages\" class=\"border\"\/><\/a><\/li>\n<li class=\"col-12 pt-4\" data-view-id-type=\"1\" data-view-id=\"1247715\" data-view-bc=\"0\"><a class=\"d-block titre text-black mb-1 mb-md-2\" href=\"https:\/\/www.jds.fr\/rouen\/manifestations\/soiree-dansante-1247715_A\" rel=\"nofollow noopener\" target=\"_blank\">Soir\u00e9e dansante<\/a>Le 06\/12\/2025 RoumareSoir\u00e9e dansante au profit du T\u00e9l\u00e9thon avec MUSIC BY VANDY\u00a0!<br \/>\nRoumare Animation Village et Solidarit\u00e9 R\u00e9fugi\u00e9s Roumare sont fiers de vous convier \u00e0 leur grande soir\u00e9e [\u2026]<a class=\"image\" href=\"https:\/\/www.jds.fr\/rouen\/manifestations\/soiree-dansante-1247715_A\" rel=\"nofollow noopener\" target=\"_blank\"><img decoding=\"async\" loading=\"lazy\" src=\"https:\/\/www.europesays.com\/fr\/wp-content\/uploads\/2025\/06\/1750663688_902_manifestations-image-d-illustration-ia-canva-453562-180-180.webp.webp\" width=\"180\" height=\"180\" alt=\"Soir\u00e9e dansante\" class=\"border\"\/><\/a><\/li>\n<li class=\"li_gp_div li_gp_div_infeed\"\/>\n<li class=\"col-12 pt-4\" data-view-id-type=\"1\" data-view-id=\"1247708\" data-view-bc=\"0\"><a class=\"image\" href=\"https:\/\/www.jds.fr\/rouen\/manifestations\/conferences\/jeudi-du-savoir-faire-vivre-le-patrimoine-scientifique-local-1247708_A\" rel=\"nofollow noopener\" target=\"_blank\"><img decoding=\"async\" loading=\"lazy\" src=\"https:\/\/www.europesays.com\/fr\/wp-content\/uploads\/2025\/07\/conference-microphone-orateur-sujet-divers-127046-180-180.webp.webp\" width=\"180\" height=\"180\" alt=\"Jeudi du savoir Faire vivre le patrimoine scientifique local\" class=\"border\"\/><\/a><\/li>\n<\/ul>\n<p class=\"mt-0 mb-3 h2\">Newsletter JDS Rouen<\/p>\n<p class=\"font-size-18 fw-normal lh-sm\">Pr\u00eat pour un week-end de folie\u00a0? Chaque jeudi tous les bons plans sorties<\/p>\n<p>    <a class=\"gp_div_clic_event\" data-id=\"3968\" rel=\"nofollow noopener\" href=\"https:\/\/www.jds.fr\/scripts\/gp_div_clic.php?redirection&amp;id=3968&amp;format=29\" target=\"_blank\"><img decoding=\"async\" loading=\"lazy\" src=\"https:\/\/www.europesays.com\/fr\/wp-content\/uploads\/2025\/11\/macif-300-600.jpg\" alt=\"Publicit\u00e9\" border=\"0\" width=\"300\"\/><\/a><\/p>\n","protected":false},"excerpt":{"rendered":"Le 19\/03\/2026 Biblioth\u00e8que municipale Pierre Claise, Place de la Libert\u00e9 | Roumare NC Solidarit\u00e9 R\u00e9fugi\u00e9s Roumare vous propose&hellip;\n","protected":false},"author":2,"featured_media":40537,"comment_status":"","ping_status":"","sticky":false,"template":"","format":"standard","meta":{"footnotes":""},"categories":[9587],"tags":[1111,11,1777,674,1011,27,12,5161,25,9590],"class_list":{"0":"post-526226","1":"post","2":"type-post","3":"status-publish","4":"format-standard","5":"has-post-thumbnail","7":"category-rouen","8":"tag-actu","9":"tag-actualites","10":"tag-eu","11":"tag-europe","12":"tag-fr","13":"tag-france","14":"tag-news","15":"tag-normandie","16":"tag-republique-francaise","17":"tag-rouen"},"share_on_mastodon":{"url":"https:\/\/pubeurope.com\/@fr\/115528753448037882","error":""},"_links":{"self":[{"href":"https:\/\/www.europesays.com\/fr\/wp-json\/wp\/v2\/posts\/526226","targetHints":{"allow":["GET"]}}],"collection":[{"href":"https:\/\/www.europesays.com\/fr\/wp-json\/wp\/v2\/posts"}],"about":[{"href":"https:\/\/www.europesays.com\/fr\/wp-json\/wp\/v2\/types\/post"}],"author":[{"embeddable":true,"href":"https:\/\/www.europesays.com\/fr\/wp-json\/wp\/v2\/users\/2"}],"replies":[{"embeddable":true,"href":"https:\/\/www.europesays.com\/fr\/wp-json\/wp\/v2\/comments?post=526226"}],"version-history":[{"count":0,"href":"https:\/\/www.europesays.com\/fr\/wp-json\/wp\/v2\/posts\/526226\/revisions"}],"wp:featuredmedia":[{"embeddable":true,"href":"https:\/\/www.europesays.com\/fr\/wp-json\/wp\/v2\/media\/40537"}],"wp:attachment":[{"href":"https:\/\/www.europesays.com\/fr\/wp-json\/wp\/v2\/media?parent=526226"}],"wp:term":[{"taxonomy":"category","embeddable":true,"href":"https:\/\/www.europesays.com\/fr\/wp-json\/wp\/v2\/categories?post=526226"},{"taxonomy":"post_tag","embeddable":true,"href":"https:\/\/www.europesays.com\/fr\/wp-json\/wp\/v2\/tags?post=526226"}],"curies":[{"name":"wp","href":"https:\/\/api.w.org\/{rel}","templated":true}]}}