{"id":526227,"date":"2025-11-11T02:40:25","date_gmt":"2025-11-11T02:40:25","guid":{"rendered":"https:\/\/www.europesays.com\/fr\/526227\/"},"modified":"2025-11-11T02:40:25","modified_gmt":"2025-11-11T02:40:25","slug":"metropole-de-grenoble-accident-ou-agression-un-adolescent-retrouve-tres-gravement-blesse-a-echirolles","status":"publish","type":"post","link":"https:\/\/www.europesays.com\/fr\/526227\/","title":{"rendered":"M\u00e9tropole de Grenoble. Accident ou agression\u00a0? Un adolescent retrouv\u00e9 tr\u00e8s gravement bless\u00e9 \u00e0 \u00c9chirolles"},"content":{"rendered":"<p>Un adolescent de 17 ans a \u00e9t\u00e9 retrouv\u00e9 tr\u00e8s gravement bless\u00e9 \u00e0 la t\u00eate sur l\u2019avenue des \u00c9tats-G\u00e9n\u00e9raux, \u00e0 \u00c9chirolles, dans la nuit de vendredi \u00e0 samedi, apprend Le Dauphin\u00e9 Lib\u00e9r\u00e9 de sources concordantes ce lundi.<\/p>\n<p>Pronostic vital \u00e9tant engag\u00e9<\/p>\n<p>Selon les premi\u00e8res informations, le jeune gar\u00e7on, qui circulait \u00e0 trottinette, a quitt\u00e9 son domicile d\u2019Eybens en d\u00e9but de soir\u00e9e pour se rendre chez une amie au Pont-de-Claix, commune dont il est reparti vers 0\u00a0h\u00a030. Peu avant 0\u00a0h\u00a045, il a \u00e9t\u00e9 d\u00e9couvert inconscient en pleine voie, sur l\u2019avenue des \u00c9tats-G\u00e9n\u00e9raux, et sa trottinette avait disparu.\u00a0Il a \u00e9t\u00e9 secouru par les sapeurs-pompiers et le Samu et transport\u00e9 au CHU Grenoble Alpes, son pronostic vital \u00e9tant engag\u00e9.<\/p>\n<p>On ignore \u00e0 l\u2019heure actuelle s\u2019il a \u00e9t\u00e9 victime d\u2019un accident alors qu\u2019il circulait \u00e0 trottinette, cette derni\u00e8re \u00e9tant alors vol\u00e9e apr\u00e8s le choc, ou s\u2019il a \u00e9t\u00e9 victime d\u2019une agression. Les services de police ont ouvert une enqu\u00eate pour d\u00e9terminer les circonstances exactes du drame.<\/p>\n","protected":false},"excerpt":{"rendered":"Un adolescent de 17 ans a \u00e9t\u00e9 retrouv\u00e9 tr\u00e8s gravement bless\u00e9 \u00e0 la t\u00eate sur l\u2019avenue des \u00c9tats-G\u00e9n\u00e9raux,&hellip;\n","protected":false},"author":2,"featured_media":526228,"comment_status":"","ping_status":"","sticky":false,"template":"","format":"standard","meta":{"footnotes":""},"categories":[9566],"tags":[1111,11,2430,9852,9853,112,1777,674,274,107,1011,27,2731,108,12,25],"class_list":{"0":"post-526227","1":"post","2":"type-post","3":"status-publish","4":"format-standard","5":"has-post-thumbnail","7":"category-grenoble","8":"tag-actu","9":"tag-actualites","10":"tag-auvergne-rhone-alpes","11":"tag-echirolles","12":"tag-echirolles-bassin","13":"tag-edition-grenoble-agglomeration","14":"tag-eu","15":"tag-europe","16":"tag-faits-divers-justice","17":"tag-fil-info","18":"tag-fr","19":"tag-france","20":"tag-grenoble","21":"tag-isere","22":"tag-news","23":"tag-republique-francaise"},"share_on_mastodon":{"url":"https:\/\/pubeurope.com\/@fr\/115528756308357028","error":""},"_links":{"self":[{"href":"https:\/\/www.europesays.com\/fr\/wp-json\/wp\/v2\/posts\/526227","targetHints":{"allow":["GET"]}}],"collection":[{"href":"https:\/\/www.europesays.com\/fr\/wp-json\/wp\/v2\/posts"}],"about":[{"href":"https:\/\/www.europesays.com\/fr\/wp-json\/wp\/v2\/types\/post"}],"author":[{"embeddable":true,"href":"https:\/\/www.europesays.com\/fr\/wp-json\/wp\/v2\/users\/2"}],"replies":[{"embeddable":true,"href":"https:\/\/www.europesays.com\/fr\/wp-json\/wp\/v2\/comments?post=526227"}],"version-history":[{"count":0,"href":"https:\/\/www.europesays.com\/fr\/wp-json\/wp\/v2\/posts\/526227\/revisions"}],"wp:featuredmedia":[{"embeddable":true,"href":"https:\/\/www.europesays.com\/fr\/wp-json\/wp\/v2\/media\/526228"}],"wp:attachment":[{"href":"https:\/\/www.europesays.com\/fr\/wp-json\/wp\/v2\/media?parent=526227"}],"wp:term":[{"taxonomy":"category","embeddable":true,"href":"https:\/\/www.europesays.com\/fr\/wp-json\/wp\/v2\/categories?post=526227"},{"taxonomy":"post_tag","embeddable":true,"href":"https:\/\/www.europesays.com\/fr\/wp-json\/wp\/v2\/tags?post=526227"}],"curies":[{"name":"wp","href":"https:\/\/api.w.org\/{rel}","templated":true}]}}