{"id":526229,"date":"2025-11-11T02:41:23","date_gmt":"2025-11-11T02:41:23","guid":{"rendered":"https:\/\/www.europesays.com\/fr\/526229\/"},"modified":"2025-11-11T02:41:23","modified_gmt":"2025-11-11T02:41:23","slug":"ils-volaient-les-motos-des-touristes-dans-les-stations-de-ski-2","status":"publish","type":"post","link":"https:\/\/www.europesays.com\/fr\/526229\/","title":{"rendered":"ils volaient les motos des touristes dans les stations de ski"},"content":{"rendered":"<p itemprop=\"description\"><strong>Le gang s\u00e9vissait dans les stations de ski alpines.<\/strong><\/p>\n<p>Quatre individus ont \u00e9t\u00e9 interpell\u00e9s la semaine derni\u00e8re et sont soup\u00e7onn\u00e9s d&rsquo;avoir vol\u00e9 une trentaine de motos depuis cet \u00e9t\u00e9. Ils ciblaient les parkings d&rsquo;h\u00f4tel, notamment \u00e0 l&rsquo;Alpe d&rsquo;Huez pour d\u00e9rober des grosses cylindr\u00e9es comme des BMW GS qui appartenaient \u00e0 des touristes \u00e9trangers.<\/p>\n<p>Les deux-roues estim\u00e9s \u00e0 25 000 euros \u00e9taient charg\u00e9s dans une camionnette puis revendus.<\/p>\n<p>Selon le Dauphin\u00e9 Lib\u00e9r\u00e9, trois des quatre jeunes suspects ont \u00e9t\u00e9 \u00e9crou\u00e9s suite \u00e0 leur mise en examen. Et le dernier a \u00e9t\u00e9 laiss\u00e9 libre sous contr\u00f4le judiciaire.<\/p>\n<p>Leur proc\u00e8s devrait se tenir \u00e0 Grenoble d&rsquo;ici la fin de l&rsquo;ann\u00e9e.<\/p>\n","protected":false},"excerpt":{"rendered":"Le gang s\u00e9vissait dans les stations de ski alpines. Quatre individus ont \u00e9t\u00e9 interpell\u00e9s la semaine derni\u00e8re et&hellip;\n","protected":false},"author":2,"featured_media":524824,"comment_status":"","ping_status":"","sticky":false,"template":"","format":"standard","meta":{"footnotes":""},"categories":[9566],"tags":[1111,11,2813,2430,1109,251,1112,2811,1777,674,118,1011,27,21780,2731,14004,1922,1110,1114,108,12,316,25,2812,517,800],"class_list":{"0":"post-526229","1":"post","2":"type-post","3":"status-publish","4":"format-standard","5":"has-post-thumbnail","7":"category-grenoble","8":"tag-actu","9":"tag-actualites","10":"tag-article","11":"tag-auvergne-rhone-alpes","12":"tag-breves","13":"tag-culture","14":"tag-depeches","15":"tag-economique","16":"tag-eu","17":"tag-europe","18":"tag-faits-divers","19":"tag-fr","20":"tag-france","21":"tag-gf38","22":"tag-grenoble","23":"tag-grenoblemag","24":"tag-info","25":"tag-informations","26":"tag-infos","27":"tag-isere","28":"tag-news","29":"tag-politique","30":"tag-republique-francaise","31":"tag-sociale","32":"tag-sport","33":"tag-transports"},"share_on_mastodon":{"url":"https:\/\/pubeurope.com\/@fr\/115528760325158027","error":""},"_links":{"self":[{"href":"https:\/\/www.europesays.com\/fr\/wp-json\/wp\/v2\/posts\/526229","targetHints":{"allow":["GET"]}}],"collection":[{"href":"https:\/\/www.europesays.com\/fr\/wp-json\/wp\/v2\/posts"}],"about":[{"href":"https:\/\/www.europesays.com\/fr\/wp-json\/wp\/v2\/types\/post"}],"author":[{"embeddable":true,"href":"https:\/\/www.europesays.com\/fr\/wp-json\/wp\/v2\/users\/2"}],"replies":[{"embeddable":true,"href":"https:\/\/www.europesays.com\/fr\/wp-json\/wp\/v2\/comments?post=526229"}],"version-history":[{"count":0,"href":"https:\/\/www.europesays.com\/fr\/wp-json\/wp\/v2\/posts\/526229\/revisions"}],"wp:featuredmedia":[{"embeddable":true,"href":"https:\/\/www.europesays.com\/fr\/wp-json\/wp\/v2\/media\/524824"}],"wp:attachment":[{"href":"https:\/\/www.europesays.com\/fr\/wp-json\/wp\/v2\/media?parent=526229"}],"wp:term":[{"taxonomy":"category","embeddable":true,"href":"https:\/\/www.europesays.com\/fr\/wp-json\/wp\/v2\/categories?post=526229"},{"taxonomy":"post_tag","embeddable":true,"href":"https:\/\/www.europesays.com\/fr\/wp-json\/wp\/v2\/tags?post=526229"}],"curies":[{"name":"wp","href":"https:\/\/api.w.org\/{rel}","templated":true}]}}